{"id":10836,"date":"2026-03-05T09:00:00","date_gmt":"2026-03-05T08:00:00","guid":{"rendered":"https:\/\/costablanca-magazin.com\/?p=10836"},"modified":"2026-04-30T07:30:27","modified_gmt":"2026-04-30T05:30:27","slug":"obras-en-la-costa-blanca-trabajos-laboura-reconocimiento-2026","status":"publish","type":"post","link":"https:\/\/costablanca-magazin.com\/es\/lokales\/business-service\/arbeit-an-der-costa-blanca-jobs-labora-anerkennung-2026\/","title":{"rendered":"Trabajo en la Costa Blanca - Empleo, Labora, Reconocimiento 2026"},"content":{"rendered":"<div data-elementor-type=\"wp-post\" data-elementor-id=\"10836\" class=\"elementor elementor-10836\" data-elementor-post-type=\"post\">\n\t\t\t\t<div class=\"elementor-element elementor-element-6b5a81a e-flex e-con-boxed e-con e-parent\" data-id=\"6b5a81a\" data-element_type=\"container\" data-e-type=\"container\">\n\t\t\t\t\t<div class=\"e-con-inner\">\n\t\t\t\t<div class=\"elementor-element elementor-element-bab319b elementor-widget elementor-widget-heading\" data-id=\"bab319b\" data-element_type=\"widget\" data-e-type=\"widget\" data-widget_type=\"heading.default\">\n\t\t\t\t<div class=\"elementor-widget-container\">\n\t\t\t\t\t<h1 class=\"elementor-heading-title elementor-size-default\">Encontrar trabajo en la Costa Blanca: Empleo, Labora, Reconocimiento 2026<\/h1>\t\t\t\t<\/div>\n\t\t\t\t<\/div>\n\t\t\t\t<div class=\"elementor-element elementor-element-fe8861c elementor-widget elementor-widget-image\" data-id=\"fe8861c\" data-element_type=\"widget\" data-e-type=\"widget\" data-widget_type=\"image.default\">\n\t\t\t\t<div class=\"elementor-widget-container\">\n\t\t\t\t\t\t\t\t\t\t\t\t\t\t\t<img decoding=\"async\" src=\"https:\/\/costablanca-magazin.com\/wp-content\/uploads\/elementor\/thumbs\/bearded-developer-using-laptop-on-blue-with-websi-2024-11-18-12-57-15-utc-rjyrak74l75xwtgrqd8dvxinv59yrixjjd1tmndyn4.jpg\" title=\"Buscar trabajo Costa Blanca 2026: Encontrar trabajo de D\u00e9nia a La Zenia | Portale, Labora &amp; Recognition\" alt=\"Buscar trabajo Costa Blanca 2026: Encontrar trabajo de D\u00e9nia a La Zenia | Portale, Labora &amp; Recognition\" loading=\"lazy\" \/>\t\t\t\t\t\t\t\t\t\t\t\t\t\t\t<\/div>\n\t\t\t\t<\/div>\n\t\t\t\t<div class=\"elementor-element elementor-element-d55f146 elementor-widget elementor-widget-heading\" data-id=\"d55f146\" data-element_type=\"widget\" data-e-type=\"widget\" data-widget_type=\"heading.default\">\n\t\t\t\t<div class=\"elementor-widget-container\">\n\t\t\t\t\t<h2 class=\"elementor-heading-title elementor-size-default\">B\u00fasqueda de empleo en la Costa Blanca: Las mejores formas de encontrar trabajo entre D\u00e9nia y La Zenia - portales de empleo activos, Labora, redes y reconocimiento de cualificaciones.<\/h2>\t\t\t\t<\/div>\n\t\t\t\t<\/div>\n\t\t\t\t\t<\/div>\n\t\t\t\t<\/div>\n\t\t<div class=\"elementor-element elementor-element-348ddcd e-flex e-con-boxed e-con e-parent\" data-id=\"348ddcd\" data-element_type=\"container\" data-e-type=\"container\">\n\t\t\t\t\t<div class=\"e-con-inner\">\n\t\t<div class=\"elementor-element elementor-element-80545d8 e-con-full e-flex e-con e-child\" data-id=\"80545d8\" data-element_type=\"container\" data-e-type=\"container\">\n\t\t\t\t<div class=\"elementor-element elementor-element-63e4fa0 elementor-widget elementor-widget-text-editor\" data-id=\"63e4fa0\" data-element_type=\"widget\" data-e-type=\"widget\" data-widget_type=\"text-editor.default\">\n\t\t\t\t<div class=\"elementor-widget-container\">\n\t\t\t\t\t\t\t\t\t<p>Quien empieza una nueva carrera en la Costa Blanca se encuentra en un mercado heterog\u00e9neo. Entre <strong>D\u00e9nia<\/strong> en el norte y <strong>La Zenia<\/strong> En el sur, la estructura de la industria, la estacionalidad y la demanda son notablemente diferentes. Mientras que la restauraci\u00f3n, el sector inmobiliario y los servicios dominan en la Marina Alta, la hosteler\u00eda, el ocio y la construcci\u00f3n est\u00e1n fuertemente representados en la Marina Baixa. En el sur -alrededor de Orihuela Costa- ganan importancia los servicios internacionales, la administraci\u00f3n, la sanidad y la gesti\u00f3n inmobiliaria.<\/p><p><strong>Portales en l\u00ednea: <br \/><\/strong>Las plataformas de toda Espa\u00f1a siguen siendo la forma m\u00e1s importante de encontrar trabajo:<\/p><ul><li><strong>InfoJobs<\/strong> - Alta densidad de anuncios en Alicante, Benidorm, Torrevieja <a href=\"https:\/\/www.infojobs.net\/\" target=\"_blank\" rel=\"noopener\">https:\/\/www.infojobs.net\/<\/a><\/li><li><strong>De hecho Espa\u00f1a<\/strong> - Amplia cobertura sectorial, potentes funciones de filtrado <a href=\"https:\/\/es.indeed.com\/\" target=\"_blank\" rel=\"noopener\">https:\/\/es.indeed.com\/<\/a><\/li><li><strong>Trabajo hoy<\/strong> - Especialmente activo en restauraci\u00f3n, comercio minorista y alquiler a corto plazo<br \/><a href=\"https:\/\/jobtoday.com\/es\/landings\/touch-trial-v2?utm_source=google&amp;utm_medium=cpc&amp;utm_campaign=20312686011&amp;utm_content=154568654830&amp;utm_term=job%20today&amp;keyword_id=kwd-297987676951&amp;matchType=p&amp;ad_id=783529349455&amp;device=c&amp;adposition=&amp;gad_source=1&amp;gad_campaignid=20312686011&amp;gclid=CjwKCAiA2PrMBhA4EiwAwpHyC46j4P-Ic_ADsB1OIi1EEd6ZTDTdHEj_34NjG2ikAbgf7_JtpMqBdxoC41cQAvD_BwE\" target=\"_blank\" rel=\"noopener\">https:\/\/jobtoday.com\/es<\/a><\/li><li><strong>Turijobs<\/strong> - especializado en turismo y hosteler\u00eda<br \/><a href=\"https:\/\/www.turijobs.com\/es-es\" target=\"_blank\" rel=\"noopener\">https:\/\/www.turijobs.com\/es-es<\/a><\/li><\/ul><p><strong>Listas regionales de empleo y portales de b\u00fasqueda:<\/strong><\/p><ul><li><strong>thinkSPAIN - Empleo Costa Blanca y Alicante<\/strong><br \/>Resumen de ofertas de empleo espec\u00edficas para la Costa Blanca y Alicante (tambi\u00e9n con opciones de filtrado seg\u00fan el lugar de trabajo y los requisitos ling\u00fc\u00edsticos).<br \/><a href=\"https:\/\/www.thinkspain.com\/jobs-spain\" target=\"_blank\" rel=\"noopener\">https:\/\/www.thinkspain.com\/jobs-spain<\/a> \u00a0<\/li><li><strong>englishjobs.es - Empleo para angloparlantes (Alicante)<\/strong><br \/>Portal centrado en empleos de habla inglesa en Alicante y alrededores. <br \/><a href=\"https:\/\/englishjobs.es\/in\/alicante\" target=\"_blank\" rel=\"noopener\">https:\/\/englishjobs.es\/in\/alicante<\/a><\/li><li><strong>Puesto de trabajo en BayRadio<\/strong><br \/>Secci\u00f3n de empleo local en el sitio web de una emisora regional con vacantes de la regi\u00f3n de la Costa Blanca. <br \/><a href=\"https:\/\/www.bayradio.fm\/jobs\/\" target=\"_blank\" rel=\"noopener\">https:\/\/www.bayradio.fm\/jobs\/<\/a><\/li><li><strong>Grupo de Facebook \u201eS\u00d3LO TRABAJOS EN COSTA BLANCA\u201c<\/strong><br \/>Grupo comunitario en el que empresarios y candidatos locales comparten directamente ofertas de empleo, a menudo con poca antelaci\u00f3n y de forma at\u00edpica en los sitios web tradicionales. <br \/><a href=\"https:\/\/www.facebook.com\/groups\/COSTABLANCAJOBSONLY\/\" target=\"_blank\" rel=\"noopener\">https:\/\/www.facebook.com\/groups\/COSTABLANCAJOBSONLY\/<\/a><\/li><\/ul>\t\t\t\t\t\t\t\t<\/div>\n\t\t\t\t<\/div>\n\t\t\t\t<\/div>\n\t\t<div class=\"elementor-element elementor-element-df3d77c e-con-full e-flex e-con e-child\" data-id=\"df3d77c\" data-element_type=\"container\" data-e-type=\"container\">\n\t\t\t\t<div class=\"elementor-element elementor-element-bad8060 elementor-widget elementor-widget-text-editor\" data-id=\"bad8060\" data-element_type=\"widget\" data-e-type=\"widget\" data-widget_type=\"text-editor.default\">\n\t\t\t\t<div class=\"elementor-widget-container\">\n\t\t\t\t\t\t\t\t\t<p>El factor decisivo es la limitaci\u00f3n regional a lugares como Benidorm, Altea, Calpe, J\u00e1vea, Alicante u Orihuela Costa. Muchas empresas s\u00f3lo publican ofertas de empleo a nivel local.<\/p><p><strong>Labora: No subestime el registro oficial<br \/><\/strong>La instituci\u00f3n central es <strong>Labora<\/strong>, el servicio de empleo de la Comunidad Valenciana. La inscripci\u00f3n permite acceder a programas de apoyo, formaci\u00f3n continua y cursos de idiomas.<br \/>El registro merece la pena sobre todo para los residentes con perspectivas a largo plazo, tambi\u00e9n porque algunos empresarios prefieren a los solicitantes del registro oficial. <a href=\"https:\/\/labora.gva.es\/es\/\" target=\"_blank\" rel=\"noopener\">https:\/\/labora.gva.es\/es\/<\/a><\/p><p><strong>Contactos personales: Especialmente relevante en la franja costera<br \/><\/strong>A pesar de la digitalizaci\u00f3n, el contacto directo sigue siendo un factor importante. Las empresas m\u00e1s peque\u00f1as -desde constructoras y empresas de gesti\u00f3n inmobiliaria hasta consultas m\u00e9dicas- no suelen anunciar los puestos p\u00fablicamente.<br \/>Especialmente en la costa entre Altea, Benidorm y Torrevieja, las recomendaciones personales suelen funcionar m\u00e1s r\u00e1pido que los procedimientos formales de solicitud.<\/p><p><strong>Reconocimiento de cualificaciones: Obligatorio en las profesiones reguladas<br \/><\/strong>El reconocimiento oficial es un requisito imprescindible en la sanidad, la construcci\u00f3n, los servicios de seguridad o la educaci\u00f3n. Dependiendo del sector, el <strong>Ministerio de Educaci\u00f3n y Formaci\u00f3n Profesional<\/strong> o el <strong>Ministerio de Sanidad<\/strong>.<br \/>Los procedimientos son formales y largos: sin una solicitud temprana, la entrada se retrasa considerablemente.<\/p><p><strong>Tendencias del mercado en 2026: El multiling\u00fcismo como norma<br \/><\/strong>Entre D\u00e9nia y La Zenia, los equipos internacionales llevan mucho tiempo trabajando juntos de forma habitual. El espa\u00f1ol sigue siendo un requisito b\u00e1sico, el ingl\u00e9s es habitual en muchos sectores. El alem\u00e1n, el neerland\u00e9s o el escandinavo son claras ventajas competitivas a lo largo de la costa, sobre todo en los sectores inmobiliario, asistencial y de servicios.<\/p><p>El mercado laboral de la Costa Blanca no es un \u00e1rea homog\u00e9nea, sino un corredor costero con diferentes focos econ\u00f3micos. Quienes combinen portales online, registro laboral, redes personales y procedimientos formales de reconocimiento mejorar\u00e1n notablemente sus posibilidades -independientemente de si empiezan en la Marina Alta, la Marina Baixa o en la Costa Blanca Sur-.<\/p>\t\t\t\t\t\t\t\t<\/div>\n\t\t\t\t<\/div>\n\t\t\t\t<\/div>\n\t\t\t\t\t<\/div>\n\t\t\t\t<\/div>\n\t\t<div class=\"elementor-element elementor-element-df1267f e-flex e-con-boxed e-con e-parent\" data-id=\"df1267f\" data-element_type=\"container\" data-e-type=\"container\">\n\t\t\t\t\t<div class=\"e-con-inner\">\n\t\t\t\t<div class=\"elementor-element elementor-element-895290d elementor-share-buttons--view-icon elementor-share-buttons--shape-rounded elementor-share-buttons--skin-gradient elementor-grid-0 elementor-share-buttons--color-official elementor-widget elementor-widget-share-buttons\" data-id=\"895290d\" data-element_type=\"widget\" data-e-type=\"widget\" data-widget_type=\"share-buttons.default\">\n\t\t\t\t<div class=\"elementor-widget-container\">\n\t\t\t\t\t\t\t<div class=\"elementor-grid\" role=\"list\">\n\t\t\t\t\t\t\t\t<div class=\"elementor-grid-item\" role=\"listitem\">\n\t\t\t\t\t\t<div class=\"elementor-share-btn elementor-share-btn_facebook\" role=\"button\" tabindex=\"0\" aria-label=\"Compartir en facebook\">\n\t\t\t\t\t\t\t\t\t\t\t\t\t\t\t<span class=\"elementor-share-btn__icon\">\n\t\t\t\t\t\t\t\t<svg aria-hidden=\"true\" class=\"e-font-icon-svg e-fab-facebook\" viewbox=\"0 0 512 512\" xmlns=\"http:\/\/www.w3.org\/2000\/svg\"><path d=\"M504 256C504 119 393 8 256 8S8 119 8 256c0 123.78 90.69 226.38 209.25 245V327.69h-63V256h63v-54.64c0-62.15 37-96.48 93.67-96.48 27.14 0 55.52 4.84 55.52 4.84v61h-31.28c-30.8 0-40.41 19.12-40.41 38.73V256h68.78l-11 71.69h-57.78V501C413.31 482.38 504 379.78 504 256z\"><\/path><\/svg>\t\t\t\t\t\t\t<\/span>\n\t\t\t\t\t\t\t\t\t\t\t\t\t\t\t\t\t\t\t\t<\/div>\n\t\t\t\t\t<\/div>\n\t\t\t\t\t\t\t\t\t<div class=\"elementor-grid-item\" role=\"listitem\">\n\t\t\t\t\t\t<div class=\"elementor-share-btn elementor-share-btn_pinterest\" role=\"button\" tabindex=\"0\" aria-label=\"Compartir en pinterest\">\n\t\t\t\t\t\t\t\t\t\t\t\t\t\t\t<span class=\"elementor-share-btn__icon\">\n\t\t\t\t\t\t\t\t<svg aria-hidden=\"true\" class=\"e-font-icon-svg e-fab-pinterest\" viewbox=\"0 0 496 512\" xmlns=\"http:\/\/www.w3.org\/2000\/svg\"><path d=\"M496 256c0 137-111 248-248 248-25.6 0-50.2-3.9-73.4-11.1 10.1-16.5 25.2-43.5 30.8-65 3-11.6 15.4-59 15.4-59 8.1 15.4 31.7 28.5 56.8 28.5 74.8 0 128.7-68.8 128.7-154.3 0-81.9-66.9-143.2-152.9-143.2-107 0-163.9 71.8-163.9 150.1 0 36.4 19.4 81.7 50.3 96.1 4.7 2.2 7.2 1.2 8.3-3.3.8-3.4 5-20.3 6.9-28.1.6-2.5.3-4.7-1.7-7.1-10.1-12.5-18.3-35.3-18.3-56.6 0-54.7 41.4-107.6 112-107.6 60.9 0 103.6 41.5 103.6 100.9 0 67.1-33.9 113.6-78 113.6-24.3 0-42.6-20.1-36.7-44.8 7-29.5 20.5-61.3 20.5-82.6 0-19-10.2-34.9-31.4-34.9-24.9 0-44.9 25.7-44.9 60.2 0 22 7.4 36.8 7.4 36.8s-24.5 103.8-29 123.2c-5 21.4-3 51.6-.9 71.2C65.4 450.9 0 361.1 0 256 0 119 111 8 248 8s248 111 248 248z\"><\/path><\/svg>\t\t\t\t\t\t\t<\/span>\n\t\t\t\t\t\t\t\t\t\t\t\t\t\t\t\t\t\t\t\t<\/div>\n\t\t\t\t\t<\/div>\n\t\t\t\t\t\t\t\t\t<div class=\"elementor-grid-item\" role=\"listitem\">\n\t\t\t\t\t\t<div class=\"elementor-share-btn elementor-share-btn_x-twitter\" role=\"button\" tabindex=\"0\" aria-label=\"Compartir en x-twitter\">\n\t\t\t\t\t\t\t\t\t\t\t\t\t\t\t<span class=\"elementor-share-btn__icon\">\n\t\t\t\t\t\t\t\t<svg aria-hidden=\"true\" class=\"e-font-icon-svg e-fab-x-twitter\" viewbox=\"0 0 512 512\" xmlns=\"http:\/\/www.w3.org\/2000\/svg\"><path d=\"M389.2 48h70.6L305.6 224.2 487 464H345L233.7 318.6 106.5 464H35.8L200.7 275.5 26.8 48H172.4L272.9 180.9 389.2 48zM364.4 421.8h39.1L151.1 88h-42L364.4 421.8z\"><\/path><\/svg>\t\t\t\t\t\t\t<\/span>\n\t\t\t\t\t\t\t\t\t\t\t\t\t\t\t\t\t\t\t\t<\/div>\n\t\t\t\t\t<\/div>\n\t\t\t\t\t\t\t\t\t<div class=\"elementor-grid-item\" role=\"listitem\">\n\t\t\t\t\t\t<div class=\"elementor-share-btn elementor-share-btn_whatsapp\" role=\"button\" tabindex=\"0\" aria-label=\"Compartir en whatsapp\">\n\t\t\t\t\t\t\t\t\t\t\t\t\t\t\t<span class=\"elementor-share-btn__icon\">\n\t\t\t\t\t\t\t\t<svg aria-hidden=\"true\" class=\"e-font-icon-svg e-fab-whatsapp\" viewbox=\"0 0 448 512\" xmlns=\"http:\/\/www.w3.org\/2000\/svg\"><path d=\"M380.9 97.1C339 55.1 283.2 32 223.9 32c-122.4 0-222 99.6-222 222 0 39.1 10.2 77.3 29.6 111L0 480l117.7-30.9c32.4 17.7 68.9 27 106.1 27h.1c122.3 0 224.1-99.6 224.1-222 0-59.3-25.2-115-67.1-157zm-157 341.6c-33.2 0-65.7-8.9-94-25.7l-6.7-4-69.8 18.3L72 359.2l-4.4-7c-18.5-29.4-28.2-63.3-28.2-98.2 0-101.7 82.8-184.5 184.6-184.5 49.3 0 95.6 19.2 130.4 54.1 34.8 34.9 56.2 81.2 56.1 130.5 0 101.8-84.9 184.6-186.6 184.6zm101.2-138.2c-5.5-2.8-32.8-16.2-37.9-18-5.1-1.9-8.8-2.8-12.5 2.8-3.7 5.6-14.3 18-17.6 21.8-3.2 3.7-6.5 4.2-12 1.4-32.6-16.3-54-29.1-75.5-66-5.7-9.8 5.7-9.1 16.3-30.3 1.8-3.7.9-6.9-.5-9.7-1.4-2.8-12.5-30.1-17.1-41.2-4.5-10.8-9.1-9.3-12.5-9.5-3.2-.2-6.9-.2-10.6-.2-3.7 0-9.7 1.4-14.8 6.9-5.1 5.6-19.4 19-19.4 46.3 0 27.3 19.9 53.7 22.6 57.4 2.8 3.7 39.1 59.7 94.8 83.8 35.2 15.2 49 16.5 66.6 13.9 10.7-1.6 32.8-13.4 37.4-26.4 4.6-13 4.6-24.1 3.2-26.4-1.3-2.5-5-3.9-10.5-6.6z\"><\/path><\/svg>\t\t\t\t\t\t\t<\/span>\n\t\t\t\t\t\t\t\t\t\t\t\t\t\t\t\t\t\t\t\t<\/div>\n\t\t\t\t\t<\/div>\n\t\t\t\t\t\t\t\t\t<div class=\"elementor-grid-item\" role=\"listitem\">\n\t\t\t\t\t\t<div class=\"elementor-share-btn elementor-share-btn_email\" role=\"button\" tabindex=\"0\" aria-label=\"Compartir en email\">\n\t\t\t\t\t\t\t\t\t\t\t\t\t\t\t<span class=\"elementor-share-btn__icon\">\n\t\t\t\t\t\t\t\t<svg aria-hidden=\"true\" class=\"e-font-icon-svg e-fas-envelope\" viewbox=\"0 0 512 512\" xmlns=\"http:\/\/www.w3.org\/2000\/svg\"><path d=\"M502.3 190.8c3.9-3.1 9.7-.2 9.7 4.7V400c0 26.5-21.5 48-48 48H48c-26.5 0-48-21.5-48-48V195.6c0-5 5.7-7.8 9.7-4.7 22.4 17.4 52.1 39.5 154.1 113.6 21.1 15.4 56.7 47.8 92.2 47.6 35.7.3 72-32.8 92.3-47.6 102-74.1 131.6-96.3 154-113.7zM256 320c23.2.4 56.6-29.2 73.4-41.4 132.7-96.3 142.8-104.7 173.4-128.7 5.8-4.5 9.2-11.5 9.2-18.9v-19c0-26.5-21.5-48-48-48H48C21.5 64 0 85.5 0 112v19c0 7.4 3.4 14.3 9.2 18.9 30.6 23.9 40.7 32.4 173.4 128.7 16.8 12.2 50.2 41.8 73.4 41.4z\"><\/path><\/svg>\t\t\t\t\t\t\t<\/span>\n\t\t\t\t\t\t\t\t\t\t\t\t\t\t\t\t\t\t\t\t<\/div>\n\t\t\t\t\t<\/div>\n\t\t\t\t\t\t\t\t\t<div class=\"elementor-grid-item\" role=\"listitem\">\n\t\t\t\t\t\t<div class=\"elementor-share-btn elementor-share-btn_print\" role=\"button\" tabindex=\"0\" aria-label=\"Compartir en print\">\n\t\t\t\t\t\t\t\t\t\t\t\t\t\t\t<span class=\"elementor-share-btn__icon\">\n\t\t\t\t\t\t\t\t<svg aria-hidden=\"true\" class=\"e-font-icon-svg e-fas-print\" viewbox=\"0 0 512 512\" xmlns=\"http:\/\/www.w3.org\/2000\/svg\"><path d=\"M448 192V77.25c0-8.49-3.37-16.62-9.37-22.63L393.37 9.37c-6-6-14.14-9.37-22.63-9.37H96C78.33 0 64 14.33 64 32v160c-35.35 0-64 28.65-64 64v112c0 8.84 7.16 16 16 16h48v96c0 17.67 14.33 32 32 32h320c17.67 0 32-14.33 32-32v-96h48c8.84 0 16-7.16 16-16V256c0-35.35-28.65-64-64-64zm-64 256H128v-96h256v96zm0-224H128V64h192v48c0 8.84 7.16 16 16 16h48v96zm48 72c-13.25 0-24-10.75-24-24 0-13.26 10.75-24 24-24s24 10.74 24 24c0 13.25-10.75 24-24 24z\"><\/path><\/svg>\t\t\t\t\t\t\t<\/span>\n\t\t\t\t\t\t\t\t\t\t\t\t\t\t\t\t\t\t\t\t<\/div>\n\t\t\t\t\t<\/div>\n\t\t\t\t\t\t<\/div>\n\t\t\t\t\t\t<\/div>\n\t\t\t\t<\/div>\n\t\t\t\t<div class=\"elementor-element elementor-element-ed713f3 elementor-widget-divider--separator-type-pattern elementor-widget-divider--no-spacing elementor-widget-divider--view-line elementor-widget elementor-widget-divider\" data-id=\"ed713f3\" data-element_type=\"widget\" data-e-type=\"widget\" data-widget_type=\"divider.default\">\n\t\t\t\t<div class=\"elementor-widget-container\">\n\t\t\t\t\t\t\t<div class=\"elementor-divider\" style=\"--divider-pattern-url: url(&quot;data:image\/svg+xml,%3Csvg xmlns=&#039;http:\/\/www.w3.org\/2000\/svg&#039; preserveAspectRatio=&#039;xMidYMid meet&#039; overflow=&#039;visible&#039; height=&#039;100%&#039; viewBox=&#039;0 0 126 26&#039; fill=&#039;black&#039; stroke=&#039;none&#039;%3E%3Cpath d=&#039;M3,10.2c2.6,0,2.6,2,2.6,3.2S4.4,16.5,3,16.5s-3-1.4-3-3.2S0.4,10.2,3,10.2z M18.8,10.2c1.7,0,3.2,1.4,3.2,3.2s-1.4,3.2-3.2,3.2c-1.7,0-3.2-1.4-3.2-3.2S17,10.2,18.8,10.2z M34.6,10.2c1.5,0,2.6,1.4,2.6,3.2s-0.5,3.2-1.9,3.2c-1.5,0-3.4-1.4-3.4-3.2S33.1,10.2,34.6,10.2z M50.5,10.2c1.7,0,3.2,1.4,3.2,3.2s-1.4,3.2-3.2,3.2c-1.7,0-3.3-0.9-3.3-2.6S48.7,10.2,50.5,10.2z M66.2,10.2c1.5,0,3.4,1.4,3.4,3.2s-1.9,3.2-3.4,3.2c-1.5,0-2.6-0.4-2.6-2.1S64.8,10.2,66.2,10.2z M82.2,10.2c1.7,0.8,2.6,1.4,2.6,3.2s-0.1,3.2-1.6,3.2c-1.5,0-3.7-1.4-3.7-3.2S80.5,9.4,82.2,10.2zM98.6,10.2c1.5,0,2.6,0.4,2.6,2.1s-1.2,4.2-2.6,4.2c-1.5,0-3.7-0.4-3.7-2.1S97.1,10.2,98.6,10.2z M113.4,10.2c1.2,0,2.2,0.9,2.2,3.2s-0.1,3.2-1.3,3.2s-3.1-1.4-3.1-3.2S112.2,10.2,113.4,10.2z&#039;\/%3E%3C\/svg%3E&quot;);\">\n\t\t\t<span class=\"elementor-divider-separator\">\n\t\t\t\t\t\t<\/span>\n\t\t<\/div>\n\t\t\t\t\t\t<\/div>\n\t\t\t\t<\/div>\n\t\t\t\t<div class=\"elementor-element elementor-element-18dfaed elementor-grid-3 elementor-grid-tablet-2 elementor-grid-mobile-1 elementor-posts--thumbnail-top elementor-posts--show-avatar elementor-card-shadow-yes elementor-posts__hover-gradient elementor-widget elementor-widget-posts\" data-id=\"18dfaed\" data-element_type=\"widget\" data-e-type=\"widget\" data-settings=\"{&quot;cards_columns&quot;:&quot;3&quot;,&quot;cards_columns_tablet&quot;:&quot;2&quot;,&quot;cards_columns_mobile&quot;:&quot;1&quot;,&quot;cards_row_gap&quot;:{&quot;unit&quot;:&quot;px&quot;,&quot;size&quot;:35,&quot;sizes&quot;:[]},&quot;cards_row_gap_tablet&quot;:{&quot;unit&quot;:&quot;px&quot;,&quot;size&quot;:&quot;&quot;,&quot;sizes&quot;:[]},&quot;cards_row_gap_mobile&quot;:{&quot;unit&quot;:&quot;px&quot;,&quot;size&quot;:&quot;&quot;,&quot;sizes&quot;:[]}}\" data-widget_type=\"posts.cards\">\n\t\t\t\t<div class=\"elementor-widget-container\">\n\t\t\t\t\t\t\t<div class=\"elementor-posts-container elementor-posts elementor-posts--skin-cards elementor-grid\" role=\"list\">\n\t\t\t\t<article class=\"elementor-post elementor-grid-item post-9926 post type-post status-publish format-standard has-post-thumbnail hentry category-service-recht tag-ferienvermietung-spanien tag-immobiliensteuer-costa-blanca tag-modelo-210 tag-nicht-residenten-steuern-costa-blanca tag-nra-registrierung tag-steuererklaerung-nicht-residenten\" role=\"listitem\">\n\t\t\t<div class=\"elementor-post__card\">\n\t\t\t\t<a class=\"elementor-post__thumbnail__link\" href=\"https:\/\/costablanca-magazin.com\/es\/immobilien\/service-recht\/steuern-fuer-nicht-residenten-an-der-costa-blanca-2025-26\/\" tabindex=\"-1\" ><div class=\"elementor-post__thumbnail\"><img fetchpriority=\"high\" decoding=\"async\" width=\"300\" height=\"169\" src=\"https:\/\/costablanca-magazin.com\/wp-content\/uploads\/2025\/11\/property-investment-and-house-mortgage-financial-c-2025-03-08-19-55-48-utc-300x169.jpg\" class=\"attachment-medium size-medium wp-image-9964\" alt=\"Impuestos para no residentes en la Costa Blanca 2025\/26\" srcset=\"https:\/\/costablanca-magazin.com\/wp-content\/uploads\/2025\/11\/property-investment-and-house-mortgage-financial-c-2025-03-08-19-55-48-utc-300x169.jpg 300w, https:\/\/costablanca-magazin.com\/wp-content\/uploads\/2025\/11\/property-investment-and-house-mortgage-financial-c-2025-03-08-19-55-48-utc-1024x576.jpg 1024w, https:\/\/costablanca-magazin.com\/wp-content\/uploads\/2025\/11\/property-investment-and-house-mortgage-financial-c-2025-03-08-19-55-48-utc-768x432.jpg 768w, https:\/\/costablanca-magazin.com\/wp-content\/uploads\/2025\/11\/property-investment-and-house-mortgage-financial-c-2025-03-08-19-55-48-utc-1536x864.jpg 1536w, https:\/\/costablanca-magazin.com\/wp-content\/uploads\/2025\/11\/property-investment-and-house-mortgage-financial-c-2025-03-08-19-55-48-utc-18x10.jpg 18w\" sizes=\"(max-width: 300px) 100vw, 300px\" \/><\/div><\/a>\n\t\t\t\t<div class=\"elementor-post__badge\">Servicio y Derecho<\/div>\n\t\t\t\t<div class=\"elementor-post__avatar\">\n\t\t\t\t\t<\/div>\n\t\t\t\t<div class=\"elementor-post__text\">\n\t\t\t\t<h3 class=\"elementor-post__title\">\n\t\t\t<a href=\"https:\/\/costablanca-magazin.com\/es\/immobilien\/service-recht\/steuern-fuer-nicht-residenten-an-der-costa-blanca-2025-26\/\" >\n\t\t\t\tImpuestos para no residentes en la Costa Blanca 2025\/26\t\t\t<\/a>\n\t\t<\/h3>\n\t\t\t\t<div class=\"elementor-post__excerpt\">\n\t\t\t<p>Impuestos para no residentes en la Costa Blanca 2025\/26 Nuevas obligaciones para los propietarios: presentaci\u00f3n del Modelo 210, registro de viviendas vacacionales y<\/p>\n\t\t<\/div>\n\t\t\n\t\t<a class=\"elementor-post__read-more\" href=\"https:\/\/costablanca-magazin.com\/es\/immobilien\/service-recht\/steuern-fuer-nicht-residenten-an-der-costa-blanca-2025-26\/\" aria-label=\"M\u00e1s informaci\u00f3n sobre Steuern f\u00fcr Nicht-Residenten an der Costa Blanca 2025\/26\" tabindex=\"-1\" >\n\t\t\tLeer m\u00e1s \u00bb\t\t<\/a>\n\n\t\t\t\t<\/div>\n\t\t\t\t\t<\/div>\n\t\t<\/article>\n\t\t\t\t<article class=\"elementor-post elementor-grid-item post-8561 post type-post status-publish format-standard has-post-thumbnail hentry category-service-recht tag-altea-immobilien tag-calp-wohnungen tag-denia-immobilienmarkt tag-immobilien-costa-blanca-2 tag-immobilienpreise-2025 tag-javea-villen\" role=\"listitem\">\n\t\t\t<div class=\"elementor-post__card\">\n\t\t\t\t<a class=\"elementor-post__thumbnail__link\" href=\"https:\/\/costablanca-magazin.com\/es\/immobilien\/service-recht\/immobilien-marktuebersicht-costa-blanca-dynamik-preise-perspektiven\/\" tabindex=\"-1\" ><div class=\"elementor-post__thumbnail\"><img decoding=\"async\" width=\"300\" height=\"139\" src=\"https:\/\/costablanca-magazin.com\/wp-content\/uploads\/2025\/08\/Fotolia_50837082_L-1-e1756117602935-300x139.jpg\" class=\"attachment-medium size-medium wp-image-8577\" alt=\"Panorama del mercado: din\u00e1mica, precios y perspectivas entre D\u00e9nia y Villajoyosa\" srcset=\"https:\/\/costablanca-magazin.com\/wp-content\/uploads\/2025\/08\/Fotolia_50837082_L-1-e1756117602935-300x139.jpg 300w, https:\/\/costablanca-magazin.com\/wp-content\/uploads\/2025\/08\/Fotolia_50837082_L-1-e1756117602935-1024x474.jpg 1024w, https:\/\/costablanca-magazin.com\/wp-content\/uploads\/2025\/08\/Fotolia_50837082_L-1-e1756117602935-768x356.jpg 768w, https:\/\/costablanca-magazin.com\/wp-content\/uploads\/2025\/08\/Fotolia_50837082_L-1-e1756117602935.jpg 1216w\" sizes=\"(max-width: 300px) 100vw, 300px\" \/><\/div><\/a>\n\t\t\t\t<div class=\"elementor-post__badge\">Servicio y Derecho<\/div>\n\t\t\t\t<div class=\"elementor-post__avatar\">\n\t\t\t\t\t<\/div>\n\t\t\t\t<div class=\"elementor-post__text\">\n\t\t\t\t<h3 class=\"elementor-post__title\">\n\t\t\t<a href=\"https:\/\/costablanca-magazin.com\/es\/immobilien\/service-recht\/immobilien-marktuebersicht-costa-blanca-dynamik-preise-perspektiven\/\" >\n\t\t\t\tPanorama del mercado inmobiliario Costa Blanca - din\u00e1mica, precios y perspectivas\t\t\t<\/a>\n\t\t<\/h3>\n\t\t\t\t<div class=\"elementor-post__excerpt\">\n\t\t\t<p>Panorama general del mercado inmobiliario en la Costa Blanca: dinamismo, precios y perspectivas Entre las residencias secundarias exclusivas y la creciente presi\u00f3n sobre los alquileres: el mercado inmobiliario en la Marina Alta<\/p>\n\t\t<\/div>\n\t\t\n\t\t<a class=\"elementor-post__read-more\" href=\"https:\/\/costablanca-magazin.com\/es\/immobilien\/service-recht\/immobilien-marktuebersicht-costa-blanca-dynamik-preise-perspektiven\/\" aria-label=\"M\u00e1s informaci\u00f3n sobre Immobilien-Markt\u00fcbersicht Costa Blanca &#8211; Dynamik, Preise &amp; Perspektiven\" tabindex=\"-1\" >\n\t\t\tLeer m\u00e1s \u00bb\t\t<\/a>\n\n\t\t\t\t<\/div>\n\t\t\t\t\t<\/div>\n\t\t<\/article>\n\t\t\t\t<article class=\"elementor-post elementor-grid-item post-8516 post type-post status-publish format-standard has-post-thumbnail hentry category-service-recht tag-hausbau-costa-blanca tag-immobilien-2025 tag-immobilienmarkt-costa-blanca tag-kaufen-bauen-wohnen tag-marina-alta-immobilien tag-marina-baixa-immobilien\" role=\"listitem\">\n\t\t\t<div class=\"elementor-post__card\">\n\t\t\t\t<a class=\"elementor-post__thumbnail__link\" href=\"https:\/\/costablanca-magazin.com\/es\/immobilien\/service-recht\/immobilienmarkt-costa-blanca-2025-trends-fakten\/\" tabindex=\"-1\" ><div class=\"elementor-post__thumbnail\"><img decoding=\"async\" width=\"300\" height=\"200\" src=\"https:\/\/costablanca-magazin.com\/wp-content\/uploads\/2025\/08\/Fotolia_222402367_XL-300x200.jpg\" class=\"attachment-medium size-medium wp-image-8555\" alt=\"Mercado inmobiliario en la Costa Blanca en 2025: tendencias y datos\" srcset=\"https:\/\/costablanca-magazin.com\/wp-content\/uploads\/2025\/08\/Fotolia_222402367_XL-300x200.jpg 300w, https:\/\/costablanca-magazin.com\/wp-content\/uploads\/2025\/08\/Fotolia_222402367_XL-1024x683.jpg 1024w, https:\/\/costablanca-magazin.com\/wp-content\/uploads\/2025\/08\/Fotolia_222402367_XL-768x512.jpg 768w, https:\/\/costablanca-magazin.com\/wp-content\/uploads\/2025\/08\/Fotolia_222402367_XL-1536x1024.jpg 1536w, https:\/\/costablanca-magazin.com\/wp-content\/uploads\/2025\/08\/Fotolia_222402367_XL.jpg 1710w\" sizes=\"(max-width: 300px) 100vw, 300px\" \/><\/div><\/a>\n\t\t\t\t<div class=\"elementor-post__badge\">Servicio y Derecho<\/div>\n\t\t\t\t<div class=\"elementor-post__avatar\">\n\t\t\t\t\t<\/div>\n\t\t\t\t<div class=\"elementor-post__text\">\n\t\t\t\t<h3 class=\"elementor-post__title\">\n\t\t\t<a href=\"https:\/\/costablanca-magazin.com\/es\/immobilien\/service-recht\/immobilienmarkt-costa-blanca-2025-trends-fakten\/\" >\n\t\t\t\tCosta Blanca mercado inmobiliario 2025 - tendencias y hechos\t\t\t<\/a>\n\t\t<\/h3>\n\t\t\t\t<div class=\"elementor-post__excerpt\">\n\t\t\t<p>Mercado inmobiliario en la Costa Blanca en 2025: tendencias y datos Aumento de los precios, nuevas leyes, alta demanda: por qu\u00e9 el mercado inmobiliario en 2025 plantea m\u00e1s preguntas<\/p>\n\t\t<\/div>\n\t\t\n\t\t<a class=\"elementor-post__read-more\" href=\"https:\/\/costablanca-magazin.com\/es\/immobilien\/service-recht\/immobilienmarkt-costa-blanca-2025-trends-fakten\/\" aria-label=\"M\u00e1s informaci\u00f3n sobre Immobilienmarkt Costa Blanca 2025 &#8211; Trends &amp; Fakten\" tabindex=\"-1\" >\n\t\t\tLeer m\u00e1s \u00bb\t\t<\/a>\n\n\t\t\t\t<\/div>\n\t\t\t\t\t<\/div>\n\t\t<\/article>\n\t\t\t\t<\/div>\n\t\t\n\t\t\t\t\t\t<\/div>\n\t\t\t\t<\/div>\n\t\t\t\t\t<\/div>\n\t\t\t\t<\/div>\n\t\t\t\t<\/div>","protected":false},"excerpt":{"rendered":"<p>Arbeit an der Costa Blanca finden: Jobs, Labora, Anerkennung 2026 Jobsuche an der Costa Blanca: Die besten Wege zum Arbeitsplatz zwischen D\u00e9nia und La Zenia \u2013 aktive Jobportale, Labora, Netzwerke und Anerkennung von Abschl\u00fcssen. Wer an der Costa Blanca beruflich neu startet, bewegt sich in einem heterogenen Markt. Zwischen D\u00e9nia im Norden und La Zenia [&hellip;]<\/p>\n","protected":false},"author":3,"featured_media":10845,"comment_status":"closed","ping_status":"closed","sticky":false,"template":"elementor_header_footer","format":"standard","meta":{"om_disable_all_campaigns":false,"_monsterinsights_skip_tracking":false,"_monsterinsights_sitenote_active":false,"_monsterinsights_sitenote_note":"","_monsterinsights_sitenote_category":0,"footnotes":""},"categories":[982],"tags":[1643,1645,1648,1646,1647,1644],"class_list":["post-10836","post","type-post","status-publish","format-standard","has-post-thumbnail","hentry","category-business-service","tag-arbeit-alicante","tag-arbeit-torrevieja","tag-arbeiten-in-spanien-als-resident","tag-jobs-costa-blanca","tag-labora-comunidad-valenciana","tag-stellenangebote-denia"],"aioseo_notices":[],"_links":{"self":[{"href":"https:\/\/costablanca-magazin.com\/es\/wp-json\/wp\/v2\/posts\/10836","targetHints":{"allow":["GET"]}}],"collection":[{"href":"https:\/\/costablanca-magazin.com\/es\/wp-json\/wp\/v2\/posts"}],"about":[{"href":"https:\/\/costablanca-magazin.com\/es\/wp-json\/wp\/v2\/types\/post"}],"author":[{"embeddable":true,"href":"https:\/\/costablanca-magazin.com\/es\/wp-json\/wp\/v2\/users\/3"}],"replies":[{"embeddable":true,"href":"https:\/\/costablanca-magazin.com\/es\/wp-json\/wp\/v2\/comments?post=10836"}],"version-history":[{"count":13,"href":"https:\/\/costablanca-magazin.com\/es\/wp-json\/wp\/v2\/posts\/10836\/revisions"}],"predecessor-version":[{"id":11481,"href":"https:\/\/costablanca-magazin.com\/es\/wp-json\/wp\/v2\/posts\/10836\/revisions\/11481"}],"wp:featuredmedia":[{"embeddable":true,"href":"https:\/\/costablanca-magazin.com\/es\/wp-json\/wp\/v2\/media\/10845"}],"wp:attachment":[{"href":"https:\/\/costablanca-magazin.com\/es\/wp-json\/wp\/v2\/media?parent=10836"}],"wp:term":[{"taxonomy":"category","embeddable":true,"href":"https:\/\/costablanca-magazin.com\/es\/wp-json\/wp\/v2\/categories?post=10836"},{"taxonomy":"post_tag","embeddable":true,"href":"https:\/\/costablanca-magazin.com\/es\/wp-json\/wp\/v2\/tags?post=10836"}],"curies":[{"name":"wp","href":"https:\/\/api.w.org\/{rel}","templated":true}]}}