{"id":10777,"date":"2026-02-20T09:00:00","date_gmt":"2026-02-20T08:00:00","guid":{"rendered":"https:\/\/costablanca-magazin.com\/?p=10777"},"modified":"2026-03-09T09:38:47","modified_gmt":"2026-03-09T08:38:47","slug":"correos-2026-costa-blanca-nuevos-precios-de-cartas-y-paquetes","status":"publish","type":"post","link":"https:\/\/costablanca-magazin.com\/es\/residenten\/leben-in-spanien\/correos-2026-costa-blanca-neue-brief-und-paketpreise\/","title":{"rendered":"Correos 2026 Costa Blanca - Nuevos precios de cartas y paquetes"},"content":{"rendered":"<div data-elementor-type=\"wp-post\" data-elementor-id=\"10777\" class=\"elementor elementor-10777\" data-elementor-post-type=\"post\">\n\t\t\t\t<div class=\"elementor-element elementor-element-fe2ce11 e-flex e-con-boxed e-con e-parent\" data-id=\"fe2ce11\" data-element_type=\"container\" data-e-type=\"container\">\n\t\t\t\t\t<div class=\"e-con-inner\">\n\t\t\t\t<div class=\"elementor-element elementor-element-b6271f6 elementor-widget elementor-widget-heading\" data-id=\"b6271f6\" data-element_type=\"widget\" data-e-type=\"widget\" data-widget_type=\"heading.default\">\n\t\t\t\t<div class=\"elementor-widget-container\">\n\t\t\t\t\t<h1 class=\"elementor-heading-title elementor-size-default\">Correos 2026 en la Costa Blanca - Nuevos precios de cartas y paquetes<\/h1>\t\t\t\t<\/div>\n\t\t\t\t<\/div>\n\t\t\t\t<div class=\"elementor-element elementor-element-54c1ab9 elementor-widget elementor-widget-image\" data-id=\"54c1ab9\" data-element_type=\"widget\" data-e-type=\"widget\" data-widget_type=\"image.default\">\n\t\t\t\t<div class=\"elementor-widget-container\">\n\t\t\t\t\t\t\t\t\t\t\t\t\t\t\t<img decoding=\"async\" src=\"https:\/\/costablanca-magazin.com\/wp-content\/uploads\/elementor\/thumbs\/correosBild-rjccw562igpcll3gt9tevlows5a8mv74le69xvtajw.jpg\" title=\"Correos 2026: Nuevos precios de las cartas y paquetes en Espa\u00f1a - Panorama de los costes en Europa y el Reino Unido\" alt=\"Correos 2026: Nuevos precios de las cartas y paquetes en Espa\u00f1a - Panorama de los costes en Europa y el Reino Unido\" loading=\"lazy\" \/>\t\t\t\t\t\t\t\t\t\t\t\t\t\t\t<\/div>\n\t\t\t\t<\/div>\n\t\t\t\t<div class=\"elementor-element elementor-element-7891ce8 elementor-widget elementor-widget-heading\" data-id=\"7891ce8\" data-element_type=\"widget\" data-e-type=\"widget\" data-widget_type=\"heading.default\">\n\t\t\t\t<div class=\"elementor-widget-container\">\n\t\t\t\t\t<h2 class=\"elementor-heading-title elementor-size-default\">Correos aumenta el franqueo en Espa\u00f1a en 2026. Precios actuales de franqueo nacional, UE y Reino Unido, correo certificado, paqueter\u00eda y reenv\u00edos - explicados de forma compacta para residentes en la Costa Blanca.<\/h2>\t\t\t\t<\/div>\n\t\t\t\t<\/div>\n\t\t\t\t\t<\/div>\n\t\t\t\t<\/div>\n\t\t<div class=\"elementor-element elementor-element-2c8c0c1 e-flex e-con-boxed e-con e-parent\" data-id=\"2c8c0c1\" data-element_type=\"container\" data-e-type=\"container\">\n\t\t\t\t\t<div class=\"e-con-inner\">\n\t\t<div class=\"elementor-element elementor-element-9023e0c e-con-full e-flex e-con e-child\" data-id=\"9023e0c\" data-element_type=\"container\" data-e-type=\"container\">\n\t\t\t\t<div class=\"elementor-element elementor-element-8fb3df9 elementor-widget elementor-widget-text-editor\" data-id=\"8fb3df9\" data-element_type=\"widget\" data-e-type=\"widget\" data-widget_type=\"text-editor.default\">\n\t\t\t\t<div class=\"elementor-widget-container\">\n\t\t\t\t\t\t\t\t\t<p><strong>Correos - Correos es m\u00e1s caro y m\u00e1s flexible<br \/><\/strong>Qu\u00e9 suponen las nuevas tarifas de Correos 2026 para los residentes entre D\u00e9nia y Torrevieja<\/p><p>Una carta de las autoridades a Valencia. Documentos contractuales a Alemania. Tarjetas de Navidad a Inglaterra. Lo que parece algo normal en la vida cotidiana se ha encarecido un poco desde enero de 2026. Correos ha subido las tarifas de franqueo de las cartas, moderadamente, pero de forma notable para cualquiera que env\u00ede correo con regularidad.<\/p><p>La carta est\u00e1ndar de hasta 20 gramos cuesta ahora 0,96 euros en lugar de 0,86 euros. El franqueo internacional dentro de Europa subir\u00e1 a 2,00 euros. Esto sit\u00faa a Espa\u00f1a en l\u00ednea con la media europea - m\u00e1s favorable que algunos pa\u00edses del norte de Europa, pero ya no en el rango inferior.<\/p><p><strong>Gran Breta\u00f1a: l\u00f3gica del coste propio<br \/><\/strong>El env\u00edo a Reino Unido tambi\u00e9n es relevante para muchos hogares de la Costa Blanca. Desde el Brexit, el Reino Unido ha sido tratado como un tercer pa\u00eds en t\u00e9rminos de aranceles. Una carta est\u00e1ndar de hasta 20 gramos cuesta actualmente alrededor de 2,20 a 2,35 euros - dependiendo de la categor\u00eda de peso y las opciones adicionales. El correo certificado es correspondientemente m\u00e1s alto.<\/p><p>Adem\u00e1s, los env\u00edos de mercanc\u00edas est\u00e1n sujetos a tr\u00e1mites aduaneros. Esto no s\u00f3lo encarece el env\u00edo, sino que tambi\u00e9n alarga los plazos de entrega en algunos casos. Cualquiera que env\u00ede regularmente documentos o peque\u00f1os env\u00edos a Inglaterra deber\u00eda estar atento a los aranceles de terceros pa\u00edses.<\/p><p><strong>Correo certificado y paquetes: ligero ajuste<br \/><\/strong>Tambi\u00e9n se ha adaptado el correo certificado:<\/p><ul><li>Nacional hasta 20 g: 5,74 euros<\/li><li>Europa internacional hasta 20 g: 7,15 euros<\/li><\/ul><p>En el sector de la paqueter\u00eda, los aumentos se mantienen en porcentajes de un solo d\u00edgito. Un paquete comunitario de hasta 1 kg cuesta 33,07 euros. La estructura de precios sigue siendo comprensible: no ha habido grandes saltos.<\/p><p><strong>M\u00e1s importante que el franqueo: los servicios adicionales<br \/><\/strong>Para muchos residentes, lo decisivo no es el c\u00e9ntimo individual, sino la organizaci\u00f3n. Correos ha hecho ajustes en este sentido en los \u00faltimos a\u00f1os.<\/p>\t\t\t\t\t\t\t\t<\/div>\n\t\t\t\t<\/div>\n\t\t\t\t<\/div>\n\t\t<div class=\"elementor-element elementor-element-3888666 e-con-full e-flex e-con e-child\" data-id=\"3888666\" data-element_type=\"container\" data-e-type=\"container\">\n\t\t\t\t<div class=\"elementor-element elementor-element-9d41dd1 elementor-widget elementor-widget-text-editor\" data-id=\"9d41dd1\" data-element_type=\"widget\" data-e-type=\"widget\" data-widget_type=\"text-editor.default\">\n\t\t\t\t<div class=\"elementor-widget-container\">\n\t\t\t\t\t\t\t\t\t<p><strong>Reenv\u00edo postal<\/strong><\/p><ul><li>Expedici\u00f3n dentro de Espa\u00f1a o al extranjero<\/li><li>Condiciones flexibles<\/li><li>Precio a partir de unos 50 euros<\/li><\/ul><p>Se trata de una soluci\u00f3n pragm\u00e1tica, especialmente para traslados, segundas residencias o estancias m\u00e1s largas en el extranjero, hasta que se hayan completado formalmente todos los cambios de direcci\u00f3n.<\/p><p><strong>Apartado de Correos<br \/><\/strong>Para empresas, propietarios estacionales o personas con varias residencias, el apartado de correos sigue siendo una opci\u00f3n estable. Los env\u00edos se recogen y retienen en la sucursal.<\/p><p><strong>Control de entrega digital<\/strong><br \/>Los servicios en l\u00ednea pueden utilizarse para redirigir paquetes con poca antelaci\u00f3n, a puntos de recogida o direcciones alternativas. Esto no sustituye a una orden de reexpedici\u00f3n, pero aumenta la flexibilidad en la vida cotidiana.<\/p><p><strong>Por qu\u00e9 suben los precios<br \/><\/strong>Correos cumple el servicio postal universal: entrega en todos los municipios, independientemente del volumen real de correo. Al mismo tiempo, los vol\u00famenes de cartas tradicionales est\u00e1n disminuyendo, mientras que los costes de personal, energ\u00eda e infraestructura est\u00e1n aumentando. El ajuste de 2026 es, por tanto, menos un cambio de rumbo estrat\u00e9gico que una consecuencia empresarial dentro de un sistema regulado.<\/p><p><strong>Clasificaci\u00f3n de la Costa Blanca<br \/><\/strong>El correo sigue siendo fiable en Costablanca, pero se encarece progresivamente. El ajuste apenas es relevante para los remitentes ocasionales. Para los aut\u00f3nomos, los administradores de fincas o los hogares con redes internacionales, los cambios se acumulan.<br \/>El factor decisivo no es tanto la nueva tarifa postal como la cuesti\u00f3n de la flexibilidad con que puede organizarse hoy la entrega. Ah\u00ed es precisamente donde est\u00e1 cambiando el sistema: lejos de los buzones puros y corrientes y hacia soluciones controlables y con soporte digital.<br \/>Aqu\u00ed encontrar\u00e1 la gama completa de Correos: <a href=\"https:\/\/www.correos.es\" target=\"_blank\" rel=\"noopener\">www.correos.es<\/a><br \/>y las tarifas actuales: <a href=\"https:\/\/www.correos.es\/es\/es\/tarifas\">https:\/\/www.correos.es\/es\/es\/tarifas<\/a><\/p>\t\t\t\t\t\t\t\t<\/div>\n\t\t\t\t<\/div>\n\t\t\t\t<\/div>\n\t\t\t\t\t<\/div>\n\t\t\t\t<\/div>\n\t\t<div class=\"elementor-element elementor-element-e7c32e3 e-flex e-con-boxed e-con e-parent\" data-id=\"e7c32e3\" data-element_type=\"container\" data-e-type=\"container\">\n\t\t\t\t\t<div class=\"e-con-inner\">\n\t\t\t\t<div class=\"elementor-element elementor-element-ba3fcab elementor-widget-divider--separator-type-pattern elementor-widget-divider--view-line elementor-widget elementor-widget-divider\" data-id=\"ba3fcab\" data-element_type=\"widget\" data-e-type=\"widget\" data-widget_type=\"divider.default\">\n\t\t\t\t<div class=\"elementor-widget-container\">\n\t\t\t\t\t\t\t<div class=\"elementor-divider\" style=\"--divider-pattern-url: url(&quot;data:image\/svg+xml,%3Csvg xmlns=&#039;http:\/\/www.w3.org\/2000\/svg&#039; preserveAspectRatio=&#039;none&#039; overflow=&#039;visible&#039; height=&#039;100%&#039; viewBox=&#039;0 0 24 24&#039; fill=&#039;none&#039; stroke=&#039;black&#039; stroke-width=&#039;1&#039; stroke-linecap=&#039;square&#039; stroke-miterlimit=&#039;10&#039;%3E%3Cpath d=&#039;M0,21c3.3,0,8.3-0.9,15.7-7.1c6.6-5.4,4.4-9.3,2.4-10.3c-3.4-1.8-7.7,1.3-7.3,8.8C11.2,20,17.1,21,24,21&#039;\/%3E%3C\/svg%3E&quot;);\">\n\t\t\t<span class=\"elementor-divider-separator\">\n\t\t\t\t\t\t<\/span>\n\t\t<\/div>\n\t\t\t\t\t\t<\/div>\n\t\t\t\t<\/div>\n\t\t\t\t<div class=\"elementor-element elementor-element-8123922 elementor-grid-3 elementor-grid-tablet-2 elementor-grid-mobile-1 elementor-posts--thumbnail-top elementor-posts--show-avatar elementor-card-shadow-yes elementor-posts__hover-gradient elementor-widget elementor-widget-posts\" data-id=\"8123922\" data-element_type=\"widget\" data-e-type=\"widget\" data-settings=\"{&quot;cards_columns&quot;:&quot;3&quot;,&quot;cards_columns_tablet&quot;:&quot;2&quot;,&quot;cards_columns_mobile&quot;:&quot;1&quot;,&quot;cards_row_gap&quot;:{&quot;unit&quot;:&quot;px&quot;,&quot;size&quot;:35,&quot;sizes&quot;:[]},&quot;cards_row_gap_tablet&quot;:{&quot;unit&quot;:&quot;px&quot;,&quot;size&quot;:&quot;&quot;,&quot;sizes&quot;:[]},&quot;cards_row_gap_mobile&quot;:{&quot;unit&quot;:&quot;px&quot;,&quot;size&quot;:&quot;&quot;,&quot;sizes&quot;:[]}}\" data-widget_type=\"posts.cards\">\n\t\t\t\t<div class=\"elementor-widget-container\">\n\t\t\t\t\t\t\t<div class=\"elementor-posts-container elementor-posts elementor-posts--skin-cards elementor-grid\" role=\"list\">\n\t\t\t\t<article class=\"elementor-post elementor-grid-item post-11330 post type-post status-publish format-standard has-post-thumbnail hentry category-business-service tag-karfreitag-supermaerkte-spanien-geoeffnet tag-oeffnungszeiten-supermarkt-costa-blanca tag-ostermontag-costa-blanca-geschaefte tag-pepe-la-sal-oeffnungszeiten-ostern tag-supermaerkte-costa-blanca-ostern-2026\" role=\"listitem\">\n\t\t\t<div class=\"elementor-post__card\">\n\t\t\t\t<a class=\"elementor-post__thumbnail__link\" href=\"https:\/\/costablanca-magazin.com\/es\/lokales\/business-service\/supermaerkte-costa-blanca-ostern-2026-oeffnungszeiten-im-ueberblick\/\" tabindex=\"-1\" ><div class=\"elementor-post__thumbnail\"><img fetchpriority=\"high\" decoding=\"async\" width=\"2048\" height=\"1366\" src=\"https:\/\/costablanca-magazin.com\/wp-content\/uploads\/2026\/03\/wooden-sign-hanging-on-a-glass-door-showing-open-i-2026-01-09-06-34-23-utc-2048x1366.jpg\" class=\"attachment-2048x2048 size-2048x2048 wp-image-11331\" alt=\"Supermercados Costa Blanca Semana Santa 2026: Qui\u00e9n abre y cu\u00e1ndo\" srcset=\"https:\/\/costablanca-magazin.com\/wp-content\/uploads\/2026\/03\/wooden-sign-hanging-on-a-glass-door-showing-open-i-2026-01-09-06-34-23-utc-2048x1366.jpg 2048w, https:\/\/costablanca-magazin.com\/wp-content\/uploads\/2026\/03\/wooden-sign-hanging-on-a-glass-door-showing-open-i-2026-01-09-06-34-23-utc-300x200.jpg 300w, https:\/\/costablanca-magazin.com\/wp-content\/uploads\/2026\/03\/wooden-sign-hanging-on-a-glass-door-showing-open-i-2026-01-09-06-34-23-utc-1024x683.jpg 1024w, https:\/\/costablanca-magazin.com\/wp-content\/uploads\/2026\/03\/wooden-sign-hanging-on-a-glass-door-showing-open-i-2026-01-09-06-34-23-utc-768x512.jpg 768w, https:\/\/costablanca-magazin.com\/wp-content\/uploads\/2026\/03\/wooden-sign-hanging-on-a-glass-door-showing-open-i-2026-01-09-06-34-23-utc-1536x1024.jpg 1536w, https:\/\/costablanca-magazin.com\/wp-content\/uploads\/2026\/03\/wooden-sign-hanging-on-a-glass-door-showing-open-i-2026-01-09-06-34-23-utc-18x12.jpg 18w\" sizes=\"(max-width: 2048px) 100vw, 2048px\" \/><\/div><\/a>\n\t\t\t\t<div class=\"elementor-post__badge\">Empresas y servicios<\/div>\n\t\t\t\t<div class=\"elementor-post__avatar\">\n\t\t\t\t\t<\/div>\n\t\t\t\t<div class=\"elementor-post__text\">\n\t\t\t\t<h3 class=\"elementor-post__title\">\n\t\t\t<a href=\"https:\/\/costablanca-magazin.com\/es\/lokales\/business-service\/supermaerkte-costa-blanca-ostern-2026-oeffnungszeiten-im-ueberblick\/\" >\n\t\t\t\tSupermercados Costa Blanca Semana Santa 2026: Horarios de apertura\t\t\t<\/a>\n\t\t<\/h3>\n\t\t\t\t<div class=\"elementor-post__excerpt\">\n\t\t\t<p>Supermercados Costa Blanca Semana Santa 2026 - Resumen de horarios Viernes Santo y Lunes de Pascua son festivos - muchos mercados permanecen cerrados. En<\/p>\n\t\t<\/div>\n\t\t\n\t\t<a class=\"elementor-post__read-more\" href=\"https:\/\/costablanca-magazin.com\/es\/lokales\/business-service\/supermaerkte-costa-blanca-ostern-2026-oeffnungszeiten-im-ueberblick\/\" aria-label=\"M\u00e1s informaci\u00f3n sobre Superm\u00e4rkte Costa Blanca Ostern 2026: \u00d6ffnungszeiten im \u00dcberblick\" tabindex=\"-1\" >\n\t\t\tLeer m\u00e1s \u00bb\t\t<\/a>\n\n\t\t\t\t<\/div>\n\t\t\t\t\t<\/div>\n\t\t<\/article>\n\t\t\t\t<article class=\"elementor-post elementor-grid-item post-10836 post type-post status-publish format-standard has-post-thumbnail hentry category-business-service tag-arbeit-alicante tag-arbeit-torrevieja tag-arbeiten-in-spanien-als-resident tag-jobs-costa-blanca tag-labora-comunidad-valenciana tag-stellenangebote-denia\" role=\"listitem\">\n\t\t\t<div class=\"elementor-post__card\">\n\t\t\t\t<a class=\"elementor-post__thumbnail__link\" href=\"https:\/\/costablanca-magazin.com\/es\/lokales\/business-service\/arbeit-an-der-costa-blanca-jobs-labora-anerkennung-2026\/\" tabindex=\"-1\" ><div class=\"elementor-post__thumbnail\"><img decoding=\"async\" width=\"2048\" height=\"1367\" src=\"https:\/\/costablanca-magazin.com\/wp-content\/uploads\/2026\/03\/bearded-developer-using-laptop-on-blue-with-websi-2024-11-18-12-57-15-utc-2048x1367.jpg\" class=\"attachment-2048x2048 size-2048x2048 wp-image-10845\" alt=\"Buscar trabajo Costa Blanca 2026: Encontrar trabajo de D\u00e9nia a La Zenia | Portale, Labora &amp; Recognition\" srcset=\"https:\/\/costablanca-magazin.com\/wp-content\/uploads\/2026\/03\/bearded-developer-using-laptop-on-blue-with-websi-2024-11-18-12-57-15-utc-2048x1367.jpg 2048w, https:\/\/costablanca-magazin.com\/wp-content\/uploads\/2026\/03\/bearded-developer-using-laptop-on-blue-with-websi-2024-11-18-12-57-15-utc-300x200.jpg 300w, https:\/\/costablanca-magazin.com\/wp-content\/uploads\/2026\/03\/bearded-developer-using-laptop-on-blue-with-websi-2024-11-18-12-57-15-utc-1024x684.jpg 1024w, https:\/\/costablanca-magazin.com\/wp-content\/uploads\/2026\/03\/bearded-developer-using-laptop-on-blue-with-websi-2024-11-18-12-57-15-utc-768x513.jpg 768w, https:\/\/costablanca-magazin.com\/wp-content\/uploads\/2026\/03\/bearded-developer-using-laptop-on-blue-with-websi-2024-11-18-12-57-15-utc-1536x1025.jpg 1536w, https:\/\/costablanca-magazin.com\/wp-content\/uploads\/2026\/03\/bearded-developer-using-laptop-on-blue-with-websi-2024-11-18-12-57-15-utc-18x12.jpg 18w\" sizes=\"(max-width: 2048px) 100vw, 2048px\" \/><\/div><\/a>\n\t\t\t\t<div class=\"elementor-post__badge\">Empresas y servicios<\/div>\n\t\t\t\t<div class=\"elementor-post__avatar\">\n\t\t\t\t\t<\/div>\n\t\t\t\t<div class=\"elementor-post__text\">\n\t\t\t\t<h3 class=\"elementor-post__title\">\n\t\t\t<a href=\"https:\/\/costablanca-magazin.com\/es\/lokales\/business-service\/arbeit-an-der-costa-blanca-jobs-labora-anerkennung-2026\/\" >\n\t\t\t\tTrabajo en la Costa Blanca - Empleo, Labora, Reconocimiento 2026\t\t\t<\/a>\n\t\t<\/h3>\n\t\t\t\t<div class=\"elementor-post__excerpt\">\n\t\t\t<p>Encontrar trabajo en la Costa Blanca: Empleo, Labora, Reconocimiento 2026 Buscar trabajo en la Costa Blanca: Las mejores formas de encontrar trabajo<\/p>\n\t\t<\/div>\n\t\t\n\t\t<a class=\"elementor-post__read-more\" href=\"https:\/\/costablanca-magazin.com\/es\/lokales\/business-service\/arbeit-an-der-costa-blanca-jobs-labora-anerkennung-2026\/\" aria-label=\"M\u00e1s informaci\u00f3n sobre Arbeit an der Costa Blanca &#8211; Jobs, Labora, Anerkennung 2026\" tabindex=\"-1\" >\n\t\t\tLeer m\u00e1s \u00bb\t\t<\/a>\n\n\t\t\t\t<\/div>\n\t\t\t\t\t<\/div>\n\t\t<\/article>\n\t\t\t\t<article class=\"elementor-post elementor-grid-item post-8501 post type-post status-publish format-standard has-post-thumbnail hentry category-business-service tag-deutsche-qualitaetskuechen tag-exclusiv-kitchens-la-nucia tag-kuechen-mit-konzept tag-kuechen-showroom-la-nucia tag-kuechendesign-costa-blanca tag-preisvorteil-kuechen\" role=\"listitem\">\n\t\t\t<div class=\"elementor-post__card\">\n\t\t\t\t<a class=\"elementor-post__thumbnail__link\" href=\"https:\/\/costablanca-magazin.com\/es\/lokales\/business-service\/exclusive-kitchens-la-nucia-kuechen-mit-konzept\/\" tabindex=\"-1\" ><div class=\"elementor-post__thumbnail\"><img decoding=\"async\" width=\"602\" height=\"272\" src=\"https:\/\/costablanca-magazin.com\/wp-content\/uploads\/2025\/08\/Exclusiv-Kitchens-01-1920w.jpg\" class=\"attachment-2048x2048 size-2048x2048 wp-image-8504\" alt=\"Cocinas con concepto: trabajo a medida, calidad de marca y aut\u00e9nticas ventajas de precio 1\" srcset=\"https:\/\/costablanca-magazin.com\/wp-content\/uploads\/2025\/08\/Exclusiv-Kitchens-01-1920w.jpg 602w, https:\/\/costablanca-magazin.com\/wp-content\/uploads\/2025\/08\/Exclusiv-Kitchens-01-1920w-300x136.jpg 300w\" sizes=\"(max-width: 602px) 100vw, 602px\" \/><\/div><\/a>\n\t\t\t\t<div class=\"elementor-post__badge\">Empresas y servicios<\/div>\n\t\t\t\t<div class=\"elementor-post__avatar\">\n\t\t\t\t\t<\/div>\n\t\t\t\t<div class=\"elementor-post__text\">\n\t\t\t\t<h3 class=\"elementor-post__title\">\n\t\t\t<a href=\"https:\/\/costablanca-magazin.com\/es\/lokales\/business-service\/exclusive-kitchens-la-nucia-kuechen-mit-konzept\/\" >\n\t\t\t\tCocinas Exclusivas La Nucia - Cocinas con concepto\t\t\t<\/a>\n\t\t<\/h3>\n\t\t\t\t<div class=\"elementor-post__excerpt\">\n\t\t\t<p>Exclusiv Kitchens La Nucia - Cocinas con un concepto Cocinas de calidad alemana, materiales de alta calidad y claras ventajas de precio - una mirada entre bastidores.<\/p>\n\t\t<\/div>\n\t\t\n\t\t<a class=\"elementor-post__read-more\" href=\"https:\/\/costablanca-magazin.com\/es\/lokales\/business-service\/exclusive-kitchens-la-nucia-kuechen-mit-konzept\/\" aria-label=\"M\u00e1s informaci\u00f3n sobre Exclusive Kitchens La Nucia &#8211; K\u00fcchen mit Konzept\" tabindex=\"-1\" >\n\t\t\tLeer m\u00e1s \u00bb\t\t<\/a>\n\n\t\t\t\t<\/div>\n\t\t\t\t\t<\/div>\n\t\t<\/article>\n\t\t\t\t<\/div>\n\t\t\n\t\t\t\t\t\t<\/div>\n\t\t\t\t<\/div>\n\t\t\t\t\t<\/div>\n\t\t\t\t<\/div>\n\t\t\t\t<\/div>","protected":false},"excerpt":{"rendered":"<p>Correos 2026 an der Costa Blanca &#8211; Neue Brief- und Paket Preise Correos erh\u00f6ht 2026 das Porto in Spanien. Aktuelle Preise f\u00fcr Inland, EU und Gro\u00dfbritannien, Einschreiben, Pakete sowie Nachsendeauftrag \u2013 kompakt erkl\u00e4rt f\u00fcr Residenten an der Costa Blanca. Spanische Post \u2013 Correos wird teurer \u2013 und flexiblerWas die neuen Correos-Tarife 2026 f\u00fcr Residenten zwischen [&hellip;]<\/p>\n","protected":false},"author":1,"featured_media":10788,"comment_status":"closed","ping_status":"closed","sticky":false,"template":"elementor_header_footer","format":"standard","meta":{"footnotes":""},"categories":[15],"tags":[1620,1618,1622,1621,1619,1623,1624],"class_list":["post-10777","post","type-post","status-publish","format-standard","has-post-thumbnail","hentry","category-leben-in-spanien","tag-briefporto-spanien-2026","tag-correos-tarife-2026-spanien","tag-nachsendeauftrag-spanien-reenvio-postal","tag-paketversand-spanien-eu-preise","tag-porto-grossbritannien-spanien-einschreiben-spanien-kosten","tag-post-costa-blanca-preise","tag-postfach-spanien-apartado-de-correos"],"aioseo_notices":[],"_links":{"self":[{"href":"https:\/\/costablanca-magazin.com\/es\/wp-json\/wp\/v2\/posts\/10777","targetHints":{"allow":["GET"]}}],"collection":[{"href":"https:\/\/costablanca-magazin.com\/es\/wp-json\/wp\/v2\/posts"}],"about":[{"href":"https:\/\/costablanca-magazin.com\/es\/wp-json\/wp\/v2\/types\/post"}],"author":[{"embeddable":true,"href":"https:\/\/costablanca-magazin.com\/es\/wp-json\/wp\/v2\/users\/1"}],"replies":[{"embeddable":true,"href":"https:\/\/costablanca-magazin.com\/es\/wp-json\/wp\/v2\/comments?post=10777"}],"version-history":[{"count":7,"href":"https:\/\/costablanca-magazin.com\/es\/wp-json\/wp\/v2\/posts\/10777\/revisions"}],"predecessor-version":[{"id":11045,"href":"https:\/\/costablanca-magazin.com\/es\/wp-json\/wp\/v2\/posts\/10777\/revisions\/11045"}],"wp:featuredmedia":[{"embeddable":true,"href":"https:\/\/costablanca-magazin.com\/es\/wp-json\/wp\/v2\/media\/10788"}],"wp:attachment":[{"href":"https:\/\/costablanca-magazin.com\/es\/wp-json\/wp\/v2\/media?parent=10777"}],"wp:term":[{"taxonomy":"category","embeddable":true,"href":"https:\/\/costablanca-magazin.com\/es\/wp-json\/wp\/v2\/categories?post=10777"},{"taxonomy":"post_tag","embeddable":true,"href":"https:\/\/costablanca-magazin.com\/es\/wp-json\/wp\/v2\/tags?post=10777"}],"curies":[{"name":"wp","href":"https:\/\/api.w.org\/{rel}","templated":true}]}}