{"id":10539,"date":"2026-02-02T17:42:14","date_gmt":"2026-02-02T16:42:14","guid":{"rendered":"https:\/\/costablanca-magazin.com\/?p=10539"},"modified":"2026-02-02T17:47:44","modified_gmt":"2026-02-02T16:47:44","slug":"e-scooter-nuevo-registro-y-seguro-obligatorio-a-partir-de-2026-en-espana","status":"publish","type":"post","link":"https:\/\/costablanca-magazin.com\/es\/residenten\/mobilitaet-verkehr\/e-scooter-neues-register-und-versicherungspflicht-ab-2026-in-spanien\/","title":{"rendered":"E-scooters: Nuevo registro y seguro obligatorio a partir de 2026 en Espa\u00f1a"},"content":{"rendered":"<div data-elementor-type=\"wp-post\" data-elementor-id=\"10539\" class=\"elementor elementor-10539\" data-elementor-post-type=\"post\">\n\t\t\t\t<div class=\"elementor-element elementor-element-5315649 e-flex e-con-boxed e-con e-parent\" data-id=\"5315649\" data-element_type=\"container\" data-e-type=\"container\">\n\t\t\t\t\t<div class=\"e-con-inner\">\n\t\t\t\t<div class=\"elementor-element elementor-element-8d99a21 elementor-widget elementor-widget-heading\" data-id=\"8d99a21\" data-element_type=\"widget\" data-e-type=\"widget\" data-widget_type=\"heading.default\">\n\t\t\t\t<div class=\"elementor-widget-container\">\n\t\t\t\t\t<h1 class=\"elementor-heading-title elementor-size-default\">E-scooters en Mallorca: ahora son obligatorios el registro y el seguro<\/h1>\t\t\t\t<\/div>\n\t\t\t\t<\/div>\n\t\t\t\t<div class=\"elementor-element elementor-element-09e8e4c elementor-widget elementor-widget-image\" data-id=\"09e8e4c\" data-element_type=\"widget\" data-e-type=\"widget\" data-widget_type=\"image.default\">\n\t\t\t\t<div class=\"elementor-widget-container\">\n\t\t\t\t\t\t\t\t\t\t\t\t\t\t\t<img decoding=\"async\" src=\"https:\/\/costablanca-magazin.com\/wp-content\/uploads\/elementor\/thumbs\/patinete-mallorca-y-costa-blanca-rjc4b7joapsyzoidxrrvn440c17ef2qnf204of4x40.jpg\" title=\"E-scooters: nuevo registro y seguro obligatorio a partir de 2026 en Espa\u00f1a\" alt=\"E-scooters: nuevo registro y seguro obligatorio a partir de 2026 en Espa\u00f1a\" loading=\"lazy\" \/>\t\t\t\t\t\t\t\t\t\t\t\t\t\t\t<\/div>\n\t\t\t\t<\/div>\n\t\t\t\t<div class=\"elementor-element elementor-element-850e83c elementor-widget elementor-widget-heading\" data-id=\"850e83c\" data-element_type=\"widget\" data-e-type=\"widget\" data-widget_type=\"heading.default\">\n\t\t\t\t<div class=\"elementor-widget-container\">\n\t\t\t\t\t<h2 class=\"elementor-heading-title elementor-size-default\">Los e-scooters en Mallorca deben estar inscritos en el registro de la DGT. S\u00f3lo entonces es posible el seguro. Normas, plazos y multas de un vistazo.<\/h2>\t\t\t\t<\/div>\n\t\t\t\t<\/div>\n\t\t\t\t\t<\/div>\n\t\t\t\t<\/div>\n\t\t<div class=\"elementor-element elementor-element-cd72831 e-flex e-con-boxed e-con e-parent\" data-id=\"cd72831\" data-element_type=\"container\" data-e-type=\"container\">\n\t\t\t\t\t<div class=\"e-con-inner\">\n\t\t<div class=\"elementor-element elementor-element-fff774a e-con-full e-flex e-con e-child\" data-id=\"fff774a\" data-element_type=\"container\" data-e-type=\"container\">\n\t\t\t\t<div class=\"elementor-element elementor-element-20055b6 elementor-widget elementor-widget-text-editor\" data-id=\"20055b6\" data-element_type=\"widget\" data-e-type=\"widget\" data-widget_type=\"text-editor.default\">\n\t\t\t\t<div class=\"elementor-widget-container\">\n\t\t\t\t\t\t\t\t\t<p>Con la introducci\u00f3n del registro nacional de veh\u00edculos particulares ligeros (VMP), Espa\u00f1a est\u00e1 aplicando plenamente la obligaci\u00f3n legal de seguro para los e-scooters y veh\u00edculos similares. El Consejo de Ministros aprob\u00f3 un Real Decreto a tal efecto el 27 de enero de 2026. Entrar\u00e1 en vigor el d\u00eda de su publicaci\u00f3n en el Bolet\u00edn Oficial del Estado (BOE).<br \/>El nuevo registro est\u00e1 gestionado por la Direcci\u00f3n General de Tr\u00e1fico (DGT), que depende del Ministerio del Interior.<\/p><p><strong>El registro se convierte en un requisito obligatorio<\/strong><br \/>En el futuro, no habr\u00e1 cobertura de seguro sin matriculaci\u00f3n. Todos los propietarios de e-scooters -o sus representantes legales en el caso de los menores de edad- deber\u00e1n tener su veh\u00edculo inscrito en el Registro Nacional de Veh\u00edculos antes de contratar el seguro obligatorio de responsabilidad civil. S\u00f3lo despu\u00e9s de la matriculaci\u00f3n, la DGT expedir\u00e1 un certificado digital de matriculaci\u00f3n.<\/p><p>A continuaci\u00f3n, se puede adquirir una placa de identificaci\u00f3n oficial a un fabricante de placas autorizado. Esta debe ser claramente visible en el soporte previsto en el veh\u00edculo. Para los modelos no certificados, tambi\u00e9n se permite otra posici\u00f3n visible.<\/p><p><strong>Antecedentes: Ley 5\/2025<\/strong><br \/>El nuevo registro es la aplicaci\u00f3n pr\u00e1ctica de la disposici\u00f3n adicional de la Ley 5\/2025, de 24 de julio, por la que se modifica la responsabilidad civil y el seguro en la circulaci\u00f3n vial. La obligaci\u00f3n de seguro para los veh\u00edculos de movilidad personal ya est\u00e1 en vigor desde el 2 de enero de 2026, pero no era plenamente aplicable hasta la introducci\u00f3n del registro.<\/p><p>Solicitud en l\u00ednea, ayuda telef\u00f3nica y pronto tambi\u00e9n en el concesionario<br \/>La inscripci\u00f3n se realiza digitalmente a trav\u00e9s de la plataforma electr\u00f3nica de la DGT (<a href=\"https:\/\/www.dgt.es\/nuestros-servicios\/tu-vehiculo\/matricular-un-vehiculo\/inscripcion-vmp\/\" target=\"_blank\" rel=\"noopener\">https:\/\/www.dgt.es\/nuestros-servicios\/tu-vehiculo\/matricular-un-vehiculo\/inscripcion-vmp\/<\/a>). Adem\u00e1s, el n\u00famero de servicio 060 ayuda a los usuarios con el proceso de solicitud.<\/p><p><strong>Adem\u00e1s, el Ministerio del Interior tambi\u00e9n est\u00e1 planeando otras v\u00edas:<\/strong><br \/>- Inscripci\u00f3n a trav\u00e9s de las agencias de seguros directamente al contratar la p\u00f3liza<br \/>- Tramitaci\u00f3n a trav\u00e9s de Gestores administrativos<br \/>- Perspectiva: registro directo al comprar un nuevo VMP en tiendas especializadas autorizadas<\/p><p><strong>Dos tipos de e-scooters - con disposiciones transitorias<\/strong><br \/>Seg\u00fan la DGT, actualmente hay dos categor\u00edas de VMP en circulaci\u00f3n:<\/p>\t\t\t\t\t\t\t\t<\/div>\n\t\t\t\t<\/div>\n\t\t\t\t<\/div>\n\t\t<div class=\"elementor-element elementor-element-a5ae0a0 e-con-full e-flex e-con e-child\" data-id=\"a5ae0a0\" data-element_type=\"container\" data-e-type=\"container\">\n\t\t\t\t<div class=\"elementor-element elementor-element-c2a5dbc elementor-widget elementor-widget-text-editor\" data-id=\"c2a5dbc\" data-element_type=\"widget\" data-e-type=\"widget\" data-widget_type=\"text-editor.default\">\n\t\t\t\t<div class=\"elementor-widget-container\">\n\t\t\t\t\t\t\t\t\t<p><strong>1. VMP certificado Estos veh\u00edculos cumplen los requisitos de la ficha t\u00e9cnica oficial de VMP (normas de seguridad y calidad).<\/strong><br \/>- A partir del 22 de enero de 2024, s\u00f3lo podr\u00e1n venderse nuevos estos modelos<br \/>- Tienen una placa de etiquetado permanente y clara del fabricante<br \/>- El n\u00famero de certificado y el n\u00famero de serie deben introducirse durante el registro<br \/>- Tras el pago de la tasa administrativa, se expide el certificado de registro digital<\/p><p><strong>2. VMP no certificado (reglamento transitorio) Estos modelos no cumplen los requisitos t\u00e9cnicos y no llevan pegatina del fabricante.<\/strong><br \/>- Podr\u00e1n seguir utiliz\u00e1ndose en el tr\u00e1fico rodado hasta el 22 de enero de 2027<br \/>- No obstante, la matriculaci\u00f3n y el seguro son obligatorios<br \/>- Entre otras cosas, se requiere una factura, datos t\u00e9cnicos o una foto del veh\u00edculo.<br \/>- La identificaci\u00f3n est\u00e1 limitada en el tiempo y pierde su validez en 2027<br \/>- A partir de esta fecha, el uso de dichos veh\u00edculos ya no est\u00e1 permitido<\/p><p><strong>Cambio de propiedad y desmantelamiento<\/strong><br \/>- Cambio de titularidad: Al igual que con el resto de veh\u00edculos, debe comunicarse en un plazo de 30 d\u00edas. La DGT emite entonces un nuevo certificado digital, conserv\u00e1ndose el n\u00famero de identificaci\u00f3n.<br \/>- Baja en el registro: Se realiza exclusivamente a trav\u00e9s de los centros de eliminaci\u00f3n autorizados, que comunican electr\u00f3nicamente al registro las bajas y los desguaces.<\/p><p><em>Multas elevadas por infracciones<\/em><\/p><p><strong>La ley prev\u00e9 sanciones severas:<\/strong><br \/>- Sin seguro: de 202 a 610 euros<br \/>- Conducci\u00f3n sin seguro: de 250 a 800 euros, dependiendo de si el veh\u00edculo est\u00e1 clasificado como veh\u00edculo privado ligero o veh\u00edculo de motor sujeto a seguro obligatorio (m\u00e1s de 25 kg y m\u00e1s de 14 km\/h).<\/p><p><strong>Clasificaci\u00f3n de la Costa Blanca<\/strong><br \/>Para muchos residentes de la Marina Alta y la Marina Baixa que utilizan e-scooters en su vida cotidiana, el nuevo registro trae consigo requisitos claros - y la necesidad de actuar. Si quieres seguir utilizando tu veh\u00edculo legalmente, debes registrarte cuanto antes para evitar la cobertura del seguro y las multas.<\/p>\t\t\t\t\t\t\t\t<\/div>\n\t\t\t\t<\/div>\n\t\t\t\t<\/div>\n\t\t\t\t\t<\/div>\n\t\t\t\t<\/div>\n\t\t<div class=\"elementor-element elementor-element-3ef0deb e-flex e-con-boxed e-con e-parent\" data-id=\"3ef0deb\" data-element_type=\"container\" data-e-type=\"container\">\n\t\t\t\t\t<div class=\"e-con-inner\">\n\t\t\t\t<div class=\"elementor-element elementor-element-9de9ad8 elementor-widget-divider--separator-type-pattern elementor-widget-divider--no-spacing elementor-widget-divider--view-line elementor-widget elementor-widget-divider\" data-id=\"9de9ad8\" data-element_type=\"widget\" data-e-type=\"widget\" data-widget_type=\"divider.default\">\n\t\t\t\t<div class=\"elementor-widget-container\">\n\t\t\t\t\t\t\t<div class=\"elementor-divider\" style=\"--divider-pattern-url: url(&quot;data:image\/svg+xml,%3Csvg xmlns=&#039;http:\/\/www.w3.org\/2000\/svg&#039; preserveAspectRatio=&#039;xMidYMid meet&#039; overflow=&#039;visible&#039; height=&#039;100%&#039; viewBox=&#039;0 0 126 26&#039; fill=&#039;black&#039; stroke=&#039;none&#039;%3E%3Cpath d=&#039;M3,10.2c2.6,0,2.6,2,2.6,3.2S4.4,16.5,3,16.5s-3-1.4-3-3.2S0.4,10.2,3,10.2z M18.8,10.2c1.7,0,3.2,1.4,3.2,3.2s-1.4,3.2-3.2,3.2c-1.7,0-3.2-1.4-3.2-3.2S17,10.2,18.8,10.2z M34.6,10.2c1.5,0,2.6,1.4,2.6,3.2s-0.5,3.2-1.9,3.2c-1.5,0-3.4-1.4-3.4-3.2S33.1,10.2,34.6,10.2z M50.5,10.2c1.7,0,3.2,1.4,3.2,3.2s-1.4,3.2-3.2,3.2c-1.7,0-3.3-0.9-3.3-2.6S48.7,10.2,50.5,10.2z M66.2,10.2c1.5,0,3.4,1.4,3.4,3.2s-1.9,3.2-3.4,3.2c-1.5,0-2.6-0.4-2.6-2.1S64.8,10.2,66.2,10.2z M82.2,10.2c1.7,0.8,2.6,1.4,2.6,3.2s-0.1,3.2-1.6,3.2c-1.5,0-3.7-1.4-3.7-3.2S80.5,9.4,82.2,10.2zM98.6,10.2c1.5,0,2.6,0.4,2.6,2.1s-1.2,4.2-2.6,4.2c-1.5,0-3.7-0.4-3.7-2.1S97.1,10.2,98.6,10.2z M113.4,10.2c1.2,0,2.2,0.9,2.2,3.2s-0.1,3.2-1.3,3.2s-3.1-1.4-3.1-3.2S112.2,10.2,113.4,10.2z&#039;\/%3E%3C\/svg%3E&quot;);\">\n\t\t\t<span class=\"elementor-divider-separator\">\n\t\t\t\t\t\t<\/span>\n\t\t<\/div>\n\t\t\t\t\t\t<\/div>\n\t\t\t\t<\/div>\n\t\t\t\t<div class=\"elementor-element elementor-element-bbccd89 elementor-grid-3 elementor-grid-tablet-2 elementor-grid-mobile-1 elementor-posts--thumbnail-top elementor-posts--show-avatar elementor-card-shadow-yes elementor-posts__hover-gradient elementor-widget elementor-widget-posts\" data-id=\"bbccd89\" data-element_type=\"widget\" data-e-type=\"widget\" data-settings=\"{&quot;cards_columns&quot;:&quot;3&quot;,&quot;cards_columns_tablet&quot;:&quot;2&quot;,&quot;cards_columns_mobile&quot;:&quot;1&quot;,&quot;cards_row_gap&quot;:{&quot;unit&quot;:&quot;px&quot;,&quot;size&quot;:35,&quot;sizes&quot;:[]},&quot;cards_row_gap_tablet&quot;:{&quot;unit&quot;:&quot;px&quot;,&quot;size&quot;:&quot;&quot;,&quot;sizes&quot;:[]},&quot;cards_row_gap_mobile&quot;:{&quot;unit&quot;:&quot;px&quot;,&quot;size&quot;:&quot;&quot;,&quot;sizes&quot;:[]}}\" data-widget_type=\"posts.cards\">\n\t\t\t\t<div class=\"elementor-widget-container\">\n\t\t\t\t\t\t\t<div class=\"elementor-posts-container elementor-posts elementor-posts--skin-cards elementor-grid\" role=\"list\">\n\t\t\t\t<article class=\"elementor-post elementor-grid-item post-10341 post type-post status-publish format-standard has-post-thumbnail hentry category-news-politik tag-adif-hochgeschwindigkeitsnetz tag-cordoba-entgleisung tag-eisenbahnunglueck-andalusien tag-hochgeschwindigkeitszug-unfall tag-iryo-zug tag-viele-tote-zugunfall tag-zugunglueck-spanien\" role=\"listitem\">\n\t\t\t<div class=\"elementor-post__card\">\n\t\t\t\t<a class=\"elementor-post__thumbnail__link\" href=\"https:\/\/costablanca-magazin.com\/es\/lokales\/news-politik\/spanien-schweres-zugunglueck-39-tote-nach-entgleisung-bei-cordoba\/\" tabindex=\"-1\" ><div class=\"elementor-post__thumbnail\"><img fetchpriority=\"high\" decoding=\"async\" width=\"1200\" height=\"800\" src=\"https:\/\/costablanca-magazin.com\/wp-content\/uploads\/2026\/01\/iryo-zug-@iryo.eu_.jpg\" class=\"attachment-1536x1536 size-1536x1536 wp-image-10342\" alt=\"tren iryo @iryo.eu\" srcset=\"https:\/\/costablanca-magazin.com\/wp-content\/uploads\/2026\/01\/iryo-zug-@iryo.eu_.jpg 1200w, https:\/\/costablanca-magazin.com\/wp-content\/uploads\/2026\/01\/iryo-zug-@iryo.eu_-300x200.jpg 300w, https:\/\/costablanca-magazin.com\/wp-content\/uploads\/2026\/01\/iryo-zug-@iryo.eu_-1024x683.jpg 1024w, https:\/\/costablanca-magazin.com\/wp-content\/uploads\/2026\/01\/iryo-zug-@iryo.eu_-768x512.jpg 768w, https:\/\/costablanca-magazin.com\/wp-content\/uploads\/2026\/01\/iryo-zug-@iryo.eu_-18x12.jpg 18w\" sizes=\"(max-width: 1200px) 100vw, 1200px\" \/><\/div><\/a>\n\t\t\t\t<div class=\"elementor-post__badge\">Noticias y pol\u00edtica<\/div>\n\t\t\t\t<div class=\"elementor-post__avatar\">\n\t\t\t\t\t<\/div>\n\t\t\t\t<div class=\"elementor-post__text\">\n\t\t\t\t<h3 class=\"elementor-post__title\">\n\t\t\t<a href=\"https:\/\/costablanca-magazin.com\/es\/lokales\/news-politik\/spanien-schweres-zugunglueck-39-tote-nach-entgleisung-bei-cordoba\/\" >\n\t\t\t\tEspa\u00f1a - Grave accidente ferroviario: 39 muertos tras descarrilar cerca de C\u00f3rdoba\t\t\t<\/a>\n\t\t<\/h3>\n\t\t\t\t<div class=\"elementor-post__excerpt\">\n\t\t\t<p>Espa\u00f1a - Grave accidente ferroviario: 39 muertos tras descarrilar cerca de C\u00f3rdoba 39 personas han muerto tras descarrilar dos trenes de alta velocidad en Adamuz, cerca de C\u00f3rdoba,<\/p>\n\t\t<\/div>\n\t\t\n\t\t<a class=\"elementor-post__read-more\" href=\"https:\/\/costablanca-magazin.com\/es\/lokales\/news-politik\/spanien-schweres-zugunglueck-39-tote-nach-entgleisung-bei-cordoba\/\" aria-label=\"M\u00e1s informaci\u00f3n sobre Spanien &#8211; Schweres Zugungl\u00fcck: 39 Tote nach Entgleisung bei C\u00f3rdoba\" tabindex=\"-1\" >\n\t\t\tLeer m\u00e1s \u00bb\t\t<\/a>\n\n\t\t\t\t<\/div>\n\t\t\t\t\t<\/div>\n\t\t<\/article>\n\t\t\t\t<article class=\"elementor-post elementor-grid-item post-9496 post type-post status-publish format-standard has-post-thumbnail hentry category-infos tag-consorcio-de-aguas-marina-baixa tag-entsalzungsanlage-denia tag-nachhaltige-bewaesserung tag-troepfchenbewaesserung tag-wasserknappheit tag-wassermanagement-costa-blanca tag-wiederverwendung-wasser-spanien\" role=\"listitem\">\n\t\t\t<div class=\"elementor-post__card\">\n\t\t\t\t<a class=\"elementor-post__thumbnail__link\" href=\"https:\/\/costablanca-magazin.com\/es\/lokales\/infos\/intelligentes-wassermanagement-an-der-costa-blanca\/\" tabindex=\"-1\" ><div class=\"elementor-post__thumbnail\"><img decoding=\"async\" width=\"1200\" height=\"800\" src=\"https:\/\/costablanca-magazin.com\/wp-content\/uploads\/2025\/11\/be-water-wise-2025-04-05-16-36-59-utc.jpg\" class=\"attachment-1536x1536 size-1536x1536 wp-image-9498\" alt=\"De D\u00e9nia a Benidorm: as\u00ed organiza la Costa Blanca los ciclos del agua, la desalinizaci\u00f3n y la reutilizaci\u00f3n para un futuro sostenible.\" srcset=\"https:\/\/costablanca-magazin.com\/wp-content\/uploads\/2025\/11\/be-water-wise-2025-04-05-16-36-59-utc.jpg 1200w, https:\/\/costablanca-magazin.com\/wp-content\/uploads\/2025\/11\/be-water-wise-2025-04-05-16-36-59-utc-300x200.jpg 300w, https:\/\/costablanca-magazin.com\/wp-content\/uploads\/2025\/11\/be-water-wise-2025-04-05-16-36-59-utc-1024x683.jpg 1024w, https:\/\/costablanca-magazin.com\/wp-content\/uploads\/2025\/11\/be-water-wise-2025-04-05-16-36-59-utc-768x512.jpg 768w, https:\/\/costablanca-magazin.com\/wp-content\/uploads\/2025\/11\/be-water-wise-2025-04-05-16-36-59-utc-18x12.jpg 18w\" sizes=\"(max-width: 1200px) 100vw, 1200px\" \/><\/div><\/a>\n\t\t\t\t<div class=\"elementor-post__badge\">Informaci\u00f3n<\/div>\n\t\t\t\t<div class=\"elementor-post__avatar\">\n\t\t\t\t\t<\/div>\n\t\t\t\t<div class=\"elementor-post__text\">\n\t\t\t\t<h3 class=\"elementor-post__title\">\n\t\t\t<a href=\"https:\/\/costablanca-magazin.com\/es\/lokales\/infos\/intelligentes-wassermanagement-an-der-costa-blanca\/\" >\n\t\t\t\tGesti\u00f3n inteligente del agua en la Costa Blanca\t\t\t<\/a>\n\t\t<\/h3>\n\t\t\t\t<div class=\"elementor-post__excerpt\">\n\t\t\t<p>Gesti\u00f3n inteligente del agua en la Costa Blanca De D\u00e9nia a Benidorm: as\u00ed organiza la Costa Blanca los ciclos del agua, la desalaci\u00f3n y la reutilizaci\u00f3n para un futuro sostenible. El agua es<\/p>\n\t\t<\/div>\n\t\t\n\t\t<a class=\"elementor-post__read-more\" href=\"https:\/\/costablanca-magazin.com\/es\/lokales\/infos\/intelligentes-wassermanagement-an-der-costa-blanca\/\" aria-label=\"M\u00e1s informaci\u00f3n sobre Intelligentes Wassermanagement an der Costa Blanca\" tabindex=\"-1\" >\n\t\t\tLeer m\u00e1s \u00bb\t\t<\/a>\n\n\t\t\t\t<\/div>\n\t\t\t\t\t<\/div>\n\t\t<\/article>\n\t\t\t\t<article class=\"elementor-post elementor-grid-item post-9502 post type-post status-publish format-standard has-post-thumbnail hentry category-infos tag-angebote-costa-blanca-weihnachten tag-costa-blanca-black-friday-2025 tag-cyber-monday-costa-blanca tag-shopping-alicante-benidorm tag-verkaufsoffene-sonntage-comunidad-valenciana\" role=\"listitem\">\n\t\t\t<div class=\"elementor-post__card\">\n\t\t\t\t<a class=\"elementor-post__thumbnail__link\" href=\"https:\/\/costablanca-magazin.com\/es\/lokales\/infos\/black-friday-2025-costa-blanca-termine-shopping-tipps\/\" tabindex=\"-1\" ><div class=\"elementor-post__thumbnail\"><img decoding=\"async\" width=\"1536\" height=\"901\" src=\"https:\/\/costablanca-magazin.com\/wp-content\/uploads\/2025\/11\/discount-bild-scaled-e1763562987290-1536x901.jpg\" class=\"attachment-1536x1536 size-1536x1536 wp-image-9503\" alt=\"Costa Blanca Black Friday 2025, Cyber Monday Costa Blanca, Shopping Alicante Benidorm, Domingos abiertos para compras Comunidad Valenciana, Ofertas Costa Blanca Navidad\" srcset=\"https:\/\/costablanca-magazin.com\/wp-content\/uploads\/2025\/11\/discount-bild-scaled-e1763562987290-1536x901.jpg 1536w, https:\/\/costablanca-magazin.com\/wp-content\/uploads\/2025\/11\/discount-bild-scaled-e1763562987290-300x176.jpg 300w, https:\/\/costablanca-magazin.com\/wp-content\/uploads\/2025\/11\/discount-bild-scaled-e1763562987290-768x451.jpg 768w, https:\/\/costablanca-magazin.com\/wp-content\/uploads\/2025\/11\/discount-bild-scaled-e1763562987290-2048x1202.jpg 2048w, https:\/\/costablanca-magazin.com\/wp-content\/uploads\/2025\/11\/discount-bild-scaled-e1763562987290-18x12.jpg 18w\" sizes=\"(max-width: 1536px) 100vw, 1536px\" \/><\/div><\/a>\n\t\t\t\t<div class=\"elementor-post__badge\">Informaci\u00f3n<\/div>\n\t\t\t\t<div class=\"elementor-post__avatar\">\n\t\t\t\t\t<\/div>\n\t\t\t\t<div class=\"elementor-post__text\">\n\t\t\t\t<h3 class=\"elementor-post__title\">\n\t\t\t<a href=\"https:\/\/costablanca-magazin.com\/es\/lokales\/infos\/black-friday-2025-costa-blanca-termine-shopping-tipps\/\" >\n\t\t\t\tBlack Friday 2025 Costa Blanca: fechas y consejos de compra\t\t\t<\/a>\n\t\t<\/h3>\n\t\t\t\t<div class=\"elementor-post__excerpt\">\n\t\t\t<p>Black Friday 2025 Costa Blanca: fechas y consejos de compra Black Friday y Cyber Monday en la Costa Blanca 2025: promociones, aperturas dominicales en zonas tur\u00edsticas y consejos para<\/p>\n\t\t<\/div>\n\t\t\n\t\t<a class=\"elementor-post__read-more\" href=\"https:\/\/costablanca-magazin.com\/es\/lokales\/infos\/black-friday-2025-costa-blanca-termine-shopping-tipps\/\" aria-label=\"M\u00e1s informaci\u00f3n sobre Black Friday 2025 Costa Blanca: Termine &amp; Shopping-Tipps\" tabindex=\"-1\" >\n\t\t\tLeer m\u00e1s \u00bb\t\t<\/a>\n\n\t\t\t\t<\/div>\n\t\t\t\t\t<\/div>\n\t\t<\/article>\n\t\t\t\t<\/div>\n\t\t\n\t\t\t\t\t\t<\/div>\n\t\t\t\t<\/div>\n\t\t\t\t\t<\/div>\n\t\t\t\t<\/div>\n\t\t\t\t<\/div>","protected":false},"excerpt":{"rendered":"<p>E-Scooter auf Mallorca: Registrierung &amp; Versicherung jetzt Pflicht E-Scooter auf Mallorca m\u00fcssen im DGT-Register eingetragen sein. Erst danach ist eine Versicherung m\u00f6glich. Regeln, Fristen &amp; Bu\u00dfgelder im \u00dcberblick. Mit der Einf\u00fchrung des nationalen Registers f\u00fcr leichte Privatfahrzeuge (VMP) setzt Spanien die gesetzlich vorgeschriebene Versicherungspflicht f\u00fcr E-Scooter und \u00e4hnliche Fahrzeuge nun vollst\u00e4ndig um. Der Ministerrat hat [&hellip;]<\/p>\n","protected":false},"author":1,"featured_media":10540,"comment_status":"closed","ping_status":"closed","sticky":false,"template":"elementor_header_footer","format":"standard","meta":{"om_disable_all_campaigns":false,"_monsterinsights_skip_tracking":false,"_monsterinsights_sitenote_active":false,"_monsterinsights_sitenote_note":"","_monsterinsights_sitenote_category":0,"footnotes":""},"categories":[19],"tags":[1572,1575,1570,1569,1571,1573,1574],"class_list":["post-10539","post","type-post","status-publish","format-standard","has-post-thumbnail","hentry","category-mobilitaet-verkehr","tag-bussgeld-e-scooter","tag-costa-blanca-e-scooter","tag-e-scooter-registrierung","tag-e-scooter-spanien","tag-e-scooter-versicherung-spanien","tag-gesetz-5-2025","tag-vmp-register-dgt"],"aioseo_notices":[],"_links":{"self":[{"href":"https:\/\/costablanca-magazin.com\/es\/wp-json\/wp\/v2\/posts\/10539","targetHints":{"allow":["GET"]}}],"collection":[{"href":"https:\/\/costablanca-magazin.com\/es\/wp-json\/wp\/v2\/posts"}],"about":[{"href":"https:\/\/costablanca-magazin.com\/es\/wp-json\/wp\/v2\/types\/post"}],"author":[{"embeddable":true,"href":"https:\/\/costablanca-magazin.com\/es\/wp-json\/wp\/v2\/users\/1"}],"replies":[{"embeddable":true,"href":"https:\/\/costablanca-magazin.com\/es\/wp-json\/wp\/v2\/comments?post=10539"}],"version-history":[{"count":4,"href":"https:\/\/costablanca-magazin.com\/es\/wp-json\/wp\/v2\/posts\/10539\/revisions"}],"predecessor-version":[{"id":10544,"href":"https:\/\/costablanca-magazin.com\/es\/wp-json\/wp\/v2\/posts\/10539\/revisions\/10544"}],"wp:featuredmedia":[{"embeddable":true,"href":"https:\/\/costablanca-magazin.com\/es\/wp-json\/wp\/v2\/media\/10540"}],"wp:attachment":[{"href":"https:\/\/costablanca-magazin.com\/es\/wp-json\/wp\/v2\/media?parent=10539"}],"wp:term":[{"taxonomy":"category","embeddable":true,"href":"https:\/\/costablanca-magazin.com\/es\/wp-json\/wp\/v2\/categories?post=10539"},{"taxonomy":"post_tag","embeddable":true,"href":"https:\/\/costablanca-magazin.com\/es\/wp-json\/wp\/v2\/tags?post=10539"}],"curies":[{"name":"wp","href":"https:\/\/api.w.org\/{rel}","templated":true}]}}