{"id":10322,"date":"2025-12-22T09:00:00","date_gmt":"2025-12-22T08:00:00","guid":{"rendered":"https:\/\/costablanca-magazin.com\/?p=10322"},"modified":"2026-03-18T08:41:16","modified_gmt":"2026-03-18T07:41:16","slug":"los-mejores-centros-comerciales-de-la-costa-blanca","status":"publish","type":"post","link":"https:\/\/costablanca-magazin.com\/es\/residenten\/leben-in-spanien\/top-einkaufszentren-an-der-costa-blanca\/","title":{"rendered":"Los mejores centros comerciales de la Costa Blanca"},"content":{"rendered":"<div data-elementor-type=\"wp-post\" data-elementor-id=\"10322\" class=\"elementor elementor-10322\" data-elementor-post-type=\"post\">\n\t\t\t\t\t\t<section class=\"elementor-section elementor-top-section elementor-element elementor-element-6d21007 elementor-section-boxed elementor-section-height-default elementor-section-height-default\" data-id=\"6d21007\" data-element_type=\"section\" data-e-type=\"section\">\n\t\t\t\t\t\t<div class=\"elementor-container elementor-column-gap-default\">\n\t\t\t\t\t<div class=\"elementor-column elementor-col-100 elementor-top-column elementor-element elementor-element-2fb8513\" data-id=\"2fb8513\" data-element_type=\"column\" data-e-type=\"column\">\n\t\t\t<div class=\"elementor-widget-wrap elementor-element-populated\">\n\t\t\t\t\t\t<div class=\"elementor-element elementor-element-27fa52f elementor-widget elementor-widget-text-editor\" data-id=\"27fa52f\" data-element_type=\"widget\" data-e-type=\"widget\" data-widget_type=\"text-editor.default\">\n\t\t\t\t<div class=\"elementor-widget-container\">\n\t\t\t\t\t\t\t\t\t<p class=\"ai-h1title\"><strong>Los mejores centros comerciales de la Costa Blanca<\/strong><\/p>\t\t\t\t\t\t\t\t<\/div>\n\t\t\t\t<\/div>\n\t\t\t\t\t<\/div>\n\t\t<\/div>\n\t\t\t\t\t<\/div>\n\t\t<\/section>\n\t\t<div class=\"elementor-element elementor-element-e6d41b3 e-flex e-con-boxed e-con e-parent\" data-id=\"e6d41b3\" data-element_type=\"container\" data-e-type=\"container\">\n\t\t\t\t\t<div class=\"e-con-inner\">\n\t\t\t\t<div class=\"elementor-element elementor-element-ee8b37a elementor-widget elementor-widget-heading\" data-id=\"ee8b37a\" data-element_type=\"widget\" data-e-type=\"widget\" data-widget_type=\"heading.default\">\n\t\t\t\t<div class=\"elementor-widget-container\">\n\t\t\t\t\t<h1 class=\"elementor-heading-title elementor-size-default\">Los mejores centros comerciales de la Costa Blanca<\/h1>\t\t\t\t<\/div>\n\t\t\t\t<\/div>\n\t\t\t\t<div class=\"elementor-element elementor-element-8ffd0bc elementor-widget elementor-widget-image\" data-id=\"8ffd0bc\" data-element_type=\"widget\" data-e-type=\"widget\" data-widget_type=\"image.default\">\n\t\t\t\t<div class=\"elementor-widget-container\">\n\t\t\t\t\t\t\t\t\t\t\t\t\t\t\t<img decoding=\"async\" src=\"https:\/\/costablanca-magazin.com\/wp-content\/uploads\/elementor\/thumbs\/shops-with-clothes-at-the-modern-shopping-mall-sho-2025-02-25-20-13-18-utc-scaled-e1766343366694-rjc2lzc547zuye49mubyzm93ie7rnsnomqxfb16lxw.jpg\" title=\"Centro comercial Costa Blanca\" alt=\"Centro comercial Costa Blanca\" loading=\"lazy\" \/>\t\t\t\t\t\t\t\t\t\t\t\t\t\t\t<\/div>\n\t\t\t\t<\/div>\n\t\t\t\t<div class=\"elementor-element elementor-element-8864176 elementor-widget elementor-widget-heading\" data-id=\"8864176\" data-element_type=\"widget\" data-e-type=\"widget\" data-widget_type=\"heading.default\">\n\t\t\t\t<div class=\"elementor-widget-container\">\n\t\t\t\t\t<h2 class=\"elementor-heading-title elementor-size-default\">Los centros comerciales de la Costa Blanca que realmente importan en el d\u00eda a d\u00eda: desde Portal de la Marina hasta Alicante y Zenia Boulevard, una visi\u00f3n general compacta para todos.<\/h2>\t\t\t\t<\/div>\n\t\t\t\t<\/div>\n\t\t\t\t\t<\/div>\n\t\t\t\t<\/div>\n\t\t<div class=\"elementor-element elementor-element-0f44222 e-flex e-con-boxed e-con e-parent\" data-id=\"0f44222\" data-element_type=\"container\" data-e-type=\"container\">\n\t\t\t\t\t<div class=\"e-con-inner\">\n\t\t<div class=\"elementor-element elementor-element-f7fba4e e-con-full e-flex e-con e-child\" data-id=\"f7fba4e\" data-element_type=\"container\" data-e-type=\"container\">\n\t\t\t\t<div class=\"elementor-element elementor-element-d711714 elementor-widget elementor-widget-text-editor\" data-id=\"d711714\" data-element_type=\"widget\" data-e-type=\"widget\" data-widget_type=\"text-editor.default\">\n\t\t\t\t<div class=\"elementor-widget-container\">\n\t\t\t\t\t\t\t\t\t<p>Los centros comerciales forman parte del d\u00eda a d\u00eda de la Costa Blanca, como el caf\u00e9 matutino en el bar. Quienes viven aqu\u00ed lo saben: algunas cosas se hacen en el pueblo, pero para otras hay que desplazarse a uno de los grandes centros comerciales que hay a lo largo de la costa. Los centros son muy diferentes entre s\u00ed, tanto en tama\u00f1o como en p\u00fablico y oferta, y por eso merece la pena echar un vistazo para saber d\u00f3nde encontrar lo que se busca.<\/p>\n<!-- ai-h1words -->\n<p>En la Costa Blanca, centros comerciales como el Portal de la Marina o Zenia Boulevard son focos permanentes de la vida cotidiana y quienes compran en la zona saben r\u00e1pidamente cu\u00e1l es el mejor centro de moda, tecnolog\u00eda o restauraci\u00f3n.<\/p>\n<!-- \/ai-h1words -->\n\n<p>En el norte, muchas cosas comienzan en Ondara. El Portal de la Marina es el lugar de referencia para D\u00e9nia, J\u00e1vea y las localidades vecinas cuando se busca moda, tecnolog\u00eda o simplemente una selecci\u00f3n variada. Aqu\u00ed se re\u00fanen familias, trabajadores y profesionales que combinan varios recados bajo un mismo techo.<\/p><p>Hacia Benidorm, el car\u00e1cter cambia. El centro comercial de Finestrat da servicio a toda la Marina Baixa, desde La Nuc\u00eda hasta Villajoyosa. Quien busca un nuevo aparato, equipamiento deportivo o moda actual, acaba r\u00e1pidamente aqu\u00ed. Su ubicaci\u00f3n junto a las principales v\u00edas de comunicaci\u00f3n lo convierte en una opci\u00f3n pr\u00e1ctica para muchos.<\/p><p>La propia Alicante ofrece dos puntos de referencia importantes. Plaza Mar 2 est\u00e1 cerca de la ciudad y es muy frecuentada por personas a las que les gusta comprar de forma organizada sin tener que desplazarse por el centro. Gran V\u00eda es su equivalente en los barrios del norte: menos urbana, pero muy pr\u00e1ctica para el d\u00eda a d\u00eda. Y quienes busquen gangas de marca pueden dirigirse a San Vicente, a las tiendas outlet, una recomendaci\u00f3n clara para los aficionados al deporte y la moda.<\/p><p>Al sur de Alicante, las compras se distribuyen en centros m\u00e1s peque\u00f1os pero estables. Para muchos, Habaneras, en Torrevieja, es el lugar donde se pueden combinar varias cosas por la tarde sin tener que buscar mucho. Punta Marina es la versi\u00f3n compacta de esto: un centro para compras r\u00e1pidas y pr\u00e1cticas que abastece de forma fiable a las zonas residenciales del sur.<\/p><p>M\u00e1s al sur, Dos Mares, en San Javier, se convierte en el punto central. Muchos habitantes del sur de la Costa Blanca lo utilizan porque es lo suficientemente grande como para hacer compras importantes, pero sigue siendo f\u00e1cil de recorrer.<\/p><p>El centro comercial m\u00e1s grande y vers\u00e1til de la zona sur es el Zenia Boulevard. Su arquitectura semiabierta, su buena orientaci\u00f3n y su mezcla de moda, tecnolog\u00eda, decoraci\u00f3n y gastronom\u00eda lo convierten en uno de los lugares de compras m\u00e1s frecuentados. Para los residentes de La Zenia, Playa Flamenca, Cabo Roig o Punta Prima, hace tiempo que se ha convertido en parte integrante de su d\u00eda a d\u00eda.<\/p><p>Ya sean grandes o compactos, urbanos o funcionales, los centros comerciales de la Costa Blanca cubren toda la gama. Facilitan la vida cotidiana, agrupan ofertas y ahorran muchos desplazamientos. Por eso mismo, son uno de esos lugares que se aprende a apreciar r\u00e1pidamente cuando se vive aqu\u00ed.<\/p><p><strong>Marina Alta<br \/><\/strong><strong>Portal de la Marina \u2013 Ondara (D\u00e9nia \/ J\u00e1vea \/ Pedreguer)<br \/><\/strong><strong>Por qu\u00e9 es relevante:<\/strong> El centro m\u00e1s grande del norte<br \/><strong>\u00bfQu\u00e9 hay?<\/strong> Moda, tecnolog\u00eda, hogar, supermercado, gastronom\u00eda<br \/><strong>Direcci\u00f3n:<\/strong> Av. Costa Blanca, 1, 03760 Ondara<br \/><strong>Sitio web:<\/strong> <a href=\"https:\/\/www.portaldelamarina.org?utm_source=chatgpt.com\">https:\/\/www.portaldelamarina.org<\/a><\/p><p><strong>Marina Baixa: urbana y costera<br \/><\/strong><strong>La Marina Shopping \u2013 Finestrat \/ Benidorm<br \/><\/strong><strong>Por qu\u00e9 es relevante:<\/strong> Importante para Villajoyosa, La Nuc\u00eda, Benidorm, Altea<br \/><strong>\u00bfQu\u00e9 hay?<\/strong> Zara, Primark, H&amp;M, MediaMarkt, deporte, gastronom\u00eda<br \/><strong>Direcci\u00f3n:<\/strong> Av. Pa\u00eds Valenci\u00e0, 2, 03509 Finestrat<br \/><strong>Sitio web:<\/strong> https:\/\/cclamarina.com<\/p>\t\t\t\t\t\t\t\t<\/div>\n\t\t\t\t<\/div>\n\t\t\t\t<\/div>\n\t\t<div class=\"elementor-element elementor-element-f7f83dc e-con-full e-flex e-con e-child\" data-id=\"f7f83dc\" data-element_type=\"container\" data-e-type=\"container\">\n\t\t\t\t<div class=\"elementor-element elementor-element-a7c43ff elementor-widget elementor-widget-text-editor\" data-id=\"a7c43ff\" data-element_type=\"widget\" data-e-type=\"widget\" data-widget_type=\"text-editor.default\">\n\t\t\t\t<div class=\"elementor-widget-container\">\n\t\t\t\t\t\t\t\t\t<p><strong>Ciudad de Alicante <\/strong><strong>Plaza Mar 2 \u2013 Alicante<br \/><\/strong><strong>Por qu\u00e9 es relevante:<\/strong> Gran centro comercial cerca de la ciudad.<br \/><strong>\u00bfQu\u00e9 hay?<\/strong> Moda, hogar, deporte, supermercado, cine<br \/><strong>Direcci\u00f3n:<\/strong> Av. de D\u00e9nia, s\/n, 03016 Alicante<br \/><strong>Sitio web:<\/strong> <a href=\"https:\/\/www.plazamar2.com?utm_source=chatgpt.com\">https:\/\/www.plazamar2.com<\/a><\/p><p><strong>Centro Comercial Gran V\u00eda \u2013 Alicante<br \/><\/strong><strong>Por qu\u00e9 es relevante:<\/strong> muy utilizado por los lugare\u00f1os<br \/><strong>\u00bfQu\u00e9 hay?<\/strong> Moda, decoraci\u00f3n, vida cotidiana\/compras<br \/><strong>Direcci\u00f3n:<\/strong> Av. de la Gran V\u00eda, 75, 03009 Alicante<br \/><strong>Sitio web:<\/strong> https:\/\/ccgranvia.com<\/p><p><strong>The Outlet Stores Alicante \u2013 San Vicente del Raspeig<br \/><\/strong><strong>Por qu\u00e9 es relevante:<\/strong> Centro outlet de moda y deporte<br \/><strong>Direcci\u00f3n:<\/strong> Av. de la Universidad, 1, 03690 San Vicente del Raspeig<br \/><strong>Sitio web:<\/strong> <a href=\"https:\/\/www.theoutletstoresalicante.es\/\">https:\/\/theoutletstoresalicante.com<\/a><\/p><p><strong>Vega Baja \u2013 zona costera sur<br \/>Zenia Boulevard \u2013 La Zenia (Orihuela Costa)<br \/><\/strong><strong>Por qu\u00e9 es relevante:<\/strong> uno de los centros comerciales m\u00e1s grandes de la costa<br \/><strong>\u00bfQu\u00e9 hay?<\/strong> Moda, tecnolog\u00eda, decoraci\u00f3n, gastronom\u00eda<br \/><strong>Direcci\u00f3n:<\/strong> C. Jade, 2, 03189 Orihuela Costa<br \/><strong>Sitio web:<\/strong> <a href=\"https:\/\/zeniaboulevard.es?utm_source=chatgpt.com\">https:\/\/zeniaboulevard.es<\/a><\/p><p><strong>Habaneras \u2013 Torrevieja<br \/><\/strong><strong>Por qu\u00e9 es relevante:<\/strong> Centro urbano con moda, deporte y servicios<br \/><strong>Direcci\u00f3n:<\/strong> Av. Rosa Maz\u00f3n Valero, 7, 03184 Torrevieja<br \/><strong>Sitio web:<\/strong> <a href=\"https:\/\/habaneras.es\">https:\/\/habaneras.es<\/a><\/p><p><strong>Centro Comercial Punta Marina \u2013 Torrevieja Sur<br \/><\/strong><strong>Por qu\u00e9 es relevante:<\/strong> Extremadamente pr\u00e1ctico para el d\u00eda a d\u00eda.<br \/><strong>\u00bfQu\u00e9 hay?<\/strong> Supermercado, droguer\u00eda, moda, restaurantes<br \/><strong>Direcci\u00f3n:<\/strong> C. Tosca, 2, 03185 Torrevieja<\/p><p><strong>Centro Comercial Dos Mares \u2013 San Javier (Murcia, pero relevante para la Costa Blanca Sur)<br \/><\/strong><strong>Por qu\u00e9 es relevante:<\/strong> Muy frecuentado por residentes de Mil Palmeras, Campoamor, Pilar de la Horadada.<br \/><strong>Direcci\u00f3n:<\/strong> C. Mar Menor, 1, 30730 San Javier<br \/><strong>Sitio web:<\/strong> https:\/\/dosmaresshopping.com\/<\/p><p><strong>Zonas comerciales del centro de la ciudad (no son centros comerciales, pero son importantes)<br \/><\/strong><strong>Alicante \u2013 Rambla \/ Maisonnave (incluido El Corte Ingl\u00e9s)<br \/><\/strong><strong>Por qu\u00e9 es relevante:<\/strong> La calle comercial cl\u00e1sica m\u00e1s importante de la regi\u00f3n.<br \/><strong>Direcci\u00f3n El Corte Ingl\u00e9s:<\/strong> Av. Federico Soto, 1, 03003 Alicante<\/p><p><strong>Elche \u2013 Centro \/ L\u2019Aljub<br \/><\/strong><strong>Por qu\u00e9 es relevante:<\/strong> Ciudad tradicional del calzado + centro moderno L\u2019Aljub<br \/><strong>Direcci\u00f3n del Centro L\u2019Aljub:<\/strong> Av. Alcalde Ram\u00f3n Pastor, 2, 03295 Elche<br \/><strong>Sitio web:<\/strong> https:\/\/www.cclaljub.com<\/p>\t\t\t\t\t\t\t\t<\/div>\n\t\t\t\t<\/div>\n\t\t\t\t<\/div>\n\t\t\t\t\t<\/div>\n\t\t\t\t<\/div>\n\t\t<div class=\"elementor-element elementor-element-2c7d000 e-flex e-con-boxed e-con e-parent\" data-id=\"2c7d000\" data-element_type=\"container\" data-e-type=\"container\">\n\t\t\t\t\t<div class=\"e-con-inner\">\n\t\t\t\t<div class=\"elementor-element elementor-element-3cabd31 elementor-widget-divider--separator-type-pattern elementor-widget-divider--no-spacing elementor-widget-divider--view-line elementor-widget elementor-widget-divider\" data-id=\"3cabd31\" data-element_type=\"widget\" data-e-type=\"widget\" data-widget_type=\"divider.default\">\n\t\t\t\t<div class=\"elementor-widget-container\">\n\t\t\t\t\t\t\t<div class=\"elementor-divider\" style=\"--divider-pattern-url: url(&quot;data:image\/svg+xml,%3Csvg xmlns=&#039;http:\/\/www.w3.org\/2000\/svg&#039; preserveAspectRatio=&#039;xMidYMid meet&#039; overflow=&#039;visible&#039; height=&#039;100%&#039; viewBox=&#039;0 0 126 26&#039; fill=&#039;black&#039; stroke=&#039;none&#039;%3E%3Cpath d=&#039;M3,10.2c2.6,0,2.6,2,2.6,3.2S4.4,16.5,3,16.5s-3-1.4-3-3.2S0.4,10.2,3,10.2z M18.8,10.2c1.7,0,3.2,1.4,3.2,3.2s-1.4,3.2-3.2,3.2c-1.7,0-3.2-1.4-3.2-3.2S17,10.2,18.8,10.2z M34.6,10.2c1.5,0,2.6,1.4,2.6,3.2s-0.5,3.2-1.9,3.2c-1.5,0-3.4-1.4-3.4-3.2S33.1,10.2,34.6,10.2z M50.5,10.2c1.7,0,3.2,1.4,3.2,3.2s-1.4,3.2-3.2,3.2c-1.7,0-3.3-0.9-3.3-2.6S48.7,10.2,50.5,10.2z M66.2,10.2c1.5,0,3.4,1.4,3.4,3.2s-1.9,3.2-3.4,3.2c-1.5,0-2.6-0.4-2.6-2.1S64.8,10.2,66.2,10.2z M82.2,10.2c1.7,0.8,2.6,1.4,2.6,3.2s-0.1,3.2-1.6,3.2c-1.5,0-3.7-1.4-3.7-3.2S80.5,9.4,82.2,10.2zM98.6,10.2c1.5,0,2.6,0.4,2.6,2.1s-1.2,4.2-2.6,4.2c-1.5,0-3.7-0.4-3.7-2.1S97.1,10.2,98.6,10.2z M113.4,10.2c1.2,0,2.2,0.9,2.2,3.2s-0.1,3.2-1.3,3.2s-3.1-1.4-3.1-3.2S112.2,10.2,113.4,10.2z&#039;\/%3E%3C\/svg%3E&quot;);\">\n\t\t\t<span class=\"elementor-divider-separator\">\n\t\t\t\t\t\t<\/span>\n\t\t<\/div>\n\t\t\t\t\t\t<\/div>\n\t\t\t\t<\/div>\n\t\t\t\t<div class=\"elementor-element elementor-element-10d7863 elementor-grid-3 elementor-grid-tablet-2 elementor-grid-mobile-1 elementor-posts--thumbnail-top elementor-posts--show-avatar elementor-card-shadow-yes elementor-posts__hover-gradient elementor-widget elementor-widget-posts\" data-id=\"10d7863\" data-element_type=\"widget\" data-e-type=\"widget\" data-settings=\"{&quot;cards_columns&quot;:&quot;3&quot;,&quot;cards_columns_tablet&quot;:&quot;2&quot;,&quot;cards_columns_mobile&quot;:&quot;1&quot;,&quot;cards_row_gap&quot;:{&quot;unit&quot;:&quot;px&quot;,&quot;size&quot;:35,&quot;sizes&quot;:[]},&quot;cards_row_gap_tablet&quot;:{&quot;unit&quot;:&quot;px&quot;,&quot;size&quot;:&quot;&quot;,&quot;sizes&quot;:[]},&quot;cards_row_gap_mobile&quot;:{&quot;unit&quot;:&quot;px&quot;,&quot;size&quot;:&quot;&quot;,&quot;sizes&quot;:[]}}\" data-widget_type=\"posts.cards\">\n\t\t\t\t<div class=\"elementor-widget-container\">\n\t\t\t\t\t\t\t<div class=\"elementor-posts-container elementor-posts elementor-posts--skin-cards elementor-grid\" role=\"list\">\n\t\t\t\t<article class=\"elementor-post elementor-grid-item post-9925 post type-post status-publish format-standard has-post-thumbnail hentry category-leben-in-spanien tag-comunidad-de-propietarios tag-costa-blanca-immobilien tag-haftung-wasserschaden tag-tropfende-decke tag-versicherung-wasserschaden-spanien tag-wasserschaden-nachbar-spanien\" role=\"listitem\">\n\t\t\t<div class=\"elementor-post__card\">\n\t\t\t\t<a class=\"elementor-post__thumbnail__link\" href=\"https:\/\/costablanca-magazin.com\/es\/residenten\/leben-in-spanien\/wasserschaeden-durch-nachbarn-richtig-regeln\/\" tabindex=\"-1\" ><div class=\"elementor-post__thumbnail\"><img fetchpriority=\"high\" decoding=\"async\" width=\"2560\" height=\"1708\" src=\"https:\/\/costablanca-magazin.com\/wp-content\/uploads\/2025\/11\/girl-in-jeans-sitting-in-living-room-with-umbrella-2024-11-18-10-53-58-utc-scaled.jpg\" class=\"attachment-full size-full wp-image-9965\" alt=\"C\u00f3mo resolver correctamente los da\u00f1os causados por el agua por parte de los vecinos\" srcset=\"https:\/\/costablanca-magazin.com\/wp-content\/uploads\/2025\/11\/girl-in-jeans-sitting-in-living-room-with-umbrella-2024-11-18-10-53-58-utc-scaled.jpg 2560w, https:\/\/costablanca-magazin.com\/wp-content\/uploads\/2025\/11\/girl-in-jeans-sitting-in-living-room-with-umbrella-2024-11-18-10-53-58-utc-300x200.jpg 300w, https:\/\/costablanca-magazin.com\/wp-content\/uploads\/2025\/11\/girl-in-jeans-sitting-in-living-room-with-umbrella-2024-11-18-10-53-58-utc-1024x683.jpg 1024w, https:\/\/costablanca-magazin.com\/wp-content\/uploads\/2025\/11\/girl-in-jeans-sitting-in-living-room-with-umbrella-2024-11-18-10-53-58-utc-768x513.jpg 768w, https:\/\/costablanca-magazin.com\/wp-content\/uploads\/2025\/11\/girl-in-jeans-sitting-in-living-room-with-umbrella-2024-11-18-10-53-58-utc-1536x1025.jpg 1536w, https:\/\/costablanca-magazin.com\/wp-content\/uploads\/2025\/11\/girl-in-jeans-sitting-in-living-room-with-umbrella-2024-11-18-10-53-58-utc-2048x1367.jpg 2048w, https:\/\/costablanca-magazin.com\/wp-content\/uploads\/2025\/11\/girl-in-jeans-sitting-in-living-room-with-umbrella-2024-11-18-10-53-58-utc-18x12.jpg 18w\" sizes=\"(max-width: 2560px) 100vw, 2560px\" \/><\/div><\/a>\n\t\t\t\t<div class=\"elementor-post__badge\">Vivir en Espa\u00f1a<\/div>\n\t\t\t\t<div class=\"elementor-post__avatar\">\n\t\t\t\t\t<\/div>\n\t\t\t\t<div class=\"elementor-post__text\">\n\t\t\t\t<h3 class=\"elementor-post__title\">\n\t\t\t<a href=\"https:\/\/costablanca-magazin.com\/es\/residenten\/leben-in-spanien\/wasserschaeden-durch-nachbarn-richtig-regeln\/\" >\n\t\t\t\tC\u00f3mo resolver correctamente los da\u00f1os causados por el agua por parte de los vecinos\t\t\t<\/a>\n\t\t<\/h3>\n\t\t\t\t<\/div>\n\t\t\t\t\t<\/div>\n\t\t<\/article>\n\t\t\t\t<article class=\"elementor-post elementor-grid-item post-9462 post type-post status-publish format-standard has-post-thumbnail hentry category-leben-in-spanien tag-bio-landwirtschaft-costa-blanca tag-costa-blanca-nachhaltigkeit tag-denia-villajoyosa tag-erneuerbare-energie-spanien tag-marina-alta-marina-baixa tag-nachhaltige-region-spanien tag-nachhaltiger-tourismus-costa-blanca\" role=\"listitem\">\n\t\t\t<div class=\"elementor-post__card\">\n\t\t\t\t<a class=\"elementor-post__thumbnail__link\" href=\"https:\/\/costablanca-magazin.com\/es\/residenten\/leben-in-spanien\/nachhaltigkeit-an-der-costa-blanca-wandel-fuer-die-zukunft\/\" tabindex=\"-1\" ><div class=\"elementor-post__thumbnail\"><img decoding=\"async\" width=\"1200\" height=\"685\" src=\"https:\/\/costablanca-magazin.com\/wp-content\/uploads\/2025\/11\/shutterstock_2620666373.jpg\" class=\"attachment-full size-full wp-image-9489\" alt=\"Vivir de forma sostenible en la Costa Blanca\" srcset=\"https:\/\/costablanca-magazin.com\/wp-content\/uploads\/2025\/11\/shutterstock_2620666373.jpg 1200w, https:\/\/costablanca-magazin.com\/wp-content\/uploads\/2025\/11\/shutterstock_2620666373-300x171.jpg 300w, https:\/\/costablanca-magazin.com\/wp-content\/uploads\/2025\/11\/shutterstock_2620666373-1024x585.jpg 1024w, https:\/\/costablanca-magazin.com\/wp-content\/uploads\/2025\/11\/shutterstock_2620666373-768x438.jpg 768w, https:\/\/costablanca-magazin.com\/wp-content\/uploads\/2025\/11\/shutterstock_2620666373-18x10.jpg 18w\" sizes=\"(max-width: 1200px) 100vw, 1200px\" \/><\/div><\/a>\n\t\t\t\t<div class=\"elementor-post__badge\">Vivir en Espa\u00f1a<\/div>\n\t\t\t\t<div class=\"elementor-post__avatar\">\n\t\t\t\t\t<\/div>\n\t\t\t\t<div class=\"elementor-post__text\">\n\t\t\t\t<h3 class=\"elementor-post__title\">\n\t\t\t<a href=\"https:\/\/costablanca-magazin.com\/es\/residenten\/leben-in-spanien\/nachhaltigkeit-an-der-costa-blanca-wandel-fuer-die-zukunft\/\" >\n\t\t\t\tSostenibilidad en la Costa Blanca: cambio para el futuro\t\t\t<\/a>\n\t\t<\/h3>\n\t\t\t\t<\/div>\n\t\t\t\t\t<\/div>\n\t\t<\/article>\n\t\t\t\t<article class=\"elementor-post elementor-grid-item post-9490 post type-post status-publish format-standard has-post-thumbnail hentry category-leben-in-spanien tag-agroboca tag-lokale-produzenten-marina-alta tag-mercat-del-riurau tag-nachhaltige-maerkte-spanien tag-nachhaltiger-konsum-denia tag-regional-einkaufen-costa-blanca tag-zero-waste-altea\" role=\"listitem\">\n\t\t\t<div class=\"elementor-post__card\">\n\t\t\t\t<a class=\"elementor-post__thumbnail__link\" href=\"https:\/\/costablanca-magazin.com\/es\/residenten\/leben-in-spanien\/nachhaltige-maerkte-manufakturen-an-der-costa-blanca\/\" tabindex=\"-1\" ><div class=\"elementor-post__thumbnail\"><img decoding=\"async\" width=\"1200\" height=\"800\" src=\"https:\/\/costablanca-magazin.com\/wp-content\/uploads\/2025\/11\/baskets-full-of-freshly-plucked-various-vegetables-2025-03-15-00-28-25-utc.jpg\" class=\"attachment-full size-full wp-image-9491\" alt=\"De Jes\u00fas Pobre a Altea: mercados regionales, tiendas sin envasar y cooperativas online cambian el comportamiento de compra entre la Marina Alta y la Baixa.\" srcset=\"https:\/\/costablanca-magazin.com\/wp-content\/uploads\/2025\/11\/baskets-full-of-freshly-plucked-various-vegetables-2025-03-15-00-28-25-utc.jpg 1200w, https:\/\/costablanca-magazin.com\/wp-content\/uploads\/2025\/11\/baskets-full-of-freshly-plucked-various-vegetables-2025-03-15-00-28-25-utc-300x200.jpg 300w, https:\/\/costablanca-magazin.com\/wp-content\/uploads\/2025\/11\/baskets-full-of-freshly-plucked-various-vegetables-2025-03-15-00-28-25-utc-1024x683.jpg 1024w, https:\/\/costablanca-magazin.com\/wp-content\/uploads\/2025\/11\/baskets-full-of-freshly-plucked-various-vegetables-2025-03-15-00-28-25-utc-768x512.jpg 768w, https:\/\/costablanca-magazin.com\/wp-content\/uploads\/2025\/11\/baskets-full-of-freshly-plucked-various-vegetables-2025-03-15-00-28-25-utc-18x12.jpg 18w\" sizes=\"(max-width: 1200px) 100vw, 1200px\" \/><\/div><\/a>\n\t\t\t\t<div class=\"elementor-post__badge\">Vivir en Espa\u00f1a<\/div>\n\t\t\t\t<div class=\"elementor-post__avatar\">\n\t\t\t\t\t<\/div>\n\t\t\t\t<div class=\"elementor-post__text\">\n\t\t\t\t<h3 class=\"elementor-post__title\">\n\t\t\t<a href=\"https:\/\/costablanca-magazin.com\/es\/residenten\/leben-in-spanien\/nachhaltige-maerkte-manufakturen-an-der-costa-blanca\/\" >\n\t\t\t\tMercados y f\u00e1bricas sostenibles en la Costa Blanca\t\t\t<\/a>\n\t\t<\/h3>\n\t\t\t\t<\/div>\n\t\t\t\t\t<\/div>\n\t\t<\/article>\n\t\t\t\t<\/div>\n\t\t\n\t\t\t\t\t\t<\/div>\n\t\t\t\t<\/div>\n\t\t\t\t\t<\/div>\n\t\t\t\t<\/div>\n\t\t\t\t<\/div>","protected":false},"excerpt":{"rendered":"<p>Los mejores centros comerciales de la Costa Blanca Los mejores centros comerciales de la Costa Blanca \u00bfQu\u00e9 centros comerciales de la Costa Blanca son realmente los mejores en el d\u00eda a d\u00eda?<\/p>","protected":false},"author":1,"featured_media":10323,"comment_status":"closed","ping_status":"closed","sticky":false,"template":"elementor_header_footer","format":"standard","meta":{"om_disable_all_campaigns":false,"_monsterinsights_skip_tracking":false,"_monsterinsights_sitenote_active":false,"_monsterinsights_sitenote_note":"","_monsterinsights_sitenote_category":0,"footnotes":""},"categories":[15],"tags":[1541,1540,1538,1537,1542,1539,1536],"class_list":["post-10322","post","type-post","status-publish","format-standard","has-post-thumbnail","hentry","category-leben-in-spanien","tag-einkaufszentren-costa-blanca","tag-portal-de-la-marina","tag-shopping-alicante","tag-shopping-center-costa-blanca","tag-shopping-center-marina-alta","tag-shopping-center-marina-baixa","tag-zenia-boulevard"],"aioseo_notices":[],"_links":{"self":[{"href":"https:\/\/costablanca-magazin.com\/es\/wp-json\/wp\/v2\/posts\/10322","targetHints":{"allow":["GET"]}}],"collection":[{"href":"https:\/\/costablanca-magazin.com\/es\/wp-json\/wp\/v2\/posts"}],"about":[{"href":"https:\/\/costablanca-magazin.com\/es\/wp-json\/wp\/v2\/types\/post"}],"author":[{"embeddable":true,"href":"https:\/\/costablanca-magazin.com\/es\/wp-json\/wp\/v2\/users\/1"}],"replies":[{"embeddable":true,"href":"https:\/\/costablanca-magazin.com\/es\/wp-json\/wp\/v2\/comments?post=10322"}],"version-history":[{"count":13,"href":"https:\/\/costablanca-magazin.com\/es\/wp-json\/wp\/v2\/posts\/10322\/revisions"}],"predecessor-version":[{"id":11287,"href":"https:\/\/costablanca-magazin.com\/es\/wp-json\/wp\/v2\/posts\/10322\/revisions\/11287"}],"wp:featuredmedia":[{"embeddable":true,"href":"https:\/\/costablanca-magazin.com\/es\/wp-json\/wp\/v2\/media\/10323"}],"wp:attachment":[{"href":"https:\/\/costablanca-magazin.com\/es\/wp-json\/wp\/v2\/media?parent=10322"}],"wp:term":[{"taxonomy":"category","embeddable":true,"href":"https:\/\/costablanca-magazin.com\/es\/wp-json\/wp\/v2\/categories?post=10322"},{"taxonomy":"post_tag","embeddable":true,"href":"https:\/\/costablanca-magazin.com\/es\/wp-json\/wp\/v2\/tags?post=10322"}],"curies":[{"name":"wp","href":"https:\/\/api.w.org\/{rel}","templated":true}]}}