{"id":7533,"date":"2025-05-30T09:00:00","date_gmt":"2025-05-30T07:00:00","guid":{"rendered":"https:\/\/costablanca-magazin.com\/?p=7533"},"modified":"2025-12-04T12:32:55","modified_gmt":"2025-12-04T11:32:55","slug":"two-perspectives-goya-in-zaragoza-and-gehry-in-bilbao","status":"publish","type":"post","link":"https:\/\/costablanca-magazin.com\/en\/freizeit\/aktivitaeten-und-ausfluege\/zwei-perspektiven-goya-in-zaragoza-und-gehry-in-bilbao\/","title":{"rendered":"Two perspectives - Goya in Zaragoza and Gehry in Bilbao"},"content":{"rendered":"<div data-elementor-type=\"wp-post\" data-elementor-id=\"7533\" class=\"elementor elementor-7533\" data-elementor-post-type=\"post\">\n\t\t\t\t<div class=\"elementor-element elementor-element-1688966 e-flex e-con-boxed e-con e-parent\" data-id=\"1688966\" data-element_type=\"container\" data-e-type=\"container\">\n\t\t\t\t\t<div class=\"e-con-inner\">\n\t\t\t\t<div class=\"elementor-element elementor-element-d96376d elementor-widget elementor-widget-heading\" data-id=\"d96376d\" data-element_type=\"widget\" data-e-type=\"widget\" data-widget_type=\"heading.default\">\n\t\t\t\t<div class=\"elementor-widget-container\">\n\t\t\t\t\t<h1 class=\"elementor-heading-title elementor-size-default\">Two perspectives - Goya in Zaragoza and Gehry in Bilbao<\/h1>\t\t\t\t<\/div>\n\t\t\t\t<\/div>\n\t\t\t\t<div class=\"elementor-element elementor-element-2eddb34 elementor-widget elementor-widget-image\" data-id=\"2eddb34\" data-element_type=\"widget\" data-e-type=\"widget\" data-widget_type=\"image.default\">\n\t\t\t\t<div class=\"elementor-widget-container\">\n\t\t\t\t\t\t\t\t\t\t\t\t\t\t\t<img decoding=\"async\" src=\"https:\/\/costablanca-magazin.com\/wp-content\/uploads\/elementor\/thumbs\/bilbao-guggenheim-area-outdoor-with-museum-and-spi-2025-01-28-02-48-35-utc-rjc5kbsscfkqi5n7nb7fla5j0s1rizuex422z1i3ys.jpg\" title=\"Two perspectives, one claim: art that moves\" alt=\"Two perspectives, one aspiration: art that moves 8\" loading=\"lazy\" \/>\t\t\t\t\t\t\t\t\t\t\t\t\t\t\t<\/div>\n\t\t\t\t<\/div>\n\t\t\t\t\t<\/div>\n\t\t\t\t<\/div>\n\t\t<div class=\"elementor-element elementor-element-3bb8d3c e-flex e-con-boxed e-con e-parent\" data-id=\"3bb8d3c\" data-element_type=\"container\" data-e-type=\"container\">\n\t\t\t\t\t<div class=\"e-con-inner\">\n\t\t\t\t<div class=\"elementor-element elementor-element-301b7b9 elementor-widget elementor-widget-heading\" data-id=\"301b7b9\" data-element_type=\"widget\" data-e-type=\"widget\" data-widget_type=\"heading.default\">\n\t\t\t\t<div class=\"elementor-widget-container\">\n\t\t\t\t\t<h2 class=\"elementor-heading-title elementor-size-default\">A look at two places where art makes history<\/h2>\t\t\t\t<\/div>\n\t\t\t\t<\/div>\n\t\t\t\t\t<\/div>\n\t\t\t\t<\/div>\n\t\t<div class=\"elementor-element elementor-element-d0d0114 e-flex e-con-boxed e-con e-parent\" data-id=\"d0d0114\" data-element_type=\"container\" data-e-type=\"container\">\n\t\t\t\t\t<div class=\"e-con-inner\">\n\t\t<div class=\"elementor-element elementor-element-716b25c e-con-full e-flex e-con e-child\" data-id=\"716b25c\" data-element_type=\"container\" data-e-type=\"container\">\n\t\t\t\t<div class=\"elementor-element elementor-element-3569da1 elementor-widget elementor-widget-text-editor\" data-id=\"3569da1\" data-element_type=\"widget\" data-e-type=\"widget\" data-widget_type=\"text-editor.default\">\n\t\t\t\t<div class=\"elementor-widget-container\">\n\t\t\t\t\t\t\t\t\t<p>Not all art hangs in museums - but some museums tell art history themselves.<br \/>In this issue of HOTSPOT, we take you to two places in Spain that could hardly be more different, yet have one thing in common: their cultural appeal. In Zaragoza, we follow in the footsteps of Francisco de Goya, whose work and influence can still be seen in the city today. And in Bilbao, we visit the spectacular Guggenheim Museum, which has become a global art event not only with its collection but also with its architecture.<br \/>Two cities, two artistic worlds - both absolutely worth a visit.<\/p><p><strong>Guggenheim Museum Bilbao: <\/strong><strong>Where architecture becomes art<\/strong><br \/>With its sculptural titanium fa\u00e7ade, its organic design language and internationally renowned exhibitions, the Guggenheim Museum Bilbao has achieved far more than just a new cultural address: It has redefined the identity of an entire city.<br \/>Today, it is one of the most important museums of modern and contemporary art in the world - and a must-see for anyone who sees art and architecture as a living dialogue.<\/p>\t\t\t\t\t\t\t\t<\/div>\n\t\t\t\t<\/div>\n\t\t\t\t<div class=\"elementor-element elementor-element-e5f78d1 elementor-widget elementor-widget-gallery\" data-id=\"e5f78d1\" data-element_type=\"widget\" data-e-type=\"widget\" data-settings=\"{&quot;columns&quot;:2,&quot;gap&quot;:{&quot;unit&quot;:&quot;px&quot;,&quot;size&quot;:1,&quot;sizes&quot;:[]},&quot;aspect_ratio&quot;:&quot;21:9&quot;,&quot;lazyload&quot;:&quot;yes&quot;,&quot;gallery_layout&quot;:&quot;grid&quot;,&quot;columns_tablet&quot;:2,&quot;columns_mobile&quot;:1,&quot;gap_tablet&quot;:{&quot;unit&quot;:&quot;px&quot;,&quot;size&quot;:10,&quot;sizes&quot;:[]},&quot;gap_mobile&quot;:{&quot;unit&quot;:&quot;px&quot;,&quot;size&quot;:10,&quot;sizes&quot;:[]},&quot;link_to&quot;:&quot;file&quot;,&quot;overlay_background&quot;:&quot;yes&quot;,&quot;content_hover_animation&quot;:&quot;fade-in&quot;}\" data-widget_type=\"gallery.default\">\n\t\t\t\t<div class=\"elementor-widget-container\">\n\t\t\t\t\t\t\t<div class=\"elementor-gallery__container\">\n\t\t\t\t\t\t\t<a class=\"e-gallery-item elementor-gallery-item elementor-animated-content\" href=\"https:\/\/costablanca-magazin.com\/wp-content\/uploads\/2025\/05\/guggenheim-museum-bilbao-2024-12-16-06-00-34-utc.jpg\" data-elementor-open-lightbox=\"yes\" data-elementor-lightbox-slideshow=\"e5f78d1\" data-elementor-lightbox-title=\"Zwei Perspektiven, ein Anspruch: Kunst, die bewegt\" data-elementor-lightbox-description=\"Zwei Perspektiven, ein Anspruch: Kunst, die bewegt\" data-e-action-hash=\"#elementor-action%3Aaction%3Dlightbox%26settings%3DeyJpZCI6NzU1MSwidXJsIjoiaHR0cHM6XC9cL2Nvc3RhYmxhbmNhLW1hZ2F6aW4uY29tXC93cC1jb250ZW50XC91cGxvYWRzXC8yMDI1XC8wNVwvZ3VnZ2VuaGVpbS1tdXNldW0tYmlsYmFvLTIwMjQtMTItMTYtMDYtMDAtMzQtdXRjLmpwZyIsInNsaWRlc2hvdyI6ImU1Zjc4ZDEifQ%3D%3D\">\n\t\t\t\t\t<div class=\"e-gallery-image elementor-gallery-item__image\" data-thumbnail=\"https:\/\/costablanca-magazin.com\/wp-content\/uploads\/2025\/05\/guggenheim-museum-bilbao-2024-12-16-06-00-34-utc.jpg\" data-width=\"1200\" data-height=\"800\" aria-label=\"Two perspectives, one aspiration: art that moves 12\" role=\"img\" ><\/div>\n\t\t\t\t\t\t\t\t\t\t\t<div class=\"elementor-gallery-item__overlay\"><\/div>\n\t\t\t\t\t\t\t\t\t\t\t\t\t\t<\/a>\n\t\t\t\t\t\t\t<a class=\"e-gallery-item elementor-gallery-item elementor-animated-content\" href=\"https:\/\/costablanca-magazin.com\/wp-content\/uploads\/2025\/05\/detail-of-the-guggenheim-museum-building-in-bilbao-2024-11-25-12-26-20-utc.jpg\" data-elementor-open-lightbox=\"yes\" data-elementor-lightbox-slideshow=\"e5f78d1\" data-elementor-lightbox-title=\"Zwei Perspektiven, ein Anspruch: Kunst, die bewegt\" data-elementor-lightbox-description=\"Zwei Perspektiven, ein Anspruch: Kunst, die bewegt\" data-e-action-hash=\"#elementor-action%3Aaction%3Dlightbox%26settings%3DeyJpZCI6NzU0OSwidXJsIjoiaHR0cHM6XC9cL2Nvc3RhYmxhbmNhLW1hZ2F6aW4uY29tXC93cC1jb250ZW50XC91cGxvYWRzXC8yMDI1XC8wNVwvZGV0YWlsLW9mLXRoZS1ndWdnZW5oZWltLW11c2V1bS1idWlsZGluZy1pbi1iaWxiYW8tMjAyNC0xMS0yNS0xMi0yNi0yMC11dGMuanBnIiwic2xpZGVzaG93IjoiZTVmNzhkMSJ9\">\n\t\t\t\t\t<div class=\"e-gallery-image elementor-gallery-item__image\" data-thumbnail=\"https:\/\/costablanca-magazin.com\/wp-content\/uploads\/2025\/05\/detail-of-the-guggenheim-museum-building-in-bilbao-2024-11-25-12-26-20-utc.jpg\" data-width=\"800\" data-height=\"1200\" aria-label=\"Two perspectives, one aspiration: art that moves 10\" role=\"img\" ><\/div>\n\t\t\t\t\t\t\t\t\t\t\t<div class=\"elementor-gallery-item__overlay\"><\/div>\n\t\t\t\t\t\t\t\t\t\t\t\t\t\t<\/a>\n\t\t\t\t\t\t\t<a class=\"e-gallery-item elementor-gallery-item elementor-animated-content\" href=\"https:\/\/costablanca-magazin.com\/wp-content\/uploads\/2025\/05\/bilbao-guggenheim-area-outdoor-with-museum-and-spi-2025-01-28-02-48-35-utc.jpg\" data-elementor-open-lightbox=\"yes\" data-elementor-lightbox-slideshow=\"e5f78d1\" data-elementor-lightbox-title=\"Zwei Perspektiven, ein Anspruch: Kunst, die bewegt\" data-elementor-lightbox-description=\"Zwei Perspektiven, ein Anspruch: Kunst, die bewegt\" data-e-action-hash=\"#elementor-action%3Aaction%3Dlightbox%26settings%3DeyJpZCI6NzU0NywidXJsIjoiaHR0cHM6XC9cL2Nvc3RhYmxhbmNhLW1hZ2F6aW4uY29tXC93cC1jb250ZW50XC91cGxvYWRzXC8yMDI1XC8wNVwvYmlsYmFvLWd1Z2dlbmhlaW0tYXJlYS1vdXRkb29yLXdpdGgtbXVzZXVtLWFuZC1zcGktMjAyNS0wMS0yOC0wMi00OC0zNS11dGMuanBnIiwic2xpZGVzaG93IjoiZTVmNzhkMSJ9\">\n\t\t\t\t\t<div class=\"e-gallery-image elementor-gallery-item__image\" data-thumbnail=\"https:\/\/costablanca-magazin.com\/wp-content\/uploads\/2025\/05\/bilbao-guggenheim-area-outdoor-with-museum-and-spi-2025-01-28-02-48-35-utc.jpg\" data-width=\"1200\" data-height=\"800\" aria-label=\"Two perspectives, one aspiration: art that moves 8\" role=\"img\" ><\/div>\n\t\t\t\t\t\t\t\t\t\t\t<div class=\"elementor-gallery-item__overlay\"><\/div>\n\t\t\t\t\t\t\t\t\t\t\t\t\t\t<\/a>\n\t\t\t\t\t\t\t<a class=\"e-gallery-item elementor-gallery-item elementor-animated-content\" href=\"https:\/\/costablanca-magazin.com\/wp-content\/uploads\/2025\/05\/bilbao-downtown-guggenheim-museum-titanium-metalli-2025-01-27-23-22-48-utc.jpg\" data-elementor-open-lightbox=\"yes\" data-elementor-lightbox-slideshow=\"e5f78d1\" data-elementor-lightbox-title=\"Zwei Perspektiven, ein Anspruch: Kunst, die bewegt\" data-elementor-lightbox-description=\"Zwei Perspektiven, ein Anspruch: Kunst, die bewegt\" data-e-action-hash=\"#elementor-action%3Aaction%3Dlightbox%26settings%3DeyJpZCI6NzU0NiwidXJsIjoiaHR0cHM6XC9cL2Nvc3RhYmxhbmNhLW1hZ2F6aW4uY29tXC93cC1jb250ZW50XC91cGxvYWRzXC8yMDI1XC8wNVwvYmlsYmFvLWRvd250b3duLWd1Z2dlbmhlaW0tbXVzZXVtLXRpdGFuaXVtLW1ldGFsbGktMjAyNS0wMS0yNy0yMy0yMi00OC11dGMuanBnIiwic2xpZGVzaG93IjoiZTVmNzhkMSJ9\">\n\t\t\t\t\t<div class=\"e-gallery-image elementor-gallery-item__image\" data-thumbnail=\"https:\/\/costablanca-magazin.com\/wp-content\/uploads\/2025\/05\/bilbao-downtown-guggenheim-museum-titanium-metalli-2025-01-27-23-22-48-utc.jpg\" data-width=\"1200\" data-height=\"800\" aria-label=\"Two perspectives, one aspiration: art that moves 7\" role=\"img\" ><\/div>\n\t\t\t\t\t\t\t\t\t\t\t<div class=\"elementor-gallery-item__overlay\"><\/div>\n\t\t\t\t\t\t\t\t\t\t\t\t\t\t<\/a>\n\t\t\t\t\t<\/div>\n\t\t\t\t\t<\/div>\n\t\t\t\t<\/div>\n\t\t\t\t<div class=\"elementor-element elementor-element-dccb0cd elementor-widget elementor-widget-text-editor\" data-id=\"dccb0cd\" data-element_type=\"widget\" data-e-type=\"widget\" data-widget_type=\"text-editor.default\">\n\t\t\t\t<div class=\"elementor-widget-container\">\n\t\t\t\t\t\t\t\t\t<p>Designed by star architect Frank O. Gehry and opened in 1997, the building itself is considered a masterpiece of deconstructivism. The curved titanium panels, transparent gallery elements and the integration into the banks of the Nervi\u00f3n River create a sculptural presence that reinterprets architecture - as a space for experience rather than a static object. The flowing lines pick up on movement, surroundings and light and challenge classic architectural concepts.<br \/>Inside, an impressive collection of international contemporary art from the 20th and 21st centuries unfolds - with works by Louise Bourgeois, Jenny Holzer, Jeff Koons, Mark Rothko, Anselm Kiefer and Richard Serra. The latter is permanently represented with the monumental installation \u201eTHE MATTER OF TIME\u201c - a spatial sculpture made of weathered steel that visitors can walk through and physically experience space, movement and time.<br \/><br \/>The outdoor area is also part of the overall experience: the giant spider Maman by Louise Bourgeois or the flower-adorned dog Puppy by Jeff Koons have long since become cultural landmarks of Bilbao - photographed, discussed and known worldwide.<\/p><p>But the Guggenheim is more than just a place of art. It is seen as a catalyst for urban change - a symbol of the so-called \u201eBilbao effect\u201c. It has enabled the city to transform itself from an industrial centre into an innovative cultural metropolis. To this day, urban planners, architectural firms and cultural politicians around the world point to this example, which shows how visionary architecture and courageous investment in culture can have an impact far beyond the art world.<\/p>\t\t\t\t\t\t\t\t<\/div>\n\t\t\t\t<\/div>\n\t\t\t\t<div class=\"elementor-element elementor-element-2f5a2fa elementor-widget__width-initial elementor-widget elementor-widget-gallery\" data-id=\"2f5a2fa\" data-element_type=\"widget\" data-e-type=\"widget\" data-settings=\"{&quot;gap&quot;:{&quot;unit&quot;:&quot;px&quot;,&quot;size&quot;:1,&quot;sizes&quot;:[]},&quot;aspect_ratio&quot;:&quot;9:16&quot;,&quot;lazyload&quot;:&quot;yes&quot;,&quot;gallery_layout&quot;:&quot;grid&quot;,&quot;columns&quot;:4,&quot;columns_tablet&quot;:2,&quot;columns_mobile&quot;:1,&quot;gap_tablet&quot;:{&quot;unit&quot;:&quot;px&quot;,&quot;size&quot;:10,&quot;sizes&quot;:[]},&quot;gap_mobile&quot;:{&quot;unit&quot;:&quot;px&quot;,&quot;size&quot;:10,&quot;sizes&quot;:[]},&quot;link_to&quot;:&quot;file&quot;,&quot;overlay_background&quot;:&quot;yes&quot;,&quot;content_hover_animation&quot;:&quot;fade-in&quot;}\" data-widget_type=\"gallery.default\">\n\t\t\t\t<div class=\"elementor-widget-container\">\n\t\t\t\t\t\t\t<div class=\"elementor-gallery__container\">\n\t\t\t\t\t\t\t<a class=\"e-gallery-item elementor-gallery-item elementor-animated-content\" href=\"https:\/\/costablanca-magazin.com\/wp-content\/uploads\/2025\/05\/a-closeup-view-of-guggenheim-museum-s-modern-facad-2025-02-11-17-55-52-utc.jpg\" data-elementor-open-lightbox=\"yes\" data-elementor-lightbox-slideshow=\"2f5a2fa\" data-elementor-lightbox-title=\"Zwei Perspektiven, ein Anspruch: Kunst, die bewegt\" data-elementor-lightbox-description=\"Zwei Perspektiven, ein Anspruch: Kunst, die bewegt\" data-e-action-hash=\"#elementor-action%3Aaction%3Dlightbox%26settings%3DeyJpZCI6NzU0NCwidXJsIjoiaHR0cHM6XC9cL2Nvc3RhYmxhbmNhLW1hZ2F6aW4uY29tXC93cC1jb250ZW50XC91cGxvYWRzXC8yMDI1XC8wNVwvYS1jbG9zZXVwLXZpZXctb2YtZ3VnZ2VuaGVpbS1tdXNldW0tcy1tb2Rlcm4tZmFjYWQtMjAyNS0wMi0xMS0xNy01NS01Mi11dGMuanBnIiwic2xpZGVzaG93IjoiMmY1YTJmYSJ9\">\n\t\t\t\t\t<div class=\"e-gallery-image elementor-gallery-item__image\" data-thumbnail=\"https:\/\/costablanca-magazin.com\/wp-content\/uploads\/2025\/05\/a-closeup-view-of-guggenheim-museum-s-modern-facad-2025-02-11-17-55-52-utc.jpg\" data-width=\"1200\" data-height=\"800\" aria-label=\"Two perspectives, one aspiration: art that moves 5\" role=\"img\" ><\/div>\n\t\t\t\t\t\t\t\t\t\t\t<div class=\"elementor-gallery-item__overlay\"><\/div>\n\t\t\t\t\t\t\t\t\t\t\t\t\t\t<\/a>\n\t\t\t\t\t\t\t<a class=\"e-gallery-item elementor-gallery-item elementor-animated-content\" href=\"https:\/\/costablanca-magazin.com\/wp-content\/uploads\/2025\/05\/a-closeup-shot-of-guggenheim-museum-on-nervion-riv-2025-02-08-22-35-56-utc.jpg\" data-elementor-open-lightbox=\"yes\" data-elementor-lightbox-slideshow=\"2f5a2fa\" data-elementor-lightbox-title=\"Zwei Perspektiven, ein Anspruch: Kunst, die bewegt\" data-elementor-lightbox-description=\"Zwei Perspektiven, ein Anspruch: Kunst, die bewegt\" data-e-action-hash=\"#elementor-action%3Aaction%3Dlightbox%26settings%3DeyJpZCI6NzU0MywidXJsIjoiaHR0cHM6XC9cL2Nvc3RhYmxhbmNhLW1hZ2F6aW4uY29tXC93cC1jb250ZW50XC91cGxvYWRzXC8yMDI1XC8wNVwvYS1jbG9zZXVwLXNob3Qtb2YtZ3VnZ2VuaGVpbS1tdXNldW0tb24tbmVydmlvbi1yaXYtMjAyNS0wMi0wOC0yMi0zNS01Ni11dGMuanBnIiwic2xpZGVzaG93IjoiMmY1YTJmYSJ9\">\n\t\t\t\t\t<div class=\"e-gallery-image elementor-gallery-item__image\" data-thumbnail=\"https:\/\/costablanca-magazin.com\/wp-content\/uploads\/2025\/05\/a-closeup-shot-of-guggenheim-museum-on-nervion-riv-2025-02-08-22-35-56-utc.jpg\" data-width=\"1200\" data-height=\"848\" aria-label=\"Two perspectives, one aspiration: art that moves 4\" role=\"img\" ><\/div>\n\t\t\t\t\t\t\t\t\t\t\t<div class=\"elementor-gallery-item__overlay\"><\/div>\n\t\t\t\t\t\t\t\t\t\t\t\t\t\t<\/a>\n\t\t\t\t\t\t\t<a class=\"e-gallery-item elementor-gallery-item elementor-animated-content\" href=\"https:\/\/costablanca-magazin.com\/wp-content\/uploads\/2025\/05\/Bilbao-2.jpg\" data-elementor-open-lightbox=\"yes\" data-elementor-lightbox-slideshow=\"2f5a2fa\" data-elementor-lightbox-title=\"Zwei Perspektiven, ein Anspruch: Kunst, die bewegt\" data-elementor-lightbox-description=\"Zwei Perspektiven, ein Anspruch: Kunst, die bewegt\" data-e-action-hash=\"#elementor-action%3Aaction%3Dlightbox%26settings%3DeyJpZCI6NzU0MCwidXJsIjoiaHR0cHM6XC9cL2Nvc3RhYmxhbmNhLW1hZ2F6aW4uY29tXC93cC1jb250ZW50XC91cGxvYWRzXC8yMDI1XC8wNVwvQmlsYmFvLTIuanBnIiwic2xpZGVzaG93IjoiMmY1YTJmYSJ9\">\n\t\t\t\t\t<div class=\"e-gallery-image elementor-gallery-item__image\" data-thumbnail=\"https:\/\/costablanca-magazin.com\/wp-content\/uploads\/2025\/05\/Bilbao-2.jpg\" data-width=\"1200\" data-height=\"820\" aria-label=\"Two perspectives, one aspiration: art that moves 1\" role=\"img\" ><\/div>\n\t\t\t\t\t\t\t\t\t\t\t<div class=\"elementor-gallery-item__overlay\"><\/div>\n\t\t\t\t\t\t\t\t\t\t\t\t\t\t<\/a>\n\t\t\t\t\t\t\t<a class=\"e-gallery-item elementor-gallery-item elementor-animated-content\" href=\"https:\/\/costablanca-magazin.com\/wp-content\/uploads\/2025\/05\/Bilbao-1.jpg\" data-elementor-open-lightbox=\"yes\" data-elementor-lightbox-slideshow=\"2f5a2fa\" data-elementor-lightbox-title=\"Zwei Perspektiven, ein Anspruch: Kunst, die bewegt\" data-elementor-lightbox-description=\"Zwei Perspektiven, ein Anspruch: Kunst, die bewegt\" data-e-action-hash=\"#elementor-action%3Aaction%3Dlightbox%26settings%3DeyJpZCI6NzUzOSwidXJsIjoiaHR0cHM6XC9cL2Nvc3RhYmxhbmNhLW1hZ2F6aW4uY29tXC93cC1jb250ZW50XC91cGxvYWRzXC8yMDI1XC8wNVwvQmlsYmFvLTEuanBnIiwic2xpZGVzaG93IjoiMmY1YTJmYSJ9\">\n\t\t\t\t\t<div class=\"e-gallery-image elementor-gallery-item__image\" data-thumbnail=\"https:\/\/costablanca-magazin.com\/wp-content\/uploads\/2025\/05\/Bilbao-1.jpg\" data-width=\"1200\" data-height=\"800\" aria-label=\"Two perspectives, one claim: art that moves\" role=\"img\" ><\/div>\n\t\t\t\t\t\t\t\t\t\t\t<div class=\"elementor-gallery-item__overlay\"><\/div>\n\t\t\t\t\t\t\t\t\t\t\t\t\t\t<\/a>\n\t\t\t\t\t<\/div>\n\t\t\t\t\t<\/div>\n\t\t\t\t<\/div>\n\t\t\t\t<\/div>\n\t\t<div class=\"elementor-element elementor-element-5dee87f e-con-full e-flex e-con e-child\" data-id=\"5dee87f\" data-element_type=\"container\" data-e-type=\"container\">\n\t\t\t\t<div class=\"elementor-element elementor-element-ed2712f elementor-widget elementor-widget-gallery\" data-id=\"ed2712f\" data-element_type=\"widget\" data-e-type=\"widget\" data-settings=\"{&quot;gap&quot;:{&quot;unit&quot;:&quot;px&quot;,&quot;size&quot;:1,&quot;sizes&quot;:[]},&quot;aspect_ratio&quot;:&quot;9:16&quot;,&quot;lazyload&quot;:&quot;yes&quot;,&quot;gallery_layout&quot;:&quot;grid&quot;,&quot;columns&quot;:4,&quot;columns_tablet&quot;:2,&quot;columns_mobile&quot;:1,&quot;gap_tablet&quot;:{&quot;unit&quot;:&quot;px&quot;,&quot;size&quot;:10,&quot;sizes&quot;:[]},&quot;gap_mobile&quot;:{&quot;unit&quot;:&quot;px&quot;,&quot;size&quot;:10,&quot;sizes&quot;:[]},&quot;link_to&quot;:&quot;file&quot;,&quot;overlay_background&quot;:&quot;yes&quot;,&quot;content_hover_animation&quot;:&quot;fade-in&quot;}\" data-widget_type=\"gallery.default\">\n\t\t\t\t<div class=\"elementor-widget-container\">\n\t\t\t\t\t\t\t<div class=\"elementor-gallery__container\">\n\t\t\t\t\t\t\t<a class=\"e-gallery-item elementor-gallery-item elementor-animated-content\" href=\"https:\/\/costablanca-magazin.com\/wp-content\/uploads\/2025\/05\/dusk-at-the-puente-de-piedra-next-to-the-basilica-2024-12-09-01-28-55-utc.jpg\" data-elementor-open-lightbox=\"yes\" data-elementor-lightbox-slideshow=\"ed2712f\" data-elementor-lightbox-title=\"Zwei Perspektiven, ein Anspruch: Kunst, die bewegt\" data-elementor-lightbox-description=\"Zwei Perspektiven, ein Anspruch: Kunst, die bewegt\" data-e-action-hash=\"#elementor-action%3Aaction%3Dlightbox%26settings%3DeyJpZCI6NzU1MCwidXJsIjoiaHR0cHM6XC9cL2Nvc3RhYmxhbmNhLW1hZ2F6aW4uY29tXC93cC1jb250ZW50XC91cGxvYWRzXC8yMDI1XC8wNVwvZHVzay1hdC10aGUtcHVlbnRlLWRlLXBpZWRyYS1uZXh0LXRvLXRoZS1iYXNpbGljYS0yMDI0LTEyLTA5LTAxLTI4LTU1LXV0Yy5qcGciLCJzbGlkZXNob3ciOiJlZDI3MTJmIn0%3D\">\n\t\t\t\t\t<div class=\"e-gallery-image elementor-gallery-item__image\" data-thumbnail=\"https:\/\/costablanca-magazin.com\/wp-content\/uploads\/2025\/05\/dusk-at-the-puente-de-piedra-next-to-the-basilica-2024-12-09-01-28-55-utc.jpg\" data-width=\"1200\" data-height=\"800\" aria-label=\"Two perspectives, one aspiration: art that moves 11\" role=\"img\" ><\/div>\n\t\t\t\t\t\t\t\t\t\t\t<div class=\"elementor-gallery-item__overlay\"><\/div>\n\t\t\t\t\t\t\t\t\t\t\t\t\t\t<\/a>\n\t\t\t\t\t\t\t<a class=\"e-gallery-item elementor-gallery-item elementor-animated-content\" href=\"https:\/\/costablanca-magazin.com\/wp-content\/uploads\/2025\/05\/zaragoza-dji.jpg\" data-elementor-open-lightbox=\"yes\" data-elementor-lightbox-slideshow=\"ed2712f\" data-elementor-lightbox-title=\"Zwei Perspektiven, ein Anspruch: Kunst, die bewegt\" data-elementor-lightbox-description=\"Zwei Perspektiven, ein Anspruch: Kunst, die bewegt\" data-e-action-hash=\"#elementor-action%3Aaction%3Dlightbox%26settings%3DeyJpZCI6NzU0MiwidXJsIjoiaHR0cHM6XC9cL2Nvc3RhYmxhbmNhLW1hZ2F6aW4uY29tXC93cC1jb250ZW50XC91cGxvYWRzXC8yMDI1XC8wNVwvemFyYWdvemEtZGppLmpwZyIsInNsaWRlc2hvdyI6ImVkMjcxMmYifQ%3D%3D\">\n\t\t\t\t\t<div class=\"e-gallery-image elementor-gallery-item__image\" data-thumbnail=\"https:\/\/costablanca-magazin.com\/wp-content\/uploads\/2025\/05\/zaragoza-dji.jpg\" data-width=\"1200\" data-height=\"675\" aria-label=\"Two perspectives, one aspiration: art that moves 3\" role=\"img\" ><\/div>\n\t\t\t\t\t\t\t\t\t\t\t<div class=\"elementor-gallery-item__overlay\"><\/div>\n\t\t\t\t\t\t\t\t\t\t\t\t\t\t<\/a>\n\t\t\t\t\t\t\t<a class=\"e-gallery-item elementor-gallery-item elementor-animated-content\" href=\"https:\/\/costablanca-magazin.com\/wp-content\/uploads\/2025\/05\/the-cathedral-basilica-of-our-lady-of-the-pillar-i-2025-01-07-07-10-21-utc.jpg\" data-elementor-open-lightbox=\"yes\" data-elementor-lightbox-slideshow=\"ed2712f\" data-elementor-lightbox-title=\"Zwei Perspektiven, ein Anspruch: Kunst, die bewegt\" data-elementor-lightbox-description=\"Zwei Perspektiven, ein Anspruch: Kunst, die bewegt\" data-e-action-hash=\"#elementor-action%3Aaction%3Dlightbox%26settings%3DeyJpZCI6NzU1MywidXJsIjoiaHR0cHM6XC9cL2Nvc3RhYmxhbmNhLW1hZ2F6aW4uY29tXC93cC1jb250ZW50XC91cGxvYWRzXC8yMDI1XC8wNVwvdGhlLWNhdGhlZHJhbC1iYXNpbGljYS1vZi1vdXItbGFkeS1vZi10aGUtcGlsbGFyLWktMjAyNS0wMS0wNy0wNy0xMC0yMS11dGMuanBnIiwic2xpZGVzaG93IjoiZWQyNzEyZiJ9\">\n\t\t\t\t\t<div class=\"e-gallery-image elementor-gallery-item__image\" data-thumbnail=\"https:\/\/costablanca-magazin.com\/wp-content\/uploads\/2025\/05\/the-cathedral-basilica-of-our-lady-of-the-pillar-i-2025-01-07-07-10-21-utc.jpg\" data-width=\"1200\" data-height=\"675\" aria-label=\"Two perspectives, one aspiration: art that moves 14\" role=\"img\" ><\/div>\n\t\t\t\t\t\t\t\t\t\t\t<div class=\"elementor-gallery-item__overlay\"><\/div>\n\t\t\t\t\t\t\t\t\t\t\t\t\t\t<\/a>\n\t\t\t\t\t\t\t<a class=\"e-gallery-item elementor-gallery-item elementor-animated-content\" href=\"https:\/\/costablanca-magazin.com\/wp-content\/uploads\/2025\/05\/vertical-aerial-view-of-zaragoza-city-including-el-2024-12-07-04-44-46-utc.jpg\" data-elementor-open-lightbox=\"yes\" data-elementor-lightbox-slideshow=\"ed2712f\" data-elementor-lightbox-title=\"Zwei Perspektiven, ein Anspruch: Kunst, die bewegt\" data-elementor-lightbox-description=\"Zwei Perspektiven, ein Anspruch: Kunst, die bewegt\" data-e-action-hash=\"#elementor-action%3Aaction%3Dlightbox%26settings%3DeyJpZCI6NzU1NCwidXJsIjoiaHR0cHM6XC9cL2Nvc3RhYmxhbmNhLW1hZ2F6aW4uY29tXC93cC1jb250ZW50XC91cGxvYWRzXC8yMDI1XC8wNVwvdmVydGljYWwtYWVyaWFsLXZpZXctb2YtemFyYWdvemEtY2l0eS1pbmNsdWRpbmctZWwtMjAyNC0xMi0wNy0wNC00NC00Ni11dGMuanBnIiwic2xpZGVzaG93IjoiZWQyNzEyZiJ9\">\n\t\t\t\t\t<div class=\"e-gallery-image elementor-gallery-item__image\" data-thumbnail=\"https:\/\/costablanca-magazin.com\/wp-content\/uploads\/2025\/05\/vertical-aerial-view-of-zaragoza-city-including-el-2024-12-07-04-44-46-utc.jpg\" data-width=\"799\" data-height=\"1200\" aria-label=\"Two perspectives, one aspiration: art that moves 15\" role=\"img\" ><\/div>\n\t\t\t\t\t\t\t\t\t\t\t<div class=\"elementor-gallery-item__overlay\"><\/div>\n\t\t\t\t\t\t\t\t\t\t\t\t\t\t<\/a>\n\t\t\t\t\t<\/div>\n\t\t\t\t\t<\/div>\n\t\t\t\t<\/div>\n\t\t\t\t<div class=\"elementor-element elementor-element-119e937 elementor-widget elementor-widget-text-editor\" data-id=\"119e937\" data-element_type=\"widget\" data-e-type=\"widget\" data-widget_type=\"text-editor.default\">\n\t\t\t\t<div class=\"elementor-widget-container\">\n\t\t\t\t\t\t\t\t\t<p><strong>In Goya's footsteps in Zaragoza<\/strong><br \/>Zaragoza, located in the heart of Aragon, impressively combines past and present.<br \/>As the capital of the region, it combines Moorish heritage, Baroque splendour and contemporary culture - and thus offers a fascinating setting in which to rediscover the life and work of Francisco de Goya.<\/p><p>The city on the Ebro impresses with its striking buildings: the mighty Bas\u00edlica del Pilar with its domes characterises the cityscape, while the Moorish-influenced Aljafer\u00eda Palace bears witness to a multicultural past. In between, Art Nouveau fa\u00e7ades and modern architecture invite you to take a stroll through different eras.<\/p><p>But Zaragoza is not only architecturally exciting - it is also inextricably linked with the name of Goya. His career began here: as a young artist, he designed the ceiling frescoes of the Regina Martyrum side dome in the Bas\u00edlica del Pilar. <br \/><br \/>These works in the Rococo style already show his technical skill and his special signature - an exciting contrast to his later, expressive and often dark works.<\/p>\t\t\t\t\t\t\t\t<\/div>\n\t\t\t\t<\/div>\n\t\t\t\t<div class=\"elementor-element elementor-element-6854e64 elementor-widget elementor-widget-gallery\" data-id=\"6854e64\" data-element_type=\"widget\" data-e-type=\"widget\" data-settings=\"{&quot;columns&quot;:2,&quot;gap&quot;:{&quot;unit&quot;:&quot;px&quot;,&quot;size&quot;:1,&quot;sizes&quot;:[]},&quot;aspect_ratio&quot;:&quot;16:9&quot;,&quot;lazyload&quot;:&quot;yes&quot;,&quot;gallery_layout&quot;:&quot;grid&quot;,&quot;columns_tablet&quot;:2,&quot;columns_mobile&quot;:1,&quot;gap_tablet&quot;:{&quot;unit&quot;:&quot;px&quot;,&quot;size&quot;:10,&quot;sizes&quot;:[]},&quot;gap_mobile&quot;:{&quot;unit&quot;:&quot;px&quot;,&quot;size&quot;:10,&quot;sizes&quot;:[]},&quot;link_to&quot;:&quot;file&quot;,&quot;overlay_background&quot;:&quot;yes&quot;,&quot;content_hover_animation&quot;:&quot;fade-in&quot;}\" data-widget_type=\"gallery.default\">\n\t\t\t\t<div class=\"elementor-widget-container\">\n\t\t\t\t\t\t\t<div class=\"elementor-gallery__container\">\n\t\t\t\t\t\t\t<a class=\"e-gallery-item elementor-gallery-item elementor-animated-content\" href=\"https:\/\/costablanca-magazin.com\/wp-content\/uploads\/2025\/05\/zaragoza-city-in-spain-2025-03-13-06-33-40-utc.jpg\" data-elementor-open-lightbox=\"yes\" data-elementor-lightbox-slideshow=\"6854e64\" data-elementor-lightbox-title=\"Zwei Perspektiven, ein Anspruch: Kunst, die bewegt\" data-elementor-lightbox-description=\"Zwei Perspektiven, ein Anspruch: Kunst, die bewegt\" data-e-action-hash=\"#elementor-action%3Aaction%3Dlightbox%26settings%3DeyJpZCI6NzU1NSwidXJsIjoiaHR0cHM6XC9cL2Nvc3RhYmxhbmNhLW1hZ2F6aW4uY29tXC93cC1jb250ZW50XC91cGxvYWRzXC8yMDI1XC8wNVwvemFyYWdvemEtY2l0eS1pbi1zcGFpbi0yMDI1LTAzLTEzLTA2LTMzLTQwLXV0Yy5qcGciLCJzbGlkZXNob3ciOiI2ODU0ZTY0In0%3D\">\n\t\t\t\t\t<div class=\"e-gallery-image elementor-gallery-item__image\" data-thumbnail=\"https:\/\/costablanca-magazin.com\/wp-content\/uploads\/2025\/05\/zaragoza-city-in-spain-2025-03-13-06-33-40-utc.jpg\" data-width=\"1200\" data-height=\"800\" aria-label=\"Two perspectives, one aspiration: art that moves 16\" role=\"img\" ><\/div>\n\t\t\t\t\t\t\t\t\t\t\t<div class=\"elementor-gallery-item__overlay\"><\/div>\n\t\t\t\t\t\t\t\t\t\t\t\t\t\t<\/a>\n\t\t\t\t\t\t\t<a class=\"e-gallery-item elementor-gallery-item elementor-animated-content\" href=\"https:\/\/costablanca-magazin.com\/wp-content\/uploads\/2025\/05\/basilica-of-our-lady-of-the-pillar-in-zaragoza-2025-01-08-20-35-54-utc.jpg\" data-elementor-open-lightbox=\"yes\" data-elementor-lightbox-slideshow=\"6854e64\" data-elementor-lightbox-title=\"Zwei Perspektiven, ein Anspruch: Kunst, die bewegt\" data-elementor-lightbox-description=\"Zwei Perspektiven, ein Anspruch: Kunst, die bewegt\" data-e-action-hash=\"#elementor-action%3Aaction%3Dlightbox%26settings%3DeyJpZCI6NzU0NSwidXJsIjoiaHR0cHM6XC9cL2Nvc3RhYmxhbmNhLW1hZ2F6aW4uY29tXC93cC1jb250ZW50XC91cGxvYWRzXC8yMDI1XC8wNVwvYmFzaWxpY2Etb2Ytb3VyLWxhZHktb2YtdGhlLXBpbGxhci1pbi16YXJhZ296YS0yMDI1LTAxLTA4LTIwLTM1LTU0LXV0Yy5qcGciLCJzbGlkZXNob3ciOiI2ODU0ZTY0In0%3D\">\n\t\t\t\t\t<div class=\"e-gallery-image elementor-gallery-item__image\" data-thumbnail=\"https:\/\/costablanca-magazin.com\/wp-content\/uploads\/2025\/05\/basilica-of-our-lady-of-the-pillar-in-zaragoza-2025-01-08-20-35-54-utc.jpg\" data-width=\"1200\" data-height=\"800\" aria-label=\"Two perspectives, one aspiration: art that moves 6\" role=\"img\" ><\/div>\n\t\t\t\t\t\t\t\t\t\t\t<div class=\"elementor-gallery-item__overlay\"><\/div>\n\t\t\t\t\t\t\t\t\t\t\t\t\t\t<\/a>\n\t\t\t\t\t\t\t<a class=\"e-gallery-item elementor-gallery-item elementor-animated-content\" href=\"https:\/\/costablanca-magazin.com\/wp-content\/uploads\/2025\/05\/monument-to-francisco-de-goya-in-the-plaza-del-pil-2024-12-10-00-45-22-utc.jpg\" data-elementor-open-lightbox=\"yes\" data-elementor-lightbox-slideshow=\"6854e64\" data-elementor-lightbox-title=\"Zwei Perspektiven, ein Anspruch: Kunst, die bewegt\" data-elementor-lightbox-description=\"Zwei Perspektiven, ein Anspruch: Kunst, die bewegt\" data-e-action-hash=\"#elementor-action%3Aaction%3Dlightbox%26settings%3DeyJpZCI6NzU1MiwidXJsIjoiaHR0cHM6XC9cL2Nvc3RhYmxhbmNhLW1hZ2F6aW4uY29tXC93cC1jb250ZW50XC91cGxvYWRzXC8yMDI1XC8wNVwvbW9udW1lbnQtdG8tZnJhbmNpc2NvLWRlLWdveWEtaW4tdGhlLXBsYXphLWRlbC1waWwtMjAyNC0xMi0xMC0wMC00NS0yMi11dGMuanBnIiwic2xpZGVzaG93IjoiNjg1NGU2NCJ9\">\n\t\t\t\t\t<div class=\"e-gallery-image elementor-gallery-item__image\" data-thumbnail=\"https:\/\/costablanca-magazin.com\/wp-content\/uploads\/2025\/05\/monument-to-francisco-de-goya-in-the-plaza-del-pil-2024-12-10-00-45-22-utc.jpg\" data-width=\"800\" data-height=\"1200\" aria-label=\"Two perspectives, one aspiration: art that moves 13\" role=\"img\" ><\/div>\n\t\t\t\t\t\t\t\t\t\t\t<div class=\"elementor-gallery-item__overlay\"><\/div>\n\t\t\t\t\t\t\t\t\t\t\t\t\t\t<\/a>\n\t\t\t\t\t\t\t<a class=\"e-gallery-item elementor-gallery-item elementor-animated-content\" href=\"https:\/\/costablanca-magazin.com\/wp-content\/uploads\/2025\/05\/LR9B8967-1-Zaragoza.jpg\" data-elementor-open-lightbox=\"yes\" data-elementor-lightbox-slideshow=\"6854e64\" data-elementor-lightbox-title=\"Zwei Perspektiven, ein Anspruch: Kunst, die bewegt\" data-elementor-lightbox-description=\"Zwei Perspektiven, ein Anspruch: Kunst, die bewegt\" data-e-action-hash=\"#elementor-action%3Aaction%3Dlightbox%26settings%3DeyJpZCI6NzU0MSwidXJsIjoiaHR0cHM6XC9cL2Nvc3RhYmxhbmNhLW1hZ2F6aW4uY29tXC93cC1jb250ZW50XC91cGxvYWRzXC8yMDI1XC8wNVwvTFI5Qjg5NjctMS1aYXJhZ296YS5qcGciLCJzbGlkZXNob3ciOiI2ODU0ZTY0In0%3D\">\n\t\t\t\t\t<div class=\"e-gallery-image elementor-gallery-item__image\" data-thumbnail=\"https:\/\/costablanca-magazin.com\/wp-content\/uploads\/2025\/05\/LR9B8967-1-Zaragoza.jpg\" data-width=\"1200\" data-height=\"664\" aria-label=\"Two perspectives, one aspiration: art that moves 2\" role=\"img\" ><\/div>\n\t\t\t\t\t\t\t\t\t\t\t<div class=\"elementor-gallery-item__overlay\"><\/div>\n\t\t\t\t\t\t\t\t\t\t\t\t\t\t<\/a>\n\t\t\t\t\t<\/div>\n\t\t\t\t\t<\/div>\n\t\t\t\t<\/div>\n\t\t\t\t<div class=\"elementor-element elementor-element-efd3d4e elementor-widget elementor-widget-text-editor\" data-id=\"efd3d4e\" data-element_type=\"widget\" data-e-type=\"widget\" data-widget_type=\"text-editor.default\">\n\t\t\t\t<div class=\"elementor-widget-container\">\n\t\t\t\t\t\t\t\t\t<p>If you want to delve deeper, visit the Museo Goya - Colecci\u00f3n Ibercaja, which is considered the most important Goya collection in the city. In addition to paintings, you will also find his famous series of prints: Los Caprichos, Los Desastres de la Guerra and Los Disparates - critical, often ruthlessly honest pictorial worlds that reveal Goya's view of society, politics and humanity.<\/p><p>Goya's presence in the city is complemented by the Museo de Zaragoza, which exhibits works from his early creative period in particular - religious and allegorical motifs that allow conclusions to be drawn about his artistic development.<\/p><p>A special destination for Goya enthusiasts lies just outside the city: Fuendetodos, around 45 kilometres south of Zaragoza, is Goya's birthplace. The faithfully reconstructed house where he was born and the adjoining museum offer insights into the artist's printing techniques and etchings - a quiet but impressive place for anyone who wants to take a closer look at Goya the man.<br \/><br \/>A tour of Zaragoza is therefore much more than just an art-historical walk. It is a journey to the beginnings of an artist who pushed the boundaries of painting and left his mark for centuries - and whose influence can still be felt here, between baroque churches, modern city life and deeply rooted history.<\/p>\t\t\t\t\t\t\t\t<\/div>\n\t\t\t\t<\/div>\n\t\t\t\t<\/div>\n\t\t\t\t\t<\/div>\n\t\t\t\t<\/div>\n\t\t<div class=\"elementor-element elementor-element-d8a22fb e-flex e-con-boxed e-con e-parent\" data-id=\"d8a22fb\" data-element_type=\"container\" data-e-type=\"container\">\n\t\t\t\t\t<div class=\"e-con-inner\">\n\t\t\t\t<div class=\"elementor-element elementor-element-c7f4f21 elementor-widget-divider--separator-type-pattern elementor-widget-divider--no-spacing elementor-widget-divider--view-line elementor-widget elementor-widget-divider\" data-id=\"c7f4f21\" data-element_type=\"widget\" data-e-type=\"widget\" data-widget_type=\"divider.default\">\n\t\t\t\t<div class=\"elementor-widget-container\">\n\t\t\t\t\t\t\t<div class=\"elementor-divider\" style=\"--divider-pattern-url: url(&quot;data:image\/svg+xml,%3Csvg xmlns=&#039;http:\/\/www.w3.org\/2000\/svg&#039; preserveAspectRatio=&#039;xMidYMid meet&#039; overflow=&#039;visible&#039; height=&#039;100%&#039; viewBox=&#039;0 0 126 26&#039; fill=&#039;black&#039; stroke=&#039;none&#039;%3E%3Cpath d=&#039;M3,10.2c2.6,0,2.6,2,2.6,3.2S4.4,16.5,3,16.5s-3-1.4-3-3.2S0.4,10.2,3,10.2z M18.8,10.2c1.7,0,3.2,1.4,3.2,3.2s-1.4,3.2-3.2,3.2c-1.7,0-3.2-1.4-3.2-3.2S17,10.2,18.8,10.2z M34.6,10.2c1.5,0,2.6,1.4,2.6,3.2s-0.5,3.2-1.9,3.2c-1.5,0-3.4-1.4-3.4-3.2S33.1,10.2,34.6,10.2z M50.5,10.2c1.7,0,3.2,1.4,3.2,3.2s-1.4,3.2-3.2,3.2c-1.7,0-3.3-0.9-3.3-2.6S48.7,10.2,50.5,10.2z M66.2,10.2c1.5,0,3.4,1.4,3.4,3.2s-1.9,3.2-3.4,3.2c-1.5,0-2.6-0.4-2.6-2.1S64.8,10.2,66.2,10.2z M82.2,10.2c1.7,0.8,2.6,1.4,2.6,3.2s-0.1,3.2-1.6,3.2c-1.5,0-3.7-1.4-3.7-3.2S80.5,9.4,82.2,10.2zM98.6,10.2c1.5,0,2.6,0.4,2.6,2.1s-1.2,4.2-2.6,4.2c-1.5,0-3.7-0.4-3.7-2.1S97.1,10.2,98.6,10.2z M113.4,10.2c1.2,0,2.2,0.9,2.2,3.2s-0.1,3.2-1.3,3.2s-3.1-1.4-3.1-3.2S112.2,10.2,113.4,10.2z&#039;\/%3E%3C\/svg%3E&quot;);\">\n\t\t\t<span class=\"elementor-divider-separator\">\n\t\t\t\t\t\t<\/span>\n\t\t<\/div>\n\t\t\t\t\t\t<\/div>\n\t\t\t\t<\/div>\n\t\t\t\t\t<\/div>\n\t\t\t\t<\/div>\n\t\t<div class=\"elementor-element elementor-element-d589101 e-flex e-con-boxed e-con e-parent\" data-id=\"d589101\" data-element_type=\"container\" data-e-type=\"container\">\n\t\t\t\t\t<div class=\"e-con-inner\">\n\t\t\t\t<div class=\"elementor-element elementor-element-111ae10 elementor-grid-3 elementor-grid-tablet-2 elementor-grid-mobile-1 elementor-posts--thumbnail-top elementor-posts--show-avatar elementor-card-shadow-yes elementor-posts__hover-gradient elementor-widget elementor-widget-posts\" data-id=\"111ae10\" data-element_type=\"widget\" data-e-type=\"widget\" data-settings=\"{&quot;cards_columns&quot;:&quot;3&quot;,&quot;cards_columns_tablet&quot;:&quot;2&quot;,&quot;cards_columns_mobile&quot;:&quot;1&quot;,&quot;cards_row_gap&quot;:{&quot;unit&quot;:&quot;px&quot;,&quot;size&quot;:35,&quot;sizes&quot;:[]},&quot;cards_row_gap_tablet&quot;:{&quot;unit&quot;:&quot;px&quot;,&quot;size&quot;:&quot;&quot;,&quot;sizes&quot;:[]},&quot;cards_row_gap_mobile&quot;:{&quot;unit&quot;:&quot;px&quot;,&quot;size&quot;:&quot;&quot;,&quot;sizes&quot;:[]}}\" data-widget_type=\"posts.cards\">\n\t\t\t\t<div class=\"elementor-widget-container\">\n\t\t\t\t\t\t\t<div class=\"elementor-posts-container elementor-posts elementor-posts--skin-cards elementor-grid\" role=\"list\">\n\t\t\t\t<article class=\"elementor-post elementor-grid-item post-7491 post type-post status-publish format-standard has-post-thumbnail hentry category-aktivitaeten-und-ausfluege tag-altea tag-ausfluege-costa-blanca tag-costa-blanca-2 tag-costablanca tag-kunst-costablanca tag-mi-pueblo tag-tagesausflug-altea\" role=\"listitem\">\n\t\t\t<div class=\"elementor-post__card\">\n\t\t\t\t<a class=\"elementor-post__thumbnail__link\" href=\"https:\/\/costablanca-magazin.com\/en\/freizeit\/aktivitaeten-und-ausfluege\/altea-zwischen-geschichtekunst-und-mittelmeerlicht\/\" tabindex=\"-1\" ><div class=\"elementor-post__thumbnail\"><img fetchpriority=\"high\" decoding=\"async\" width=\"1000\" height=\"563\" src=\"https:\/\/costablanca-magazin.com\/wp-content\/uploads\/2025\/05\/Costablanca-Magazin-Altea-10.jpg\" class=\"attachment-full size-full wp-image-7066\" alt=\"costablanca mallorca 228\" srcset=\"https:\/\/costablanca-magazin.com\/wp-content\/uploads\/2025\/05\/Costablanca-Magazin-Altea-10.jpg 1000w, https:\/\/costablanca-magazin.com\/wp-content\/uploads\/2025\/05\/Costablanca-Magazin-Altea-10-300x169.jpg 300w, https:\/\/costablanca-magazin.com\/wp-content\/uploads\/2025\/05\/Costablanca-Magazin-Altea-10-768x432.jpg 768w\" sizes=\"(max-width: 1000px) 100vw, 1000px\" \/><\/div><\/a>\n\t\t\t\t<div class=\"elementor-post__badge\">Activities and excursions<\/div>\n\t\t\t\t<div class=\"elementor-post__avatar\">\n\t\t\t\t\t<\/div>\n\t\t\t\t<div class=\"elementor-post__text\">\n\t\t\t\t<h3 class=\"elementor-post__title\">\n\t\t\t<a href=\"https:\/\/costablanca-magazin.com\/en\/freizeit\/aktivitaeten-und-ausfluege\/altea-zwischen-geschichtekunst-und-mittelmeerlicht\/\" >\n\t\t\t\tAltea - Between history, art and Mediterranean light\t\t\t<\/a>\n\t\t<\/h3>\n\t\t\t\t<\/div>\n\t\t\t\t\t<\/div>\n\t\t<\/article>\n\t\t\t\t<article class=\"elementor-post elementor-grid-item post-7006 post type-post status-publish format-standard has-post-thumbnail hentry category-aktivitaeten-und-ausfluege tag-altea tag-auditorium-costablanca tag-benissa tag-denia tag-festival-benidorm tag-javea tag-konzerte-costablanca tag-kunst-an-der-costa-blanca tag-teulada tag-veranstaltungen-costablanca\" role=\"listitem\">\n\t\t\t<div class=\"elementor-post__card\">\n\t\t\t\t<a class=\"elementor-post__thumbnail__link\" href=\"https:\/\/costablanca-magazin.com\/en\/freizeit\/aktivitaeten-und-ausfluege\/costa-blanca-konzerte-theater-und-open-air-konzerte\/\" tabindex=\"-1\" ><div class=\"elementor-post__thumbnail\"><img decoding=\"async\" width=\"1200\" height=\"671\" src=\"https:\/\/costablanca-magazin.com\/wp-content\/uploads\/2025\/05\/Stierkampf-Benidorm.jpg\" class=\"attachment-full size-full wp-image-7016\" alt=\"Culture on all stages: auditoriums &amp; open-air arenas 7\" srcset=\"https:\/\/costablanca-magazin.com\/wp-content\/uploads\/2025\/05\/Stierkampf-Benidorm.jpg 1200w, https:\/\/costablanca-magazin.com\/wp-content\/uploads\/2025\/05\/Stierkampf-Benidorm-300x168.jpg 300w, https:\/\/costablanca-magazin.com\/wp-content\/uploads\/2025\/05\/Stierkampf-Benidorm-1024x573.jpg 1024w, https:\/\/costablanca-magazin.com\/wp-content\/uploads\/2025\/05\/Stierkampf-Benidorm-768x429.jpg 768w\" sizes=\"(max-width: 1200px) 100vw, 1200px\" \/><\/div><\/a>\n\t\t\t\t<div class=\"elementor-post__badge\">Activities and excursions<\/div>\n\t\t\t\t<div class=\"elementor-post__avatar\">\n\t\t\t\t\t<\/div>\n\t\t\t\t<div class=\"elementor-post__text\">\n\t\t\t\t<h3 class=\"elementor-post__title\">\n\t\t\t<a href=\"https:\/\/costablanca-magazin.com\/en\/freizeit\/aktivitaeten-und-ausfluege\/costa-blanca-konzerte-theater-und-open-air-konzerte\/\" >\n\t\t\t\tCulture on all stages - auditoriums and open-air arenas\t\t\t<\/a>\n\t\t<\/h3>\n\t\t\t\t<\/div>\n\t\t\t\t\t<\/div>\n\t\t<\/article>\n\t\t\t\t<article class=\"elementor-post elementor-grid-item post-6786 post type-post status-publish format-standard has-post-thumbnail hentry category-aktivitaeten-und-ausfluege tag-auditorium-altea tag-auditorium-benissa-teulada-theater-costablanca tag-auditorium-denia tag-kunst-an-der-costa-blanca tag-musical-costablanca tag-veranstaltungen\" role=\"listitem\">\n\t\t\t<div class=\"elementor-post__card\">\n\t\t\t\t<a class=\"elementor-post__thumbnail__link\" href=\"https:\/\/costablanca-magazin.com\/en\/freizeit\/aktivitaeten-und-ausfluege\/buehne-frei-fuer-kunst-und-kultur-an-der-costa-blanca\/\" tabindex=\"-1\" ><div class=\"elementor-post__thumbnail\"><img decoding=\"async\" width=\"1200\" height=\"800\" src=\"https:\/\/costablanca-magazin.com\/wp-content\/uploads\/2025\/05\/female-painter-draws-picture-with-paintbrush-on-ca-2025-03-18-06-44-23-utc.jpg\" class=\"attachment-full size-full wp-image-6807\" alt=\"Clear the stage for art and culture\" srcset=\"https:\/\/costablanca-magazin.com\/wp-content\/uploads\/2025\/05\/female-painter-draws-picture-with-paintbrush-on-ca-2025-03-18-06-44-23-utc.jpg 1200w, https:\/\/costablanca-magazin.com\/wp-content\/uploads\/2025\/05\/female-painter-draws-picture-with-paintbrush-on-ca-2025-03-18-06-44-23-utc-300x200.jpg 300w, https:\/\/costablanca-magazin.com\/wp-content\/uploads\/2025\/05\/female-painter-draws-picture-with-paintbrush-on-ca-2025-03-18-06-44-23-utc-1024x683.jpg 1024w, https:\/\/costablanca-magazin.com\/wp-content\/uploads\/2025\/05\/female-painter-draws-picture-with-paintbrush-on-ca-2025-03-18-06-44-23-utc-768x512.jpg 768w\" sizes=\"(max-width: 1200px) 100vw, 1200px\" \/><\/div><\/a>\n\t\t\t\t<div class=\"elementor-post__badge\">Activities and excursions<\/div>\n\t\t\t\t<div class=\"elementor-post__avatar\">\n\t\t\t\t\t<\/div>\n\t\t\t\t<div class=\"elementor-post__text\">\n\t\t\t\t<h3 class=\"elementor-post__title\">\n\t\t\t<a href=\"https:\/\/costablanca-magazin.com\/en\/freizeit\/aktivitaeten-und-ausfluege\/buehne-frei-fuer-kunst-und-kultur-an-der-costa-blanca\/\" >\n\t\t\t\tClear the stage for art and culture on the Costa Blanca\t\t\t<\/a>\n\t\t<\/h3>\n\t\t\t\t<\/div>\n\t\t\t\t\t<\/div>\n\t\t<\/article>\n\t\t\t\t<\/div>\n\t\t\n\t\t\t\t\t\t<\/div>\n\t\t\t\t<\/div>\n\t\t\t\t\t<\/div>\n\t\t\t\t<\/div>\n\t\t\t\t<\/div>","protected":false},"excerpt":{"rendered":"<p>Two perspectives - Goya in Zaragoza and Gehry in Bilbao A look at two places where art makes history<\/p>","protected":false},"author":1,"featured_media":7547,"comment_status":"closed","ping_status":"closed","sticky":false,"template":"elementor_header_footer","format":"standard","meta":{"footnotes":""},"categories":[22],"tags":[420,880,882,881,883,879],"class_list":["post-7533","post","type-post","status-publish","format-standard","has-post-thumbnail","hentry","category-aktivitaeten-und-ausfluege","tag-ausfluege-costa-blanca","tag-bilbao","tag-kunst-reisen-spanien","tag-reisen-spanien","tag-staedtetour-spanien","tag-zaragosa"],"aioseo_notices":[],"_links":{"self":[{"href":"https:\/\/costablanca-magazin.com\/en\/wp-json\/wp\/v2\/posts\/7533","targetHints":{"allow":["GET"]}}],"collection":[{"href":"https:\/\/costablanca-magazin.com\/en\/wp-json\/wp\/v2\/posts"}],"about":[{"href":"https:\/\/costablanca-magazin.com\/en\/wp-json\/wp\/v2\/types\/post"}],"author":[{"embeddable":true,"href":"https:\/\/costablanca-magazin.com\/en\/wp-json\/wp\/v2\/users\/1"}],"replies":[{"embeddable":true,"href":"https:\/\/costablanca-magazin.com\/en\/wp-json\/wp\/v2\/comments?post=7533"}],"version-history":[{"count":10,"href":"https:\/\/costablanca-magazin.com\/en\/wp-json\/wp\/v2\/posts\/7533\/revisions"}],"predecessor-version":[{"id":10284,"href":"https:\/\/costablanca-magazin.com\/en\/wp-json\/wp\/v2\/posts\/7533\/revisions\/10284"}],"wp:featuredmedia":[{"embeddable":true,"href":"https:\/\/costablanca-magazin.com\/en\/wp-json\/wp\/v2\/media\/7547"}],"wp:attachment":[{"href":"https:\/\/costablanca-magazin.com\/en\/wp-json\/wp\/v2\/media?parent=7533"}],"wp:term":[{"taxonomy":"category","embeddable":true,"href":"https:\/\/costablanca-magazin.com\/en\/wp-json\/wp\/v2\/categories?post=7533"},{"taxonomy":"post_tag","embeddable":true,"href":"https:\/\/costablanca-magazin.com\/en\/wp-json\/wp\/v2\/tags?post=7533"}],"curies":[{"name":"wp","href":"https:\/\/api.w.org\/{rel}","templated":true}]}}