{"id":7020,"date":"2025-05-21T14:32:31","date_gmt":"2025-05-21T12:32:31","guid":{"rendered":"https:\/\/costablanca-magazin.com\/?p=7020"},"modified":"2025-07-08T05:24:29","modified_gmt":"2025-07-08T03:24:29","slug":"la-nucia-collects-food-in-may-2025-for-those-in-need","status":"publish","type":"post","link":"https:\/\/costablanca-magazin.com\/en\/lokales\/infos\/la-nucia-sammelt-lebensmittel-im-mai-2025-fuer-beduerftige\/","title":{"rendered":"La Nuc\u00eda collects food for the needy in May 2025"},"content":{"rendered":"<div data-elementor-type=\"wp-post\" data-elementor-id=\"7020\" class=\"elementor elementor-7020\" data-elementor-post-type=\"post\">\n\t\t\t\t<div class=\"elementor-element elementor-element-c5266ef e-flex e-con-boxed e-con e-parent\" data-id=\"c5266ef\" data-element_type=\"container\" data-e-type=\"container\">\n\t\t\t\t\t<div class=\"e-con-inner\">\n\t\t\t\t<div class=\"elementor-element elementor-element-f1fff20 elementor-widget elementor-widget-heading\" data-id=\"f1fff20\" data-element_type=\"widget\" data-e-type=\"widget\" data-widget_type=\"heading.default\">\n\t\t\t\t<div class=\"elementor-widget-container\">\n\t\t\t\t\t<h1 class=\"elementor-heading-title elementor-size-default\"> La Nuc\u00eda collects food for the needy in May 2025<\/h1>\t\t\t\t<\/div>\n\t\t\t\t<\/div>\n\t\t\t\t<div class=\"elementor-element elementor-element-a92e01d elementor-widget elementor-widget-image\" data-id=\"a92e01d\" data-element_type=\"widget\" data-e-type=\"widget\" data-widget_type=\"image.default\">\n\t\t\t\t<div class=\"elementor-widget-container\">\n\t\t\t\t\t\t\t\t\t\t\t\t\t\t\t<img decoding=\"async\" src=\"https:\/\/costablanca-magazin.com\/wp-content\/uploads\/elementor\/thumbs\/La-Nucia-BSocial-Recogida-Primavera-1-2025-scaled-rjc5o51828svtis0jzv6yvftxyhgdqyteq1w1x4494.jpg\" title=\"La Nuc\u00eda collects food for the needy in May 2025\" alt=\"La Nuc\u00eda collects food for the needy in May 2025\" loading=\"lazy\" \/>\t\t\t\t\t\t\t\t\t\t\t\t\t\t\t<\/div>\n\t\t\t\t<\/div>\n\t\t\t\t\t<\/div>\n\t\t\t\t<\/div>\n\t\t<div class=\"elementor-element elementor-element-15edfb4 e-flex e-con-boxed e-con e-parent\" data-id=\"15edfb4\" data-element_type=\"container\" data-e-type=\"container\">\n\t\t\t\t\t<div class=\"e-con-inner\">\n\t\t\t\t<div class=\"elementor-element elementor-element-2b87bcc elementor-widget elementor-widget-heading\" data-id=\"2b87bcc\" data-element_type=\"widget\" data-e-type=\"widget\" data-widget_type=\"heading.default\">\n\t\t\t\t<div class=\"elementor-widget-container\">\n\t\t\t\t\t<h2 class=\"elementor-heading-title elementor-size-default\">From 23 to 25 May 2025, supermarkets in La Nuc\u00eda will become collection points for non-perishable food as part of the FESBAL spring campaign.<\/h2>\t\t\t\t<\/div>\n\t\t\t\t<\/div>\n\t\t\t\t\t<\/div>\n\t\t\t\t<\/div>\n\t\t<div class=\"elementor-element elementor-element-fbff24c e-flex e-con-boxed e-con e-parent\" data-id=\"fbff24c\" data-element_type=\"container\" data-e-type=\"container\">\n\t\t\t\t\t<div class=\"e-con-inner\">\n\t\t<div class=\"elementor-element elementor-element-cde81b9 e-con-full e-flex e-con e-child\" data-id=\"cde81b9\" data-element_type=\"container\" data-e-type=\"container\">\n\t\t\t\t<div class=\"elementor-element elementor-element-edbd0a8 elementor-widget elementor-widget-text-editor\" data-id=\"edbd0a8\" data-element_type=\"widget\" data-e-type=\"widget\" data-widget_type=\"text-editor.default\">\n\t\t\t\t<div class=\"elementor-widget-container\">\n\t\t\t\t\t\t\t\t\t<p data-start=\"421\" data-end=\"824\"><span class=\"_fadeIn_m1hgl_8\">When <\/span><span class=\"_fadeIn_m1hgl_8\">the <\/span><span class=\"_fadeIn_m1hgl_8\">Spring <\/span><span class=\"_fadeIn_m1hgl_8\">on <\/span><span class=\"_fadeIn_m1hgl_8\">the <\/span><span class=\"_fadeIn_m1hgl_8\">Costa <\/span><span class=\"_fadeIn_m1hgl_8\">Blanca <\/span><span class=\"_fadeIn_m1hgl_8\">in <\/span><span class=\"_fadeIn_m1hgl_8\">full <\/span><span class=\"_fadeIn_m1hgl_8\">Blossom <\/span><span class=\"_fadeIn_m1hgl_8\">stands, <\/span><span class=\"_fadeIn_m1hgl_8\">shows <\/span><span class=\"_fadeIn_m1hgl_8\">La <\/span><span class=\"_fadeIn_m1hgl_8\">Nuc\u00eda, <\/span><span class=\"_fadeIn_m1hgl_8\">that <\/span><span class=\"_fadeIn_m1hgl_8\">Compassion <\/span><span class=\"_fadeIn_m1hgl_8\">also <\/span><span class=\"_fadeIn_m1hgl_8\">grow <\/span><span class=\"_fadeIn_m1hgl_8\">can. <\/span><span class=\"_fadeIn_m1hgl_8\">From the <\/span><span class=\"_fadeIn_m1hgl_8\">23. <\/span><span class=\"_fadeIn_m1hgl_8\">until <\/span><span class=\"_fadeIn_m1hgl_8\">25. <\/span><span class=\"_fadeIn_m1hgl_8\">May <\/span><span class=\"_fadeIn_m1hgl_8\">involved <\/span><span class=\"_fadeIn_m1hgl_8\">itself <\/span><span class=\"_fadeIn_m1hgl_8\">the <\/span><span class=\"_fadeIn_m1hgl_8\">Municipality <\/span><span class=\"_fadeIn_m1hgl_8\">on <\/span><span class=\"_fadeIn_m1hgl_8\">the <\/span><span class=\"_fadeIn_m1hgl_8\">nationwide <\/span><span class=\"_fadeIn_m1hgl_8\">Solidarity campaign \u201e<\/span><span class=\"_fadeIn_m1hgl_8\">Recogida <\/span><span class=\"_fadeIn_m1hgl_8\">Primavera - <\/span><span class=\"_fadeIn_m1hgl_8\">Alimenta <\/span><span class=\"_fadeIn_m1hgl_8\">la <\/span><span class=\"_fadeIn_m1hgl_8\">esperanza\u201c, <\/span><span class=\"_fadeIn_m1hgl_8\">organised <\/span><span class=\"_fadeIn_m1hgl_8\">from <\/span><span class=\"_fadeIn_m1hgl_8\">the <\/span><span class=\"_fadeIn_m1hgl_8\">Spanish <\/span><span class=\"_fadeIn_m1hgl_8\">Federation <\/span><span class=\"_fadeIn_m1hgl_8\">the <\/span><span class=\"_fadeIn_m1hgl_8\">Food banks (<\/span><span class=\"_fadeIn_m1hgl_8\">FESBAL). <\/span><span class=\"_fadeIn_m1hgl_8\">The <\/span><span class=\"_fadeIn_m1hgl_8\">Target: <\/span><span class=\"_fadeIn_m1hgl_8\">Needy people <\/span><span class=\"_fadeIn_m1hgl_8\">People <\/span><span class=\"_fadeIn_m1hgl_8\">Hope <\/span><span class=\"_fadeIn_m1hgl_8\">to <\/span><span class=\"_fadeIn_m1hgl_8\">give - <\/span><span class=\"_fadeIn_m1hgl_8\">in <\/span><span class=\"_fadeIn_m1hgl_8\">Shape <\/span><span class=\"_fadeIn_m1hgl_8\">from <\/span><span class=\"_fadeIn_m1hgl_8\">Foodstuffs.<\/span><\/p><p data-start=\"826\" data-end=\"1167\"><span class=\"_fadeIn_m1hgl_8\">Three <\/span><span class=\"_fadeIn_m1hgl_8\">Days <\/span><span class=\"_fadeIn_m1hgl_8\">long <\/span><span class=\"_fadeIn_m1hgl_8\">transform <\/span><span class=\"_fadeIn_m1hgl_8\">itself <\/span><span class=\"_fadeIn_m1hgl_8\">six <\/span><span class=\"_fadeIn_m1hgl_8\">Supermarkets <\/span><span class=\"_fadeIn_m1hgl_8\">in <\/span><span class=\"_fadeIn_m1hgl_8\">La <\/span><span class=\"_fadeIn_m1hgl_8\">Nuc\u00eda <\/span><span class=\"_fadeIn_m1hgl_8\">in \u201e<\/span><span class=\"_fadeIn_m1hgl_8\">Spring collection points\u201c. <\/span><span class=\"_fadeIn_m1hgl_8\">Customers <\/span><span class=\"_fadeIn_m1hgl_8\">and <\/span><span class=\"_fadeIn_m1hgl_8\">Customers <\/span><span class=\"_fadeIn_m1hgl_8\">can <\/span><span class=\"_fadeIn_m1hgl_8\">either <\/span><span class=\"_fadeIn_m1hgl_8\">durable <\/span><span class=\"_fadeIn_m1hgl_8\">Food <\/span><span class=\"_fadeIn_m1hgl_8\">direct <\/span><span class=\"_fadeIn_m1hgl_8\">donate <\/span><span class=\"_fadeIn_m1hgl_8\">or <\/span><span class=\"_fadeIn_m1hgl_8\">on <\/span><span class=\"_fadeIn_m1hgl_8\">the <\/span><span class=\"_fadeIn_m1hgl_8\">Cash desk <\/span><span class=\"_fadeIn_m1hgl_8\">one <\/span><span class=\"_fadeIn_m1hgl_8\">financial <\/span><span class=\"_fadeIn_m1hgl_8\">Contribution <\/span><span class=\"_fadeIn_m1hgl_8\">to perform. <\/span><span class=\"_fadeIn_m1hgl_8\">Supported <\/span><span class=\"_fadeIn_m1hgl_8\">becomes <\/span><span class=\"_fadeIn_m1hgl_8\">the <\/span><span class=\"_fadeIn_m1hgl_8\">Action <\/span><span class=\"_fadeIn_m1hgl_8\">from <\/span><span class=\"_fadeIn_m1hgl_8\">numerous <\/span><span class=\"_fadeIn_m1hgl_8\">Volunteers, <\/span><span class=\"_fadeIn_m1hgl_8\">the <\/span><span class=\"_fadeIn_m1hgl_8\">before <\/span><span class=\"_fadeIn_m1hgl_8\">Location <\/span><span class=\"_fadeIn_m1hgl_8\">inform, <\/span><span class=\"_fadeIn_m1hgl_8\">motivate <\/span><span class=\"_fadeIn_m1hgl_8\">and <\/span><span class=\"_fadeIn_m1hgl_8\">with <\/span><span class=\"_fadeIn_m1hgl_8\">one <\/span><span class=\"_fadeIn_m1hgl_8\">Smile <\/span><span class=\"_fadeIn_m1hgl_8\">thank you.<\/span><\/p><p data-start=\"1359\" data-end=\"1523\"><strong data-start=\"1359\" data-end=\"1391\"><span class=\"_fadeIn_m1hgl_8\">What <\/span><span class=\"_fadeIn_m1hgl_8\">becomes <\/span><span class=\"_fadeIn_m1hgl_8\">urgent <\/span><span class=\"_fadeIn_m1hgl_8\">needed?<\/span><\/strong><br data-start=\"1391\" data-end=\"1394\" \/><span class=\"_fadeIn_m1hgl_8\">Not <\/span><span class=\"_fadeIn_m1hgl_8\">perishable <\/span><span class=\"_fadeIn_m1hgl_8\">Food <\/span><span class=\"_fadeIn_m1hgl_8\">like <\/span><span class=\"_fadeIn_m1hgl_8\">Tinned food (<\/span><span class=\"_fadeIn_m1hgl_8\">Meat, <\/span><span class=\"_fadeIn_m1hgl_8\">Fish, <\/span><span class=\"_fadeIn_m1hgl_8\">vegetables), <\/span><span class=\"_fadeIn_m1hgl_8\">Milk, <\/span><span class=\"_fadeIn_m1hgl_8\">Baby food, <\/span><span class=\"_fadeIn_m1hgl_8\">Oil, <\/span><span class=\"_fadeIn_m1hgl_8\">Rice, <\/span><span class=\"_fadeIn_m1hgl_8\">Noodles <\/span><span class=\"_fadeIn_m1hgl_8\">and <\/span><span class=\"_fadeIn_m1hgl_8\">Pulses.<\/span><\/p><p>\u00a0More than one million people currently receive support from FESBAL - in La Nuc\u00eda, too, donations are channelled to those in need via the social welfare office. Every contribution counts, every gesture makes a difference.<\/p>\t\t\t\t\t\t\t\t<\/div>\n\t\t\t\t<\/div>\n\t\t\t\t<\/div>\n\t\t<div class=\"elementor-element elementor-element-ae72021 e-con-full e-flex e-con e-child\" data-id=\"ae72021\" data-element_type=\"container\" data-e-type=\"container\">\n\t\t\t\t<div class=\"elementor-element elementor-element-e1221ef elementor-widget elementor-widget-text-editor\" data-id=\"e1221ef\" data-element_type=\"widget\" data-e-type=\"widget\" data-widget_type=\"text-editor.default\">\n\t\t\t\t<div class=\"elementor-widget-container\">\n\t\t\t\t\t\t\t\t\t<p data-start=\"1753\" data-end=\"1977\"><span class=\"_fadeIn_m1hgl_8\">Because <\/span><span class=\"_fadeIn_m1hgl_8\">while <\/span><span class=\"_fadeIn_m1hgl_8\">the <\/span><span class=\"_fadeIn_m1hgl_8\">Spring <\/span><span class=\"_fadeIn_m1hgl_8\">outside <\/span><span class=\"_fadeIn_m1hgl_8\">blooms, <\/span><span class=\"_fadeIn_m1hgl_8\">can <\/span><span class=\"_fadeIn_m1hgl_8\">in the <\/span><span class=\"_fadeIn_m1hgl_8\">Hearts <\/span><span class=\"_fadeIn_m1hgl_8\">also <\/span><span class=\"_fadeIn_m1hgl_8\">something <\/span><span class=\"_fadeIn_m1hgl_8\">grow: <\/span><span class=\"_fadeIn_m1hgl_8\">Solidarity. <\/span><span class=\"_fadeIn_m1hgl_8\">Who <\/span><span class=\"_fadeIn_m1hgl_8\">in <\/span><span class=\"_fadeIn_m1hgl_8\">this <\/span><span class=\"_fadeIn_m1hgl_8\">Days <\/span><span class=\"_fadeIn_m1hgl_8\">shopping <\/span><span class=\"_fadeIn_m1hgl_8\">goes, <\/span><span class=\"_fadeIn_m1hgl_8\">has <\/span><span class=\"_fadeIn_m1hgl_8\">the <\/span><span class=\"_fadeIn_m1hgl_8\">Possibility, <\/span><span class=\"_fadeIn_m1hgl_8\">not <\/span><span class=\"_fadeIn_m1hgl_8\">only <\/span><span class=\"_fadeIn_m1hgl_8\">his <\/span><span class=\"_fadeIn_m1hgl_8\">Basket <\/span><span class=\"_fadeIn_m1hgl_8\">to <\/span><span class=\"_fadeIn_m1hgl_8\">fill - <\/span><span class=\"_fadeIn_m1hgl_8\">but <\/span><span class=\"_fadeIn_m1hgl_8\">also <\/span><span class=\"_fadeIn_m1hgl_8\">Hope <\/span><span class=\"_fadeIn_m1hgl_8\">to <\/span><span class=\"_fadeIn_m1hgl_8\">give away.<\/span><\/p>\t\t\t\t\t\t\t\t<\/div>\n\t\t\t\t<\/div>\n\t\t\t\t<div class=\"elementor-element elementor-element-e215509 elementor-widget elementor-widget-text-editor\" data-id=\"e215509\" data-element_type=\"widget\" data-e-type=\"widget\" data-widget_type=\"text-editor.default\">\n\t\t\t\t<div class=\"elementor-widget-container\">\n\t\t\t\t\t\t\t\t\t<p data-start=\"1169\" data-end=\"1197\"><strong data-start=\"1169\" data-end=\"1197\"><span class=\"_fadeIn_m1hgl_8\">These <\/span><span class=\"_fadeIn_m1hgl_8\">Markets <\/span><span class=\"_fadeIn_m1hgl_8\">make <\/span><span class=\"_fadeIn_m1hgl_8\">with:<\/span><\/strong><\/p><p data-start=\"1200\" data-end=\"1237\"><span class=\"_fadeIn_m1hgl_8\">\ud83d\udccd <\/span><span class=\"_fadeIn_m1hgl_8\">Dialprix <\/span><span class=\"_fadeIn_m1hgl_8\">La <\/span><span class=\"_fadeIn_m1hgl_8\">Nuc\u00eda (<\/span><span class=\"_fadeIn_m1hgl_8\">Urb. <\/span><span class=\"_fadeIn_m1hgl_8\">Miramar)<\/span><\/p><p data-start=\"1240\" data-end=\"1263\"><span class=\"_fadeIn_m1hgl_8\">\ud83d\udccd <\/span><span class=\"_fadeIn_m1hgl_8\">M\u00e1s <\/span><span class=\"_fadeIn_m1hgl_8\">y <\/span><span class=\"_fadeIn_m1hgl_8\">M\u00e1s <\/span><span class=\"_fadeIn_m1hgl_8\">La <\/span><span class=\"_fadeIn_m1hgl_8\">Nuc\u00eda<\/span><\/p><p data-start=\"1266\" data-end=\"1275\"><span class=\"_fadeIn_m1hgl_8\">\ud83d\udccd <\/span><span class=\"_fadeIn_m1hgl_8\">Savings<\/span><\/p><p data-start=\"1278\" data-end=\"1295\"><span class=\"_fadeIn_m1hgl_8\">\ud83d\udccd <\/span><span class=\"_fadeIn_m1hgl_8\">Economy <\/span><span class=\"_fadeIn_m1hgl_8\">Cash<\/span><\/p><p data-start=\"1298\" data-end=\"1330\"><span class=\"_fadeIn_m1hgl_8\">\ud83d\udccd <\/span><span class=\"_fadeIn_m1hgl_8\">Mercadona (<\/span><span class=\"_fadeIn_m1hgl_8\">only <\/span><span class=\"_fadeIn_m1hgl_8\">at the cash desk)<\/span><\/p><p data-start=\"1333\" data-end=\"1357\"><span class=\"_fadeIn_m1hgl_8\">\ud83d\udccd <\/span><span class=\"_fadeIn_m1hgl_8\">Slide (<\/span><span class=\"_fadeIn_m1hgl_8\">only <\/span><span class=\"_fadeIn_m1hgl_8\">at the cash desk)<\/span><\/p>\t\t\t\t\t\t\t\t<\/div>\n\t\t\t\t<\/div>\n\t\t\t\t<\/div>\n\t\t\t\t\t<\/div>\n\t\t\t\t<\/div>\n\t\t\t\t<\/div>","protected":false},"excerpt":{"rendered":"<p>La Nuc\u00eda sammelt Lebensmittel im Mai 2025 f\u00fcr Bed\u00fcrftige Vom 23. bis 25. Mai 2025 werden Superm\u00e4rkte in La Nuc\u00eda zu Sammelstellen f\u00fcr haltbare Lebensmittel \u2013 eine Aktion im Rahmen der FESBAL-Fr\u00fchjahrskampagne. Wenn der Fr\u00fchling an der Costa Blanca in voller Bl\u00fcte steht, zeigt La Nuc\u00eda, dass Mitgef\u00fchl ebenfalls wachsen kann. Vom 23. bis 25. [&hellip;]<\/p>\n","protected":false},"author":1,"featured_media":7021,"comment_status":"closed","ping_status":"closed","sticky":false,"template":"elementor_header_footer","format":"standard","meta":{"footnotes":""},"categories":[13],"tags":[875,877,872,874,873,878,876],"class_list":["post-7020","post","type-post","status-publish","format-standard","has-post-thumbnail","hentry","category-infos","tag-fesbal-kampagne-mai-2025","tag-hilfe-fuer-beduerftige-la-nucia","tag-la-nucia-lebensmittelspende","tag-lebensmittel-sammeln-costa-blanca","tag-recogida-primavera-la-nucia","tag-solidaritaet-an-der-costa-blanca","tag-spendenaktion-supermarkt-spanien"],"aioseo_notices":[],"_links":{"self":[{"href":"https:\/\/costablanca-magazin.com\/en\/wp-json\/wp\/v2\/posts\/7020","targetHints":{"allow":["GET"]}}],"collection":[{"href":"https:\/\/costablanca-magazin.com\/en\/wp-json\/wp\/v2\/posts"}],"about":[{"href":"https:\/\/costablanca-magazin.com\/en\/wp-json\/wp\/v2\/types\/post"}],"author":[{"embeddable":true,"href":"https:\/\/costablanca-magazin.com\/en\/wp-json\/wp\/v2\/users\/1"}],"replies":[{"embeddable":true,"href":"https:\/\/costablanca-magazin.com\/en\/wp-json\/wp\/v2\/comments?post=7020"}],"version-history":[{"count":10,"href":"https:\/\/costablanca-magazin.com\/en\/wp-json\/wp\/v2\/posts\/7020\/revisions"}],"predecessor-version":[{"id":7031,"href":"https:\/\/costablanca-magazin.com\/en\/wp-json\/wp\/v2\/posts\/7020\/revisions\/7031"}],"wp:featuredmedia":[{"embeddable":true,"href":"https:\/\/costablanca-magazin.com\/en\/wp-json\/wp\/v2\/media\/7021"}],"wp:attachment":[{"href":"https:\/\/costablanca-magazin.com\/en\/wp-json\/wp\/v2\/media?parent=7020"}],"wp:term":[{"taxonomy":"category","embeddable":true,"href":"https:\/\/costablanca-magazin.com\/en\/wp-json\/wp\/v2\/categories?post=7020"},{"taxonomy":"post_tag","embeddable":true,"href":"https:\/\/costablanca-magazin.com\/en\/wp-json\/wp\/v2\/tags?post=7020"}],"curies":[{"name":"wp","href":"https:\/\/api.w.org\/{rel}","templated":true}]}}