{"id":4857,"date":"2025-02-16T09:00:00","date_gmt":"2025-02-16T08:00:00","guid":{"rendered":"https:\/\/costablanca-magazin.com\/?p=4857"},"modified":"2025-07-17T10:26:47","modified_gmt":"2025-07-17T08:26:47","slug":"the-most-beautiful-route-between-the-sea-and-nature-in-benissa","status":"publish","type":"post","link":"https:\/\/costablanca-magazin.com\/en\/freizeit\/aktivitaeten-und-ausfluege\/der-schoenste-weg-zwischen-meer-und-natur-in-benissa\/","title":{"rendered":"The most beautiful path between the sea and nature in Benissa"},"content":{"rendered":"<div data-elementor-type=\"wp-post\" data-elementor-id=\"4857\" class=\"elementor elementor-4857\" data-elementor-post-type=\"post\">\n\t\t\t\t<div class=\"elementor-element elementor-element-a751acc e-flex e-con-boxed e-con e-parent\" data-id=\"a751acc\" data-element_type=\"container\" data-e-type=\"container\">\n\t\t\t\t\t<div class=\"e-con-inner\">\n\t\t\t\t<div class=\"elementor-element elementor-element-a885962 elementor-widget elementor-widget-heading\" data-id=\"a885962\" data-element_type=\"widget\" data-e-type=\"widget\" data-widget_type=\"heading.default\">\n\t\t\t\t<div class=\"elementor-widget-container\">\n\t\t\t\t\t<h1 class=\"elementor-heading-title elementor-size-default\">Paseo Ecol\u00f3gico de Benissa:\nThe most beautiful path\nbetween the sea and nature<\/h1>\t\t\t\t<\/div>\n\t\t\t\t<\/div>\n\t\t\t\t<div class=\"elementor-element elementor-element-4ca9d7b elementor-widget elementor-widget-image\" data-id=\"4ca9d7b\" data-element_type=\"widget\" data-e-type=\"widget\" data-widget_type=\"image.default\">\n\t\t\t\t<div class=\"elementor-widget-container\">\n\t\t\t\t\t\t\t\t\t\t\t\t\t\t\t<img decoding=\"async\" src=\"https:\/\/costablanca-magazin.com\/wp-content\/uploads\/elementor\/thumbs\/Paseo-ecologica-Benissa-2-scaled-rjc6mx28xkej5tl8azq0yjkt09u9jn1ow49qa0a8ic.jpg\" title=\"Paseo ecologica Benissa\" alt=\"Paseo ecologica Benissa\" loading=\"lazy\" \/>\t\t\t\t\t\t\t\t\t\t\t\t\t\t\t<\/div>\n\t\t\t\t<\/div>\n\t\t\t\t<div class=\"elementor-element elementor-element-0994e62 elementor-widget elementor-widget-heading\" data-id=\"0994e62\" data-element_type=\"widget\" data-e-type=\"widget\" data-widget_type=\"heading.default\">\n\t\t\t\t<div class=\"elementor-widget-container\">\n\t\t\t\t\t<h2 class=\"elementor-heading-title elementor-size-default\">A sustainable coastal path,\nMediterranean landscape and deceleration\nperfectly combined.<\/h2>\t\t\t\t<\/div>\n\t\t\t\t<\/div>\n\t\t\t\t<div class=\"elementor-element elementor-element-c8a805f elementor-widget-divider--separator-type-pattern elementor-widget-divider--view-line elementor-widget elementor-widget-divider\" data-id=\"c8a805f\" data-element_type=\"widget\" data-e-type=\"widget\" data-widget_type=\"divider.default\">\n\t\t\t\t<div class=\"elementor-widget-container\">\n\t\t\t\t\t\t\t<div class=\"elementor-divider\" style=\"--divider-pattern-url: url(&quot;data:image\/svg+xml,%3Csvg xmlns=&#039;http:\/\/www.w3.org\/2000\/svg&#039; preserveAspectRatio=&#039;none&#039; overflow=&#039;visible&#039; height=&#039;100%&#039; viewBox=&#039;0 0 24 24&#039; fill=&#039;none&#039; stroke=&#039;black&#039; stroke-width=&#039;1.8&#039; stroke-linecap=&#039;square&#039; stroke-miterlimit=&#039;10&#039;%3E%3Cpath d=&#039;M0,6c6,0,0.9,11.1,6.9,11.1S18,6,24,6&#039;\/%3E%3C\/svg%3E&quot;);\">\n\t\t\t<span class=\"elementor-divider-separator\">\n\t\t\t\t\t\t<\/span>\n\t\t<\/div>\n\t\t\t\t\t\t<\/div>\n\t\t\t\t<\/div>\n\t\t\t\t\t<\/div>\n\t\t\t\t<\/div>\n\t\t<div class=\"elementor-element elementor-element-5962dc9 e-flex e-con-boxed e-con e-parent\" data-id=\"5962dc9\" data-element_type=\"container\" data-e-type=\"container\">\n\t\t\t\t\t<div class=\"e-con-inner\">\n\t\t<div class=\"elementor-element elementor-element-b67f7bb e-con-full e-flex e-con e-child\" data-id=\"b67f7bb\" data-element_type=\"container\" data-e-type=\"container\">\n\t\t\t\t<div class=\"elementor-element elementor-element-83ffca1 elementor-widget elementor-widget-text-editor\" data-id=\"83ffca1\" data-element_type=\"widget\" data-e-type=\"widget\" data-widget_type=\"text-editor.default\">\n\t\t\t\t<div class=\"elementor-widget-container\">\n\t\t\t\t\t\t\t\t\t<p>Welcome to the Paseo Ecol\u00f3gico de Benissa - a place that impresses with its unspoilt beauty and the perfect balance between man and nature. This coastal path on the Costa Blanca is much more than just a hiking trail: it is an experience, a time-out and a declaration of love to the Mediterranean coast.<\/p><p>The genesis: from dream to reality<br \/>The Paseo was once nothing more than a vision: a connection between the most beautiful bays in Benissa that harmonises nature and people. In the late 1990s, this dream became a reality. With great sensitivity, a path was created that not only does justice to the landscape, but also makes a statement in favour of gentle tourism. No concrete buildings, no fences blocking the view - nature has priority here.<\/p><p><strong>What awaits you on the Paseo<\/strong><br \/>The Paseo Ecol\u00f3gico is not a high-speed hiking route. It is a pleasure trail, an invitation to slow down. The well-maintained path winds along the coast for around three kilometres - from the small marina Les Bassetes to Cala de la Fustera. Rugged cliffs, hidden coves and the sheer endless blue of the Mediterranean provide unforgettable impressions.<br \/>Wooden platforms invite you to pause for a moment. If you like, you can simply take a seat there and let your gaze wander - over the rocks, the sea and perhaps a fishing boat on the horizon. No wonder time often seems to stand still here.<\/p>\t\t\t\t\t\t\t\t<\/div>\n\t\t\t\t<\/div>\n\t\t\t\t<\/div>\n\t\t<div class=\"elementor-element elementor-element-a80ee2f e-con-full e-flex e-con e-child\" data-id=\"a80ee2f\" data-element_type=\"container\" data-e-type=\"container\">\n\t\t\t\t<div class=\"elementor-element elementor-element-52c7d40 elementor-widget elementor-widget-gallery\" data-id=\"52c7d40\" data-element_type=\"widget\" data-e-type=\"widget\" data-settings=\"{&quot;columns&quot;:2,&quot;gap&quot;:{&quot;unit&quot;:&quot;px&quot;,&quot;size&quot;:5,&quot;sizes&quot;:[]},&quot;aspect_ratio&quot;:&quot;16:9&quot;,&quot;lazyload&quot;:&quot;yes&quot;,&quot;gallery_layout&quot;:&quot;grid&quot;,&quot;columns_tablet&quot;:2,&quot;columns_mobile&quot;:1,&quot;gap_tablet&quot;:{&quot;unit&quot;:&quot;px&quot;,&quot;size&quot;:10,&quot;sizes&quot;:[]},&quot;gap_mobile&quot;:{&quot;unit&quot;:&quot;px&quot;,&quot;size&quot;:10,&quot;sizes&quot;:[]},&quot;link_to&quot;:&quot;file&quot;,&quot;overlay_background&quot;:&quot;yes&quot;,&quot;content_hover_animation&quot;:&quot;fade-in&quot;}\" data-widget_type=\"gallery.default\">\n\t\t\t\t<div class=\"elementor-widget-container\">\n\t\t\t\t\t\t\t<div class=\"elementor-gallery__container\">\n\t\t\t\t\t\t\t<a class=\"e-gallery-item elementor-gallery-item elementor-animated-content\" href=\"https:\/\/costablanca-magazin.com\/wp-content\/uploads\/2025\/02\/Paseo-ecologica-Benissa-32-scaled.jpg\" data-elementor-open-lightbox=\"yes\" data-elementor-lightbox-slideshow=\"52c7d40\" data-elementor-lightbox-title=\"Paseo ecologica Benissa\" data-elementor-lightbox-description=\"Paseo ecologica Benissa\" data-e-action-hash=\"#elementor-action%3Aaction%3Dlightbox%26settings%3DeyJpZCI6NDg3OCwidXJsIjoiaHR0cHM6XC9cL2Nvc3RhYmxhbmNhLW1hZ2F6aW4uY29tXC93cC1jb250ZW50XC91cGxvYWRzXC8yMDI1XC8wMlwvUGFzZW8tZWNvbG9naWNhLUJlbmlzc2EtMzItc2NhbGVkLmpwZyIsInNsaWRlc2hvdyI6IjUyYzdkNDAifQ%3D%3D\">\n\t\t\t\t\t<div class=\"e-gallery-image elementor-gallery-item__image\" data-thumbnail=\"https:\/\/costablanca-magazin.com\/wp-content\/uploads\/2025\/02\/Paseo-ecologica-Benissa-32-2048x1536.jpg\" data-width=\"2048\" data-height=\"1536\" aria-label=\"Benissa Ecological Walk 20\" role=\"img\" ><\/div>\n\t\t\t\t\t\t\t\t\t\t\t<div class=\"elementor-gallery-item__overlay\"><\/div>\n\t\t\t\t\t\t\t\t\t\t\t\t\t\t<\/a>\n\t\t\t\t\t\t\t<a class=\"e-gallery-item elementor-gallery-item elementor-animated-content\" href=\"https:\/\/costablanca-magazin.com\/wp-content\/uploads\/2025\/02\/Paseo-ecologica-Benissa-29-scaled.jpg\" data-elementor-open-lightbox=\"yes\" data-elementor-lightbox-slideshow=\"52c7d40\" data-elementor-lightbox-title=\"Paseo ecologica Benissa\" data-elementor-lightbox-description=\"Paseo ecologica Benissa\" data-e-action-hash=\"#elementor-action%3Aaction%3Dlightbox%26settings%3DeyJpZCI6NDg3NiwidXJsIjoiaHR0cHM6XC9cL2Nvc3RhYmxhbmNhLW1hZ2F6aW4uY29tXC93cC1jb250ZW50XC91cGxvYWRzXC8yMDI1XC8wMlwvUGFzZW8tZWNvbG9naWNhLUJlbmlzc2EtMjktc2NhbGVkLmpwZyIsInNsaWRlc2hvdyI6IjUyYzdkNDAifQ%3D%3D\">\n\t\t\t\t\t<div class=\"e-gallery-image elementor-gallery-item__image\" data-thumbnail=\"https:\/\/costablanca-magazin.com\/wp-content\/uploads\/2025\/02\/Paseo-ecologica-Benissa-29-2048x1536.jpg\" data-width=\"2048\" data-height=\"1536\" aria-label=\"Benissa Ecological Walk 18\" role=\"img\" ><\/div>\n\t\t\t\t\t\t\t\t\t\t\t<div class=\"elementor-gallery-item__overlay\"><\/div>\n\t\t\t\t\t\t\t\t\t\t\t\t\t\t<\/a>\n\t\t\t\t\t\t\t<a class=\"e-gallery-item elementor-gallery-item elementor-animated-content\" href=\"https:\/\/costablanca-magazin.com\/wp-content\/uploads\/2025\/02\/Paseo-ecologica-Benissa-25-scaled.jpg\" data-elementor-open-lightbox=\"yes\" data-elementor-lightbox-slideshow=\"52c7d40\" data-elementor-lightbox-title=\"Paseo ecologica Benissa\" data-elementor-lightbox-description=\"Paseo ecologica Benissa\" data-e-action-hash=\"#elementor-action%3Aaction%3Dlightbox%26settings%3DeyJpZCI6NDg3NCwidXJsIjoiaHR0cHM6XC9cL2Nvc3RhYmxhbmNhLW1hZ2F6aW4uY29tXC93cC1jb250ZW50XC91cGxvYWRzXC8yMDI1XC8wMlwvUGFzZW8tZWNvbG9naWNhLUJlbmlzc2EtMjUtc2NhbGVkLmpwZyIsInNsaWRlc2hvdyI6IjUyYzdkNDAifQ%3D%3D\">\n\t\t\t\t\t<div class=\"e-gallery-image elementor-gallery-item__image\" data-thumbnail=\"https:\/\/costablanca-magazin.com\/wp-content\/uploads\/2025\/02\/Paseo-ecologica-Benissa-25-1536x2048.jpg\" data-width=\"1536\" data-height=\"2048\" aria-label=\"Benissa Ecological Walk 16\" role=\"img\" ><\/div>\n\t\t\t\t\t\t\t\t\t\t\t<div class=\"elementor-gallery-item__overlay\"><\/div>\n\t\t\t\t\t\t\t\t\t\t\t\t\t\t<\/a>\n\t\t\t\t\t\t\t<a class=\"e-gallery-item elementor-gallery-item elementor-animated-content\" href=\"https:\/\/costablanca-magazin.com\/wp-content\/uploads\/2025\/02\/Paseo-ecologica-Benissa-24-scaled.jpg\" data-elementor-open-lightbox=\"yes\" data-elementor-lightbox-slideshow=\"52c7d40\" data-elementor-lightbox-title=\"Paseo ecologica Benissa\" data-elementor-lightbox-description=\"Paseo ecologica Benissa\" data-e-action-hash=\"#elementor-action%3Aaction%3Dlightbox%26settings%3DeyJpZCI6NDg3MywidXJsIjoiaHR0cHM6XC9cL2Nvc3RhYmxhbmNhLW1hZ2F6aW4uY29tXC93cC1jb250ZW50XC91cGxvYWRzXC8yMDI1XC8wMlwvUGFzZW8tZWNvbG9naWNhLUJlbmlzc2EtMjQtc2NhbGVkLmpwZyIsInNsaWRlc2hvdyI6IjUyYzdkNDAifQ%3D%3D\">\n\t\t\t\t\t<div class=\"e-gallery-image elementor-gallery-item__image\" data-thumbnail=\"https:\/\/costablanca-magazin.com\/wp-content\/uploads\/2025\/02\/Paseo-ecologica-Benissa-24-2048x1536.jpg\" data-width=\"2048\" data-height=\"1536\" aria-label=\"Benissa Ecological Walk 15\" role=\"img\" ><\/div>\n\t\t\t\t\t\t\t\t\t\t\t<div class=\"elementor-gallery-item__overlay\"><\/div>\n\t\t\t\t\t\t\t\t\t\t\t\t\t\t<\/a>\n\t\t\t\t\t\t\t<a class=\"e-gallery-item elementor-gallery-item elementor-animated-content\" href=\"https:\/\/costablanca-magazin.com\/wp-content\/uploads\/2025\/02\/Paseo-ecologica-Benissa-22-scaled.jpg\" data-elementor-open-lightbox=\"yes\" data-elementor-lightbox-slideshow=\"52c7d40\" data-elementor-lightbox-title=\"Paseo ecologica Benissa\" data-elementor-lightbox-description=\"Paseo ecologica Benissa\" data-e-action-hash=\"#elementor-action%3Aaction%3Dlightbox%26settings%3DeyJpZCI6NDg3MSwidXJsIjoiaHR0cHM6XC9cL2Nvc3RhYmxhbmNhLW1hZ2F6aW4uY29tXC93cC1jb250ZW50XC91cGxvYWRzXC8yMDI1XC8wMlwvUGFzZW8tZWNvbG9naWNhLUJlbmlzc2EtMjItc2NhbGVkLmpwZyIsInNsaWRlc2hvdyI6IjUyYzdkNDAifQ%3D%3D\">\n\t\t\t\t\t<div class=\"e-gallery-image elementor-gallery-item__image\" data-thumbnail=\"https:\/\/costablanca-magazin.com\/wp-content\/uploads\/2025\/02\/Paseo-ecologica-Benissa-22-1536x2048.jpg\" data-width=\"1536\" data-height=\"2048\" aria-label=\"Benissa Ecological Walk 13\" role=\"img\" ><\/div>\n\t\t\t\t\t\t\t\t\t\t\t<div class=\"elementor-gallery-item__overlay\"><\/div>\n\t\t\t\t\t\t\t\t\t\t\t\t\t\t<\/a>\n\t\t\t\t\t\t\t<a class=\"e-gallery-item elementor-gallery-item elementor-animated-content\" href=\"https:\/\/costablanca-magazin.com\/wp-content\/uploads\/2025\/02\/Paseo-ecologica-Benissa-21-scaled.jpg\" data-elementor-open-lightbox=\"yes\" data-elementor-lightbox-slideshow=\"52c7d40\" data-elementor-lightbox-title=\"Paseo ecologica Benissa\" data-elementor-lightbox-description=\"Paseo ecologica Benissa\" data-e-action-hash=\"#elementor-action%3Aaction%3Dlightbox%26settings%3DeyJpZCI6NDg3MCwidXJsIjoiaHR0cHM6XC9cL2Nvc3RhYmxhbmNhLW1hZ2F6aW4uY29tXC93cC1jb250ZW50XC91cGxvYWRzXC8yMDI1XC8wMlwvUGFzZW8tZWNvbG9naWNhLUJlbmlzc2EtMjEtc2NhbGVkLmpwZyIsInNsaWRlc2hvdyI6IjUyYzdkNDAifQ%3D%3D\">\n\t\t\t\t\t<div class=\"e-gallery-image elementor-gallery-item__image\" data-thumbnail=\"https:\/\/costablanca-magazin.com\/wp-content\/uploads\/2025\/02\/Paseo-ecologica-Benissa-21-2048x1536.jpg\" data-width=\"2048\" data-height=\"1536\" aria-label=\"Benissa Ecological Walk 12\" role=\"img\" ><\/div>\n\t\t\t\t\t\t\t\t\t\t\t<div class=\"elementor-gallery-item__overlay\"><\/div>\n\t\t\t\t\t\t\t\t\t\t\t\t\t\t<\/a>\n\t\t\t\t\t\t\t<a class=\"e-gallery-item elementor-gallery-item elementor-animated-content\" href=\"https:\/\/costablanca-magazin.com\/wp-content\/uploads\/2025\/02\/Paseo-ecologica-Benissa-9-scaled.jpg\" data-elementor-open-lightbox=\"yes\" data-elementor-lightbox-slideshow=\"52c7d40\" data-elementor-lightbox-title=\"Paseo ecologica Benissa\" data-elementor-lightbox-description=\"Paseo ecologica Benissa\" data-e-action-hash=\"#elementor-action%3Aaction%3Dlightbox%26settings%3DeyJpZCI6NDg2MiwidXJsIjoiaHR0cHM6XC9cL2Nvc3RhYmxhbmNhLW1hZ2F6aW4uY29tXC93cC1jb250ZW50XC91cGxvYWRzXC8yMDI1XC8wMlwvUGFzZW8tZWNvbG9naWNhLUJlbmlzc2EtOS1zY2FsZWQuanBnIiwic2xpZGVzaG93IjoiNTJjN2Q0MCJ9\">\n\t\t\t\t\t<div class=\"e-gallery-image elementor-gallery-item__image\" data-thumbnail=\"https:\/\/costablanca-magazin.com\/wp-content\/uploads\/2025\/02\/Paseo-ecologica-Benissa-9-2048x1536.jpg\" data-width=\"2048\" data-height=\"1536\" aria-label=\"Benissa Ecological Walk 4\" role=\"img\" ><\/div>\n\t\t\t\t\t\t\t\t\t\t\t<div class=\"elementor-gallery-item__overlay\"><\/div>\n\t\t\t\t\t\t\t\t\t\t\t\t\t\t<\/a>\n\t\t\t\t\t\t\t<a class=\"e-gallery-item elementor-gallery-item elementor-animated-content\" href=\"https:\/\/costablanca-magazin.com\/wp-content\/uploads\/2025\/02\/Paseo-ecologica-Benissa-12-rotated.jpg\" data-elementor-open-lightbox=\"yes\" data-elementor-lightbox-slideshow=\"52c7d40\" data-elementor-lightbox-title=\"Paseo ecologica Benissa\" data-elementor-lightbox-description=\"Paseo ecologica Benissa\" data-e-action-hash=\"#elementor-action%3Aaction%3Dlightbox%26settings%3DeyJpZCI6NDg2MywidXJsIjoiaHR0cHM6XC9cL2Nvc3RhYmxhbmNhLW1hZ2F6aW4uY29tXC93cC1jb250ZW50XC91cGxvYWRzXC8yMDI1XC8wMlwvUGFzZW8tZWNvbG9naWNhLUJlbmlzc2EtMTItcm90YXRlZC5qcGciLCJzbGlkZXNob3ciOiI1MmM3ZDQwIn0%3D\">\n\t\t\t\t\t<div class=\"e-gallery-image elementor-gallery-item__image\" data-thumbnail=\"https:\/\/costablanca-magazin.com\/wp-content\/uploads\/2025\/02\/Paseo-ecologica-Benissa-12-1536x2048.jpg\" data-width=\"1536\" data-height=\"2048\" aria-label=\"Benissa Ecological Walk 5\" role=\"img\" ><\/div>\n\t\t\t\t\t\t\t\t\t\t\t<div class=\"elementor-gallery-item__overlay\"><\/div>\n\t\t\t\t\t\t\t\t\t\t\t\t\t\t<\/a>\n\t\t\t\t\t<\/div>\n\t\t\t\t\t<\/div>\n\t\t\t\t<\/div>\n\t\t\t\t<\/div>\n\t\t<div class=\"elementor-element elementor-element-a561dac e-con-full e-flex e-con e-child\" data-id=\"a561dac\" data-element_type=\"container\" data-e-type=\"container\">\n\t\t\t\t<div class=\"elementor-element elementor-element-1e22712 elementor-widget elementor-widget-text-editor\" data-id=\"1e22712\" data-element_type=\"widget\" data-e-type=\"widget\" data-widget_type=\"text-editor.default\">\n\t\t\t\t<div class=\"elementor-widget-container\">\n\t\t\t\t\t\t\t\t\t<p><strong>A feast for the senses<\/strong><br \/>The Paseo is an experience for all the senses. The scent of pine trees, wild thyme and rosemary fills the air, while the gentle sound of the waves has a calming effect. Your eyes will be captivated by the spectacular view of the crystal-clear water.<\/p><p>The hidden coves along the way are particular highlights. Cala de la Fustera impresses with its golden sand, turquoise-coloured water and shady trees - ideal for a break or a refreshing swim.<\/p><p><strong>A paradise for explorers<\/strong><br \/>The Paseo offers more than just hiking. Information boards along the way provide exciting insights into the flora and fauna as well as the geological history of the region. The rocks you pass tell of millions of years of geological history. And with a bit of luck, you might even spot an osprey or a lizard warming itself in the sun.<\/p><p><strong>Suitable for everyone<\/strong><br \/>The beauty of the Paseo is that it is made for everyone. Families with children can splash around in the bays, romantics can enjoy the sunset from a viewpoint. Sporty visitors use the path for jogging or Nordic walking. And, of course, it is ideal for anyone who simply wants to unwind.<br \/>Another advantage: the trail is also suitable for less experienced hikers. No steep climbs, no tricky passages - everyone can enjoy the Mediterranean coastal flair here.<\/p><p><strong>Why the Paseo is worth it<\/strong><br \/>There are many coastal paths on the Costa Blanca, but only a few manage this balancing act: the Paseo Ecol\u00f3gico is quiet, but not lonely. Close to nature without being remote. And it shows how sustainable tourism can work when people and nature coexist harmoniously.<br \/>The combination of impressive views, Mediterranean flair and an environmentally conscious concept makes it a must for anyone looking for authenticity. No staging, no unnecessary spectacle - just the unspoilt beauty of the Benissa coast.<\/p><p><strong>Simply try it out<\/strong><br \/>Whether for a few hours or a whole day - the Paseo Ecol\u00f3gico de Benissa is the perfect place to experience the Costa Blanca in its purest form. Put on some comfortable shoes, pack some water and perhaps a small picnic - and off you go. One thing is for sure: you will remember this walk for a long time to come.<\/p>\t\t\t\t\t\t\t\t<\/div>\n\t\t\t\t<\/div>\n\t\t\t\t<\/div>\n\t\t\t\t<div class=\"elementor-element elementor-element-1397da5 elementor-widget-divider--separator-type-pattern elementor-widget-divider--view-line elementor-widget elementor-widget-divider\" data-id=\"1397da5\" data-element_type=\"widget\" data-e-type=\"widget\" data-widget_type=\"divider.default\">\n\t\t\t\t<div class=\"elementor-widget-container\">\n\t\t\t\t\t\t\t<div class=\"elementor-divider\" style=\"--divider-pattern-url: url(&quot;data:image\/svg+xml,%3Csvg xmlns=&#039;http:\/\/www.w3.org\/2000\/svg&#039; preserveAspectRatio=&#039;none&#039; overflow=&#039;visible&#039; height=&#039;100%&#039; viewBox=&#039;0 0 24 24&#039; fill=&#039;none&#039; stroke=&#039;black&#039; stroke-width=&#039;1.8&#039; stroke-linecap=&#039;square&#039; stroke-miterlimit=&#039;10&#039;%3E%3Cpath d=&#039;M0,6c6,0,0.9,11.1,6.9,11.1S18,6,24,6&#039;\/%3E%3C\/svg%3E&quot;);\">\n\t\t\t<span class=\"elementor-divider-separator\">\n\t\t\t\t\t\t<\/span>\n\t\t<\/div>\n\t\t\t\t\t\t<\/div>\n\t\t\t\t<\/div>\n\t\t\t\t\t<\/div>\n\t\t\t\t<\/div>\n\t\t<div class=\"elementor-element elementor-element-b1cae42 e-flex e-con-boxed e-con e-parent\" data-id=\"b1cae42\" data-element_type=\"container\" data-e-type=\"container\">\n\t\t\t\t\t<div class=\"e-con-inner\">\n\t\t\t\t<div class=\"elementor-element elementor-element-960d93c elementor-widget elementor-widget-gallery\" data-id=\"960d93c\" data-element_type=\"widget\" data-e-type=\"widget\" data-settings=\"{&quot;gap&quot;:{&quot;unit&quot;:&quot;px&quot;,&quot;size&quot;:5,&quot;sizes&quot;:[]},&quot;aspect_ratio&quot;:&quot;21:9&quot;,&quot;lazyload&quot;:&quot;yes&quot;,&quot;gallery_layout&quot;:&quot;grid&quot;,&quot;columns&quot;:4,&quot;columns_tablet&quot;:2,&quot;columns_mobile&quot;:1,&quot;gap_tablet&quot;:{&quot;unit&quot;:&quot;px&quot;,&quot;size&quot;:10,&quot;sizes&quot;:[]},&quot;gap_mobile&quot;:{&quot;unit&quot;:&quot;px&quot;,&quot;size&quot;:10,&quot;sizes&quot;:[]},&quot;link_to&quot;:&quot;file&quot;,&quot;overlay_background&quot;:&quot;yes&quot;,&quot;content_hover_animation&quot;:&quot;fade-in&quot;}\" data-widget_type=\"gallery.default\">\n\t\t\t\t<div class=\"elementor-widget-container\">\n\t\t\t\t\t\t\t<div class=\"elementor-gallery__container\">\n\t\t\t\t\t\t\t<a class=\"e-gallery-item elementor-gallery-item elementor-animated-content\" href=\"https:\/\/costablanca-magazin.com\/wp-content\/uploads\/2025\/02\/Paseo-ecologica-Benissa-21-scaled.jpg\" data-elementor-open-lightbox=\"yes\" data-elementor-lightbox-slideshow=\"960d93c\" data-elementor-lightbox-title=\"Paseo ecologica Benissa\" data-elementor-lightbox-description=\"Paseo ecologica Benissa\" data-e-action-hash=\"#elementor-action%3Aaction%3Dlightbox%26settings%3DeyJpZCI6NDg3MCwidXJsIjoiaHR0cHM6XC9cL2Nvc3RhYmxhbmNhLW1hZ2F6aW4uY29tXC93cC1jb250ZW50XC91cGxvYWRzXC8yMDI1XC8wMlwvUGFzZW8tZWNvbG9naWNhLUJlbmlzc2EtMjEtc2NhbGVkLmpwZyIsInNsaWRlc2hvdyI6Ijk2MGQ5M2MifQ%3D%3D\">\n\t\t\t\t\t<div class=\"e-gallery-image elementor-gallery-item__image\" data-thumbnail=\"https:\/\/costablanca-magazin.com\/wp-content\/uploads\/2025\/02\/Paseo-ecologica-Benissa-21-2048x1536.jpg\" data-width=\"2048\" data-height=\"1536\" aria-label=\"Benissa Ecological Walk 12\" role=\"img\" ><\/div>\n\t\t\t\t\t\t\t\t\t\t\t<div class=\"elementor-gallery-item__overlay\"><\/div>\n\t\t\t\t\t\t\t\t\t\t\t\t\t\t<\/a>\n\t\t\t\t\t\t\t<a class=\"e-gallery-item elementor-gallery-item elementor-animated-content\" href=\"https:\/\/costablanca-magazin.com\/wp-content\/uploads\/2025\/02\/Paseo-ecologica-Benissa-9-scaled.jpg\" data-elementor-open-lightbox=\"yes\" data-elementor-lightbox-slideshow=\"960d93c\" data-elementor-lightbox-title=\"Paseo ecologica Benissa\" data-elementor-lightbox-description=\"Paseo ecologica Benissa\" data-e-action-hash=\"#elementor-action%3Aaction%3Dlightbox%26settings%3DeyJpZCI6NDg2MiwidXJsIjoiaHR0cHM6XC9cL2Nvc3RhYmxhbmNhLW1hZ2F6aW4uY29tXC93cC1jb250ZW50XC91cGxvYWRzXC8yMDI1XC8wMlwvUGFzZW8tZWNvbG9naWNhLUJlbmlzc2EtOS1zY2FsZWQuanBnIiwic2xpZGVzaG93IjoiOTYwZDkzYyJ9\">\n\t\t\t\t\t<div class=\"e-gallery-image elementor-gallery-item__image\" data-thumbnail=\"https:\/\/costablanca-magazin.com\/wp-content\/uploads\/2025\/02\/Paseo-ecologica-Benissa-9-2048x1536.jpg\" data-width=\"2048\" data-height=\"1536\" aria-label=\"Benissa Ecological Walk 4\" role=\"img\" ><\/div>\n\t\t\t\t\t\t\t\t\t\t\t<div class=\"elementor-gallery-item__overlay\"><\/div>\n\t\t\t\t\t\t\t\t\t\t\t\t\t\t<\/a>\n\t\t\t\t\t\t\t<a class=\"e-gallery-item elementor-gallery-item elementor-animated-content\" href=\"https:\/\/costablanca-magazin.com\/wp-content\/uploads\/2025\/02\/Paseo-ecologica-Benissa-12-rotated.jpg\" data-elementor-open-lightbox=\"yes\" data-elementor-lightbox-slideshow=\"960d93c\" data-elementor-lightbox-title=\"Paseo ecologica Benissa\" data-elementor-lightbox-description=\"Paseo ecologica Benissa\" data-e-action-hash=\"#elementor-action%3Aaction%3Dlightbox%26settings%3DeyJpZCI6NDg2MywidXJsIjoiaHR0cHM6XC9cL2Nvc3RhYmxhbmNhLW1hZ2F6aW4uY29tXC93cC1jb250ZW50XC91cGxvYWRzXC8yMDI1XC8wMlwvUGFzZW8tZWNvbG9naWNhLUJlbmlzc2EtMTItcm90YXRlZC5qcGciLCJzbGlkZXNob3ciOiI5NjBkOTNjIn0%3D\">\n\t\t\t\t\t<div class=\"e-gallery-image elementor-gallery-item__image\" data-thumbnail=\"https:\/\/costablanca-magazin.com\/wp-content\/uploads\/2025\/02\/Paseo-ecologica-Benissa-12-1536x2048.jpg\" data-width=\"1536\" data-height=\"2048\" aria-label=\"Benissa Ecological Walk 5\" role=\"img\" ><\/div>\n\t\t\t\t\t\t\t\t\t\t\t<div class=\"elementor-gallery-item__overlay\"><\/div>\n\t\t\t\t\t\t\t\t\t\t\t\t\t\t<\/a>\n\t\t\t\t\t\t\t<a class=\"e-gallery-item elementor-gallery-item elementor-animated-content\" href=\"https:\/\/costablanca-magazin.com\/wp-content\/uploads\/2025\/02\/Paseo-ecologica-Benissa-14-scaled.jpg\" data-elementor-open-lightbox=\"yes\" data-elementor-lightbox-slideshow=\"960d93c\" data-elementor-lightbox-title=\"Paseo ecologica Benissa\" data-elementor-lightbox-description=\"Paseo ecologica Benissa\" data-e-action-hash=\"#elementor-action%3Aaction%3Dlightbox%26settings%3DeyJpZCI6NDg2NSwidXJsIjoiaHR0cHM6XC9cL2Nvc3RhYmxhbmNhLW1hZ2F6aW4uY29tXC93cC1jb250ZW50XC91cGxvYWRzXC8yMDI1XC8wMlwvUGFzZW8tZWNvbG9naWNhLUJlbmlzc2EtMTQtc2NhbGVkLmpwZyIsInNsaWRlc2hvdyI6Ijk2MGQ5M2MifQ%3D%3D\">\n\t\t\t\t\t<div class=\"e-gallery-image elementor-gallery-item__image\" data-thumbnail=\"https:\/\/costablanca-magazin.com\/wp-content\/uploads\/2025\/02\/Paseo-ecologica-Benissa-14-2048x1536.jpg\" data-width=\"2048\" data-height=\"1536\" aria-label=\"Benissa Ecological Walk 7\" role=\"img\" ><\/div>\n\t\t\t\t\t\t\t\t\t\t\t<div class=\"elementor-gallery-item__overlay\"><\/div>\n\t\t\t\t\t\t\t\t\t\t\t\t\t\t<\/a>\n\t\t\t\t\t\t\t<a class=\"e-gallery-item elementor-gallery-item elementor-animated-content\" href=\"https:\/\/costablanca-magazin.com\/wp-content\/uploads\/2025\/02\/Paseo-ecologica-Benissa-15-scaled.jpg\" data-elementor-open-lightbox=\"yes\" data-elementor-lightbox-slideshow=\"960d93c\" data-elementor-lightbox-title=\"Paseo ecologica Benissa\" data-elementor-lightbox-description=\"Paseo ecologica Benissa\" data-e-action-hash=\"#elementor-action%3Aaction%3Dlightbox%26settings%3DeyJpZCI6NDg2NiwidXJsIjoiaHR0cHM6XC9cL2Nvc3RhYmxhbmNhLW1hZ2F6aW4uY29tXC93cC1jb250ZW50XC91cGxvYWRzXC8yMDI1XC8wMlwvUGFzZW8tZWNvbG9naWNhLUJlbmlzc2EtMTUtc2NhbGVkLmpwZyIsInNsaWRlc2hvdyI6Ijk2MGQ5M2MifQ%3D%3D\">\n\t\t\t\t\t<div class=\"e-gallery-image elementor-gallery-item__image\" data-thumbnail=\"https:\/\/costablanca-magazin.com\/wp-content\/uploads\/2025\/02\/Paseo-ecologica-Benissa-15-2048x1536.jpg\" data-width=\"2048\" data-height=\"1536\" aria-label=\"Benissa Ecological Walk 8\" role=\"img\" ><\/div>\n\t\t\t\t\t\t\t\t\t\t\t<div class=\"elementor-gallery-item__overlay\"><\/div>\n\t\t\t\t\t\t\t\t\t\t\t\t\t\t<\/a>\n\t\t\t\t\t\t\t<a class=\"e-gallery-item elementor-gallery-item elementor-animated-content\" href=\"https:\/\/costablanca-magazin.com\/wp-content\/uploads\/2025\/02\/Paseo-ecologica-Benissa-5-scaled.jpg\" data-elementor-open-lightbox=\"yes\" data-elementor-lightbox-slideshow=\"960d93c\" data-elementor-lightbox-title=\"Paseo ecologica Benissa\" data-elementor-lightbox-description=\"Paseo ecologica Benissa\" data-e-action-hash=\"#elementor-action%3Aaction%3Dlightbox%26settings%3DeyJpZCI6NDg1OSwidXJsIjoiaHR0cHM6XC9cL2Nvc3RhYmxhbmNhLW1hZ2F6aW4uY29tXC93cC1jb250ZW50XC91cGxvYWRzXC8yMDI1XC8wMlwvUGFzZW8tZWNvbG9naWNhLUJlbmlzc2EtNS1zY2FsZWQuanBnIiwic2xpZGVzaG93IjoiOTYwZDkzYyJ9\">\n\t\t\t\t\t<div class=\"e-gallery-image elementor-gallery-item__image\" data-thumbnail=\"https:\/\/costablanca-magazin.com\/wp-content\/uploads\/2025\/02\/Paseo-ecologica-Benissa-5-2048x1536.jpg\" data-width=\"2048\" data-height=\"1536\" aria-label=\"Benissa Ecological Walk 1\" role=\"img\" ><\/div>\n\t\t\t\t\t\t\t\t\t\t\t<div class=\"elementor-gallery-item__overlay\"><\/div>\n\t\t\t\t\t\t\t\t\t\t\t\t\t\t<\/a>\n\t\t\t\t\t\t\t<a class=\"e-gallery-item elementor-gallery-item elementor-animated-content\" href=\"https:\/\/costablanca-magazin.com\/wp-content\/uploads\/2025\/02\/Paseo-ecologica-Benissa-20-scaled.jpg\" data-elementor-open-lightbox=\"yes\" data-elementor-lightbox-slideshow=\"960d93c\" data-elementor-lightbox-title=\"Paseo ecologica Benissa\" data-elementor-lightbox-description=\"Paseo ecologica Benissa\" data-e-action-hash=\"#elementor-action%3Aaction%3Dlightbox%26settings%3DeyJpZCI6NDg2OSwidXJsIjoiaHR0cHM6XC9cL2Nvc3RhYmxhbmNhLW1hZ2F6aW4uY29tXC93cC1jb250ZW50XC91cGxvYWRzXC8yMDI1XC8wMlwvUGFzZW8tZWNvbG9naWNhLUJlbmlzc2EtMjAtc2NhbGVkLmpwZyIsInNsaWRlc2hvdyI6Ijk2MGQ5M2MifQ%3D%3D\">\n\t\t\t\t\t<div class=\"e-gallery-image elementor-gallery-item__image\" data-thumbnail=\"https:\/\/costablanca-magazin.com\/wp-content\/uploads\/2025\/02\/Paseo-ecologica-Benissa-20-2048x1536.jpg\" data-width=\"2048\" data-height=\"1536\" aria-label=\"Benissa Ecological Walk 11\" role=\"img\" ><\/div>\n\t\t\t\t\t\t\t\t\t\t\t<div class=\"elementor-gallery-item__overlay\"><\/div>\n\t\t\t\t\t\t\t\t\t\t\t\t\t\t<\/a>\n\t\t\t\t\t\t\t<a class=\"e-gallery-item elementor-gallery-item elementor-animated-content\" href=\"https:\/\/costablanca-magazin.com\/wp-content\/uploads\/2025\/02\/Paseo-ecologica-Benissa-31-scaled.jpg\" data-elementor-open-lightbox=\"yes\" data-elementor-lightbox-slideshow=\"960d93c\" data-elementor-lightbox-title=\"Paseo ecologica Benissa\" data-elementor-lightbox-description=\"Paseo ecologica Benissa\" data-e-action-hash=\"#elementor-action%3Aaction%3Dlightbox%26settings%3DeyJpZCI6NDg3NywidXJsIjoiaHR0cHM6XC9cL2Nvc3RhYmxhbmNhLW1hZ2F6aW4uY29tXC93cC1jb250ZW50XC91cGxvYWRzXC8yMDI1XC8wMlwvUGFzZW8tZWNvbG9naWNhLUJlbmlzc2EtMzEtc2NhbGVkLmpwZyIsInNsaWRlc2hvdyI6Ijk2MGQ5M2MifQ%3D%3D\">\n\t\t\t\t\t<div class=\"e-gallery-image elementor-gallery-item__image\" data-thumbnail=\"https:\/\/costablanca-magazin.com\/wp-content\/uploads\/2025\/02\/Paseo-ecologica-Benissa-31-2048x1536.jpg\" data-width=\"2048\" data-height=\"1536\" aria-label=\"Benissa Ecological Walk 19\" role=\"img\" ><\/div>\n\t\t\t\t\t\t\t\t\t\t\t<div class=\"elementor-gallery-item__overlay\"><\/div>\n\t\t\t\t\t\t\t\t\t\t\t\t\t\t<\/a>\n\t\t\t\t\t\t\t<a class=\"e-gallery-item elementor-gallery-item elementor-animated-content\" href=\"https:\/\/costablanca-magazin.com\/wp-content\/uploads\/2025\/02\/Paseo-ecologica-Benissa-26-scaled.jpg\" data-elementor-open-lightbox=\"yes\" data-elementor-lightbox-slideshow=\"960d93c\" data-elementor-lightbox-title=\"Paseo ecologica Benissa\" data-elementor-lightbox-description=\"Paseo ecologica Benissa\" data-e-action-hash=\"#elementor-action%3Aaction%3Dlightbox%26settings%3DeyJpZCI6NDg3NSwidXJsIjoiaHR0cHM6XC9cL2Nvc3RhYmxhbmNhLW1hZ2F6aW4uY29tXC93cC1jb250ZW50XC91cGxvYWRzXC8yMDI1XC8wMlwvUGFzZW8tZWNvbG9naWNhLUJlbmlzc2EtMjYtc2NhbGVkLmpwZyIsInNsaWRlc2hvdyI6Ijk2MGQ5M2MifQ%3D%3D\">\n\t\t\t\t\t<div class=\"e-gallery-image elementor-gallery-item__image\" data-thumbnail=\"https:\/\/costablanca-magazin.com\/wp-content\/uploads\/2025\/02\/Paseo-ecologica-Benissa-26-2048x1536.jpg\" data-width=\"2048\" data-height=\"1536\" aria-label=\"Benissa Ecological Walk 17\" role=\"img\" ><\/div>\n\t\t\t\t\t\t\t\t\t\t\t<div class=\"elementor-gallery-item__overlay\"><\/div>\n\t\t\t\t\t\t\t\t\t\t\t\t\t\t<\/a>\n\t\t\t\t\t\t\t<a class=\"e-gallery-item elementor-gallery-item elementor-animated-content\" href=\"https:\/\/costablanca-magazin.com\/wp-content\/uploads\/2025\/02\/Paseo-ecologica-Benissa-23-scaled.jpg\" data-elementor-open-lightbox=\"yes\" data-elementor-lightbox-slideshow=\"960d93c\" data-elementor-lightbox-title=\"Paseo ecologica Benissa\" data-elementor-lightbox-description=\"Paseo ecologica Benissa\" data-e-action-hash=\"#elementor-action%3Aaction%3Dlightbox%26settings%3DeyJpZCI6NDg3MiwidXJsIjoiaHR0cHM6XC9cL2Nvc3RhYmxhbmNhLW1hZ2F6aW4uY29tXC93cC1jb250ZW50XC91cGxvYWRzXC8yMDI1XC8wMlwvUGFzZW8tZWNvbG9naWNhLUJlbmlzc2EtMjMtc2NhbGVkLmpwZyIsInNsaWRlc2hvdyI6Ijk2MGQ5M2MifQ%3D%3D\">\n\t\t\t\t\t<div class=\"e-gallery-image elementor-gallery-item__image\" data-thumbnail=\"https:\/\/costablanca-magazin.com\/wp-content\/uploads\/2025\/02\/Paseo-ecologica-Benissa-23-2048x1536.jpg\" data-width=\"2048\" data-height=\"1536\" aria-label=\"Benissa Ecological Walk 14\" role=\"img\" ><\/div>\n\t\t\t\t\t\t\t\t\t\t\t<div class=\"elementor-gallery-item__overlay\"><\/div>\n\t\t\t\t\t\t\t\t\t\t\t\t\t\t<\/a>\n\t\t\t\t\t\t\t<a class=\"e-gallery-item elementor-gallery-item elementor-animated-content\" href=\"https:\/\/costablanca-magazin.com\/wp-content\/uploads\/2025\/02\/Paseo-ecologica-Benissa-17-rotated.jpg\" data-elementor-open-lightbox=\"yes\" data-elementor-lightbox-slideshow=\"960d93c\" data-elementor-lightbox-title=\"Paseo ecologica Benissa\" data-elementor-lightbox-description=\"Paseo ecologica Benissa\" data-e-action-hash=\"#elementor-action%3Aaction%3Dlightbox%26settings%3DeyJpZCI6NDg2OCwidXJsIjoiaHR0cHM6XC9cL2Nvc3RhYmxhbmNhLW1hZ2F6aW4uY29tXC93cC1jb250ZW50XC91cGxvYWRzXC8yMDI1XC8wMlwvUGFzZW8tZWNvbG9naWNhLUJlbmlzc2EtMTctcm90YXRlZC5qcGciLCJzbGlkZXNob3ciOiI5NjBkOTNjIn0%3D\">\n\t\t\t\t\t<div class=\"e-gallery-image elementor-gallery-item__image\" data-thumbnail=\"https:\/\/costablanca-magazin.com\/wp-content\/uploads\/2025\/02\/Paseo-ecologica-Benissa-17-1536x2048.jpg\" data-width=\"1536\" data-height=\"2048\" aria-label=\"Benissa Ecological Walk 10\" role=\"img\" ><\/div>\n\t\t\t\t\t\t\t\t\t\t\t<div class=\"elementor-gallery-item__overlay\"><\/div>\n\t\t\t\t\t\t\t\t\t\t\t\t\t\t<\/a>\n\t\t\t\t\t\t\t<a class=\"e-gallery-item elementor-gallery-item elementor-animated-content\" href=\"https:\/\/costablanca-magazin.com\/wp-content\/uploads\/2025\/02\/Paseo-ecologica-Benissa-16-scaled.jpg\" data-elementor-open-lightbox=\"yes\" data-elementor-lightbox-slideshow=\"960d93c\" data-elementor-lightbox-title=\"Paseo ecologica Benissa\" data-elementor-lightbox-description=\"Paseo ecologica Benissa\" data-e-action-hash=\"#elementor-action%3Aaction%3Dlightbox%26settings%3DeyJpZCI6NDg2NywidXJsIjoiaHR0cHM6XC9cL2Nvc3RhYmxhbmNhLW1hZ2F6aW4uY29tXC93cC1jb250ZW50XC91cGxvYWRzXC8yMDI1XC8wMlwvUGFzZW8tZWNvbG9naWNhLUJlbmlzc2EtMTYtc2NhbGVkLmpwZyIsInNsaWRlc2hvdyI6Ijk2MGQ5M2MifQ%3D%3D\">\n\t\t\t\t\t<div class=\"e-gallery-image elementor-gallery-item__image\" data-thumbnail=\"https:\/\/costablanca-magazin.com\/wp-content\/uploads\/2025\/02\/Paseo-ecologica-Benissa-16-2048x1536.jpg\" data-width=\"2048\" data-height=\"1536\" aria-label=\"Benissa Ecological Walk 9\" role=\"img\" ><\/div>\n\t\t\t\t\t\t\t\t\t\t\t<div class=\"elementor-gallery-item__overlay\"><\/div>\n\t\t\t\t\t\t\t\t\t\t\t\t\t\t<\/a>\n\t\t\t\t\t\t\t<a class=\"e-gallery-item elementor-gallery-item elementor-animated-content\" href=\"https:\/\/costablanca-magazin.com\/wp-content\/uploads\/2025\/02\/Paseo-ecologica-Benissa-8-scaled.jpg\" data-elementor-open-lightbox=\"yes\" data-elementor-lightbox-slideshow=\"960d93c\" data-elementor-lightbox-title=\"Paseo ecologica Benissa\" data-elementor-lightbox-description=\"Paseo ecologica Benissa\" data-e-action-hash=\"#elementor-action%3Aaction%3Dlightbox%26settings%3DeyJpZCI6NDg2MSwidXJsIjoiaHR0cHM6XC9cL2Nvc3RhYmxhbmNhLW1hZ2F6aW4uY29tXC93cC1jb250ZW50XC91cGxvYWRzXC8yMDI1XC8wMlwvUGFzZW8tZWNvbG9naWNhLUJlbmlzc2EtOC1zY2FsZWQuanBnIiwic2xpZGVzaG93IjoiOTYwZDkzYyJ9\">\n\t\t\t\t\t<div class=\"e-gallery-image elementor-gallery-item__image\" data-thumbnail=\"https:\/\/costablanca-magazin.com\/wp-content\/uploads\/2025\/02\/Paseo-ecologica-Benissa-8-2048x1536.jpg\" data-width=\"2048\" data-height=\"1536\" aria-label=\"Benissa Ecological Walk 3\" role=\"img\" ><\/div>\n\t\t\t\t\t\t\t\t\t\t\t<div class=\"elementor-gallery-item__overlay\"><\/div>\n\t\t\t\t\t\t\t\t\t\t\t\t\t\t<\/a>\n\t\t\t\t\t\t\t<a class=\"e-gallery-item elementor-gallery-item elementor-animated-content\" href=\"https:\/\/costablanca-magazin.com\/wp-content\/uploads\/2025\/02\/Paseo-ecologica-Benissa-13-scaled.jpg\" data-elementor-open-lightbox=\"yes\" data-elementor-lightbox-slideshow=\"960d93c\" data-elementor-lightbox-title=\"Paseo ecologica Benissa\" data-elementor-lightbox-description=\"Paseo ecologica Benissa\" data-e-action-hash=\"#elementor-action%3Aaction%3Dlightbox%26settings%3DeyJpZCI6NDg2NCwidXJsIjoiaHR0cHM6XC9cL2Nvc3RhYmxhbmNhLW1hZ2F6aW4uY29tXC93cC1jb250ZW50XC91cGxvYWRzXC8yMDI1XC8wMlwvUGFzZW8tZWNvbG9naWNhLUJlbmlzc2EtMTMtc2NhbGVkLmpwZyIsInNsaWRlc2hvdyI6Ijk2MGQ5M2MifQ%3D%3D\">\n\t\t\t\t\t<div class=\"e-gallery-image elementor-gallery-item__image\" data-thumbnail=\"https:\/\/costablanca-magazin.com\/wp-content\/uploads\/2025\/02\/Paseo-ecologica-Benissa-13-2048x1536.jpg\" data-width=\"2048\" data-height=\"1536\" aria-label=\"Benissa Ecological Walk 6\" role=\"img\" ><\/div>\n\t\t\t\t\t\t\t\t\t\t\t<div class=\"elementor-gallery-item__overlay\"><\/div>\n\t\t\t\t\t\t\t\t\t\t\t\t\t\t<\/a>\n\t\t\t\t\t\t\t<a class=\"e-gallery-item elementor-gallery-item elementor-animated-content\" href=\"https:\/\/costablanca-magazin.com\/wp-content\/uploads\/2025\/02\/Paseo-ecologica-Benissa-7-scaled.jpg\" data-elementor-open-lightbox=\"yes\" data-elementor-lightbox-slideshow=\"960d93c\" data-elementor-lightbox-title=\"Paseo ecologica Benissa\" data-elementor-lightbox-description=\"Paseo ecologica Benissa\" data-e-action-hash=\"#elementor-action%3Aaction%3Dlightbox%26settings%3DeyJpZCI6NDg2MCwidXJsIjoiaHR0cHM6XC9cL2Nvc3RhYmxhbmNhLW1hZ2F6aW4uY29tXC93cC1jb250ZW50XC91cGxvYWRzXC8yMDI1XC8wMlwvUGFzZW8tZWNvbG9naWNhLUJlbmlzc2EtNy1zY2FsZWQuanBnIiwic2xpZGVzaG93IjoiOTYwZDkzYyJ9\">\n\t\t\t\t\t<div class=\"e-gallery-image elementor-gallery-item__image\" data-thumbnail=\"https:\/\/costablanca-magazin.com\/wp-content\/uploads\/2025\/02\/Paseo-ecologica-Benissa-7-2048x1536.jpg\" data-width=\"2048\" data-height=\"1536\" aria-label=\"Benissa Ecological Walk 2\" role=\"img\" ><\/div>\n\t\t\t\t\t\t\t\t\t\t\t<div class=\"elementor-gallery-item__overlay\"><\/div>\n\t\t\t\t\t\t\t\t\t\t\t\t\t\t<\/a>\n\t\t\t\t\t\t\t<a class=\"e-gallery-item elementor-gallery-item elementor-animated-content\" href=\"https:\/\/costablanca-magazin.com\/wp-content\/uploads\/2025\/02\/Paseo-ecologica-Benissa-2-scaled.jpg\" data-elementor-open-lightbox=\"yes\" data-elementor-lightbox-slideshow=\"960d93c\" data-elementor-lightbox-title=\"Paseo ecologica Benissa\" data-elementor-lightbox-description=\"Paseo ecologica Benissa\" data-e-action-hash=\"#elementor-action%3Aaction%3Dlightbox%26settings%3DeyJpZCI6NDg1OCwidXJsIjoiaHR0cHM6XC9cL2Nvc3RhYmxhbmNhLW1hZ2F6aW4uY29tXC93cC1jb250ZW50XC91cGxvYWRzXC8yMDI1XC8wMlwvUGFzZW8tZWNvbG9naWNhLUJlbmlzc2EtMi1zY2FsZWQuanBnIiwic2xpZGVzaG93IjoiOTYwZDkzYyJ9\">\n\t\t\t\t\t<div class=\"e-gallery-image elementor-gallery-item__image\" data-thumbnail=\"https:\/\/costablanca-magazin.com\/wp-content\/uploads\/2025\/02\/Paseo-ecologica-Benissa-2-2048x1536.jpg\" data-width=\"2048\" data-height=\"1536\" aria-label=\"Paseo ecologica Benissa\" role=\"img\" ><\/div>\n\t\t\t\t\t\t\t\t\t\t\t<div class=\"elementor-gallery-item__overlay\"><\/div>\n\t\t\t\t\t\t\t\t\t\t\t\t\t\t<\/a>\n\t\t\t\t\t<\/div>\n\t\t\t\t\t<\/div>\n\t\t\t\t<\/div>\n\t\t\t\t\t<\/div>\n\t\t\t\t<\/div>\n\t\t\t\t<\/div>","protected":false},"excerpt":{"rendered":"<p>Paseo Ecol\u00f3gico de Benissa: Der sch\u00f6nste Weg zwischen Meer und Natur Ein nachhaltiger K\u00fcstenpfad, der mediterrane Landschaft und Entschleunigung perfekt verbindet. Willkommen auf dem Paseo Ecol\u00f3gico de Benissa \u2013 einem Ort, der mit seiner urspr\u00fcnglichen Sch\u00f6nheit und der perfekten Balance zwischen Mensch und Natur beeindruckt. Dieser K\u00fcstenpfad an der Costa Blanca ist weit mehr als [&hellip;]<\/p>\n","protected":false},"author":1,"featured_media":4858,"comment_status":"closed","ping_status":"closed","sticky":false,"template":"elementor_header_footer","format":"standard","meta":{"footnotes":""},"categories":[22],"tags":[420,504,506,503,507,306,505,508],"class_list":["post-4857","post","type-post","status-publish","format-standard","has-post-thumbnail","hentry","category-aktivitaeten-und-ausfluege","tag-ausfluege-costa-blanca","tag-kuestenpfad-costa-blanca","tag-naturerlebnis-costa-blanca","tag-paseo-ecologico-de-benissa","tag-versteckte-buchten-benissa","tag-wandern-an-der-costa-blanca","tag-wandern-benissa","tag-wanderwege-costa-blanca"],"aioseo_notices":[],"_links":{"self":[{"href":"https:\/\/costablanca-magazin.com\/en\/wp-json\/wp\/v2\/posts\/4857","targetHints":{"allow":["GET"]}}],"collection":[{"href":"https:\/\/costablanca-magazin.com\/en\/wp-json\/wp\/v2\/posts"}],"about":[{"href":"https:\/\/costablanca-magazin.com\/en\/wp-json\/wp\/v2\/types\/post"}],"author":[{"embeddable":true,"href":"https:\/\/costablanca-magazin.com\/en\/wp-json\/wp\/v2\/users\/1"}],"replies":[{"embeddable":true,"href":"https:\/\/costablanca-magazin.com\/en\/wp-json\/wp\/v2\/comments?post=4857"}],"version-history":[{"count":10,"href":"https:\/\/costablanca-magazin.com\/en\/wp-json\/wp\/v2\/posts\/4857\/revisions"}],"predecessor-version":[{"id":5998,"href":"https:\/\/costablanca-magazin.com\/en\/wp-json\/wp\/v2\/posts\/4857\/revisions\/5998"}],"wp:featuredmedia":[{"embeddable":true,"href":"https:\/\/costablanca-magazin.com\/en\/wp-json\/wp\/v2\/media\/4858"}],"wp:attachment":[{"href":"https:\/\/costablanca-magazin.com\/en\/wp-json\/wp\/v2\/media?parent=4857"}],"wp:term":[{"taxonomy":"category","embeddable":true,"href":"https:\/\/costablanca-magazin.com\/en\/wp-json\/wp\/v2\/categories?post=4857"},{"taxonomy":"post_tag","embeddable":true,"href":"https:\/\/costablanca-magazin.com\/en\/wp-json\/wp\/v2\/tags?post=4857"}],"curies":[{"name":"wp","href":"https:\/\/api.w.org\/{rel}","templated":true}]}}