{"id":178,"date":"2024-06-03T13:20:10","date_gmt":"2024-06-03T11:20:10","guid":{"rendered":"https:\/\/costablanca-magazin.com\/?p=178"},"modified":"2026-01-27T10:10:26","modified_gmt":"2026-01-27T09:10:26","slug":"trips-with-children-on-the-costa-blanca","status":"publish","type":"post","link":"https:\/\/costablanca-magazin.com\/en\/freizeit\/familie-kinder\/ausfluege-mit-kindern-an-der-costa-blanca\/","title":{"rendered":"Excursions with children on the Costa Blanca"},"content":{"rendered":"\t\t<div data-elementor-type=\"wp-post\" data-elementor-id=\"178\" class=\"elementor elementor-178\" data-elementor-post-type=\"post\">\n\t\t\t\t\t\t<section class=\"elementor-section elementor-top-section elementor-element elementor-element-b9ea4de elementor-section-boxed elementor-section-height-default elementor-section-height-default\" data-id=\"b9ea4de\" data-element_type=\"section\" data-e-type=\"section\">\n\t\t\t\t\t\t<div class=\"elementor-container elementor-column-gap-default\">\n\t\t\t\t\t<div class=\"elementor-column elementor-col-100 elementor-top-column elementor-element elementor-element-f6cfd27\" data-id=\"f6cfd27\" data-element_type=\"column\" data-e-type=\"column\">\n\t\t\t<div class=\"elementor-widget-wrap elementor-element-populated\">\n\t\t\t\t\t\t<div class=\"elementor-element elementor-element-8a47f84 elementor-widget elementor-widget-text-editor\" data-id=\"8a47f84\" data-element_type=\"widget\" data-e-type=\"widget\" data-widget_type=\"text-editor.default\">\n\t\t\t\t<div class=\"elementor-widget-container\">\n\t\t\t\t\t\t\t\t\t<p class=\"ai-h1title\"><strong>Ausfl\u00fcge mit Kindern an der Costa-Blanca<\/strong><\/p>\t\t\t\t\t\t\t\t<\/div>\n\t\t\t\t<\/div>\n\t\t\t\t\t<\/div>\n\t\t<\/div>\n\t\t\t\t\t<\/div>\n\t\t<\/section>\n\t\t<div class=\"elementor-element elementor-element-e2a9af7 e-flex e-con-boxed e-con e-parent\" data-id=\"e2a9af7\" data-element_type=\"container\" data-e-type=\"container\">\n\t\t\t\t\t<div class=\"e-con-inner\">\n\t\t\t\t<div class=\"elementor-element elementor-element-16e9541 elementor-widget elementor-widget-heading\" data-id=\"16e9541\" data-element_type=\"widget\" data-e-type=\"widget\" data-widget_type=\"heading.default\">\n\t\t\t\t<div class=\"elementor-widget-container\">\n\t\t\t\t\t<h1 class=\"elementor-heading-title elementor-size-default\">Ausfl\u00fcge mit Kindern an der Costa-Blanca<\/h1>\t\t\t\t<\/div>\n\t\t\t\t<\/div>\n\t\t\t\t\t<\/div>\n\t\t\t\t<\/div>\n\t\t<div class=\"elementor-element elementor-element-135d423 e-flex e-con-boxed e-con e-parent\" data-id=\"135d423\" data-element_type=\"container\" data-e-type=\"container\">\n\t\t\t\t\t<div class=\"e-con-inner\">\n\t\t\t\t<div class=\"elementor-element elementor-element-2e734f4 elementor-widget elementor-widget-text-editor\" data-id=\"2e734f4\" data-element_type=\"widget\" data-e-type=\"widget\" data-widget_type=\"text-editor.default\">\n\t\t\t\t<div class=\"elementor-widget-container\">\n\t\t\t\t\t\t\t\t\t<div class=\"flex flex-grow flex-col gap-3\"><div class=\"min-h-[20px] flex flex-col items-start gap-4 whitespace-pre-wrap\"><div class=\"markdown prose w-full break-words dark:prose-invert light\"><p><img fetchpriority=\"high\" decoding=\"async\" class=\"alignleft wp-image-179 size-medium\" src=\"https:\/\/costablanca-magazin.com\/wp-content\/uploads\/2024\/06\/costablanca-lifestyle-benidorm-aqualandia-3-300x300.jpg\" alt=\"\" width=\"300\" height=\"300\" srcset=\"https:\/\/costablanca-magazin.com\/wp-content\/uploads\/2024\/06\/costablanca-lifestyle-benidorm-aqualandia-3-300x300.jpg 300w, https:\/\/costablanca-magazin.com\/wp-content\/uploads\/2024\/06\/costablanca-lifestyle-benidorm-aqualandia-3-150x150.jpg 150w, https:\/\/costablanca-magazin.com\/wp-content\/uploads\/2024\/06\/costablanca-lifestyle-benidorm-aqualandia-3.jpg 600w\" sizes=\"(max-width: 300px) 100vw, 300px\" \/>Die Costa Blanca\u00a0 ist ein beliebtes und abwechslungsreiches\u00a0 Urlaubsziel . Auch, oder gerade f\u00fcr Familien mit Kindern, da es hier eine Vielzahl von Aktivit\u00e4ten, Vergn\u00fcgungsparks\u00a0 und Ausflugszielen gibt, die f\u00fcr Kinder geeignet sind. Wir stellen\u00a0 hier 15 der besten und sch\u00f6nsten Ausflugsziele und Aktivit\u00e4ten f\u00fcr Familien mit Kindern an der Costa Blanca vor:<\/p><p class=\"aih1words\">Die Costa Blanca bietet Familien mit Kindern eine F\u00fclle an spannenden Freizeitm\u00f6glichkeiten, von aufregenden Freizeitparks bis zu abwechslungsreichen Tier- und Wassererlebnissen Costa-Blanca.<\/p><p><!-- ai-h1words --><\/p><p>Die Costa Blanca bietet Familien mit Kindern eine wunderbare Mischung aus Action und Abwechslung, von Freizeitparks wie Ausfl\u00fcge \u00fcber Wasserwelten bis hin zu Tierparks und vielen weiteren Ausflugszielen.<\/p><p><!-- \/ai-h1words --><\/p><ol><li><p>Terra M\u00edtica: Ein Freizeitpark in Benidorm mit vielen Fahrgesch\u00e4ften, Shows und Attraktionen. www.terramiticapark.com<\/p><\/li><li><p>Aqualandia: Ein Wasserpark in Benidorm mit vielen Wasserrutschen und Pools.\u00a0 www.aqualandia.net<\/p><\/li><li><p>Mundomar: Ein Tierpark in Benidorm mit vielen verschiedenen Tierarten, einschlie\u00dflich Delphinen und Seel\u00f6wen. www.mundomar.es<\/p><\/li><li><p>Terra Natura: Ein Zoo in Benidorm, der sich auf Tiere aus Afrika und Asien spezialisiert hat. <a href=\"https:\/\/www.terranatura.com\/\" target=\"_blank\" rel=\"noopener\">https:\/\/www.terranatura.com\/<\/a><\/p><\/li><li><p>Rio Safari: Ein Safaripark in Elche mit vielen exotischen Tieren und Shows. <a href=\"https:\/\/riosafari.com\/\" target=\"_blank\" rel=\"noopener\">https:\/\/riosafari.com\/<\/a><\/p><\/li><li><p>Pola Park: Ein Freizeitpark in Santa Pola mit vielen Fahrgesch\u00e4ften und Attraktionen. <a href=\"https:\/\/polapark.com\/\" target=\"_blank\" rel=\"noopener\">https:\/\/polapark.com\/<\/a><\/p><\/li><li><p>Castillo de Santa B\u00e1rbara: Eine Festung in Alicante, die auf einem H\u00fcgel \u00fcber der Stadt thront und einen atemberaubenden Blick auf die K\u00fcste bietet.\u00a0 <a href=\"https:\/\/castillodesantabarbara.com\/\" target=\"_blank\" rel=\"noopener\">https:\/\/castillodesantabarbara.com\/<\/a><\/p><\/li><li><p>El Palmeral: Ein botanischer Garten in Elche mit vielen verschiedenen Arten von Palmen und anderen Pflanzen.<\/p><\/li><li><p>Les Fonts de l\u2019Algar: Ein Naturschutzgebiet in Callosa d\u2019en Sarri\u00e0 mit Wasserf\u00e4llen, Naturpools und Wanderwegen. <a href=\"https:\/\/lasfuentesdelalgar.com\/\" target=\"_blank\" rel=\"noopener\">https:\/\/lasfuentesdelalgar.com\/<\/a><\/p><\/li><li><p>Canelobre Caves: Eine H\u00f6hle in Busot mit beeindruckenden Stalaktiten und Stalagmiten. <a href=\"https:\/\/www.cuevasturisticas.es\/cueva-del-canelobre\" target=\"_blank\" rel=\"noopener\">https:\/\/www.cuevasturisticas.es\/cueva-del-canelobre<\/a><\/p><\/li><li><p>Guadalest: Ein malerisches Dorf in den Bergen mit einer beeindruckenden Burg und herrlichem Blick auf die Umgebung. <a href=\"https:\/\/guadalest.es\/\" target=\"_blank\" rel=\"noopener\">https:\/\/guadalest.es\/<\/a><\/p><\/li><li><p>J\u00e1vea: Ein charmantes K\u00fcstendorf mit einem Hafen und vielen Str\u00e4nden.<\/p><\/li><li><p>La Marina Beach: Ein breiter, flach abfallender Sandstrand in La Marina, der ideal f\u00fcr Familien mit Kindern ist.<\/p><\/li><li><p>The Dragon\u2019s Cave: Ein unterhaltsames Erlebniszentrum in Benidoleig mit Spielen und Aktivit\u00e4ten f\u00fcr Kinder. <a href=\"https:\/\/cuevadelascalaveras.com\/\" target=\"_blank\" rel=\"noopener\">https:\/\/cuevadelascalaveras.com\/<\/a><\/p><\/li><li><p>Go-karting: Es gibt mehrere Go-Kart-Strecken an der Costa Blanca, die f\u00fcr Kinder und Erwachsene geeignet sind.<\/p><\/li><\/ol><p>Diese Ausflugsziele und Aktivit\u00e4ten bieten eine breite Palette von Unterhaltungsm\u00f6glichkeiten f\u00fcr Familien mit Kindern an der Costa Blanca. Ob Sie auf der Suche nach Nervenkitzel und Action oder nach entspannten Tagen an der K\u00fcste sind, die Costa Blanca bietet f\u00fcr jeden etwas.<\/p><\/div><\/div><\/div>\t\t\t\t\t\t\t\t<\/div>\n\t\t\t\t<\/div>\n\t\t\t\t\t<\/div>\n\t\t\t\t<\/div>\n\t\t<div class=\"elementor-element elementor-element-f386d77 e-flex e-con-boxed e-con e-parent\" data-id=\"f386d77\" data-element_type=\"container\" data-e-type=\"container\">\n\t\t\t\t\t<div class=\"e-con-inner\">\n\t\t\t\t<div class=\"elementor-element elementor-element-4872827 elementor-widget elementor-widget-heading\" data-id=\"4872827\" data-element_type=\"widget\" data-e-type=\"widget\" data-widget_type=\"heading.default\">\n\t\t\t\t<div class=\"elementor-widget-container\">\n\t\t\t\t\t<h2 class=\"elementor-heading-title elementor-size-default\">Das k\u00f6nnte sie auch interessieren<\/h2>\t\t\t\t<\/div>\n\t\t\t\t<\/div>\n\t\t\t\t<div class=\"elementor-element elementor-element-11b5009 elementor-grid-4 elementor-grid-tablet-2 elementor-grid-mobile-1 elementor-posts--thumbnail-top elementor-card-shadow-yes elementor-posts__hover-gradient elementor-widget elementor-widget-posts\" data-id=\"11b5009\" data-element_type=\"widget\" data-e-type=\"widget\" data-settings=\"{&quot;cards_columns&quot;:&quot;4&quot;,&quot;cards_columns_tablet&quot;:&quot;2&quot;,&quot;cards_columns_mobile&quot;:&quot;1&quot;,&quot;cards_row_gap&quot;:{&quot;unit&quot;:&quot;px&quot;,&quot;size&quot;:35,&quot;sizes&quot;:[]},&quot;cards_row_gap_tablet&quot;:{&quot;unit&quot;:&quot;px&quot;,&quot;size&quot;:&quot;&quot;,&quot;sizes&quot;:[]},&quot;cards_row_gap_mobile&quot;:{&quot;unit&quot;:&quot;px&quot;,&quot;size&quot;:&quot;&quot;,&quot;sizes&quot;:[]}}\" data-widget_type=\"posts.cards\">\n\t\t\t\t<div class=\"elementor-widget-container\">\n\t\t\t\t\t\t\t<div class=\"elementor-posts-container elementor-posts elementor-posts--skin-cards elementor-grid\" role=\"list\">\n\t\t\t\t<article class=\"elementor-post elementor-grid-item post-11423 post type-post status-publish format-standard has-post-thumbnail hentry category-veranstaltungen-events tag-fiestas-costa-blanca-2026 tag-moros-y-cristianos-benidorm tag-moros-y-cristianos-costa-blanca-2026 tag-moros-y-cristianos-denia tag-moros-y-cristianos-termine-2026 tag-moros-y-cristianos-villajoyosa\" role=\"listitem\">\n\t\t\t<div class=\"elementor-post__card\">\n\t\t\t\t<a class=\"elementor-post__thumbnail__link\" href=\"https:\/\/costablanca-magazin.com\/en\/freizeit\/veranstaltungen-events\/moros-y-cristianos-costa-blanca-2026-termine-und-feste\/\" tabindex=\"-1\" ><div class=\"elementor-post__thumbnail\"><img decoding=\"async\" width=\"300\" height=\"135\" src=\"https:\/\/costablanca-magazin.com\/wp-content\/uploads\/2025\/09\/calpe-moros-300x135.jpg\" class=\"attachment-medium size-medium wp-image-8738\" alt=\"calpe moros y cristianos\" srcset=\"https:\/\/costablanca-magazin.com\/wp-content\/uploads\/2025\/09\/calpe-moros-300x135.jpg 300w, https:\/\/costablanca-magazin.com\/wp-content\/uploads\/2025\/09\/calpe-moros-1024x460.jpg 1024w, https:\/\/costablanca-magazin.com\/wp-content\/uploads\/2025\/09\/calpe-moros-768x345.jpg 768w, https:\/\/costablanca-magazin.com\/wp-content\/uploads\/2025\/09\/calpe-moros.jpg 1200w\" sizes=\"(max-width: 300px) 100vw, 300px\" \/><\/div><\/a>\n\t\t\t\t<div class=\"elementor-post__text\">\n\t\t\t\t<h3 class=\"elementor-post__title\">\n\t\t\t<a href=\"https:\/\/costablanca-magazin.com\/en\/freizeit\/veranstaltungen-events\/moros-y-cristianos-costa-blanca-2026-termine-und-feste\/\" >\n\t\t\t\tMoros y Cristianos Costa Blanca 2026 &#8211; Termine und Feste\t\t\t<\/a>\n\t\t<\/h3>\n\t\t\t\t<\/div>\n\t\t\t\t\t<\/div>\n\t\t<\/article>\n\t\t\t\t<article class=\"elementor-post elementor-grid-item post-11405 post type-post status-publish format-standard has-post-thumbnail hentry category-news-politik tag-airlines-spanien tag-fluege-alicante tag-fluege-valencia tag-iran-konflikt-flugpreise tag-jet-fuel-spanien tag-kerosinpreise-europa\" role=\"listitem\">\n\t\t\t<div class=\"elementor-post__card\">\n\t\t\t\t<a class=\"elementor-post__thumbnail__link\" href=\"https:\/\/costablanca-magazin.com\/en\/lokales\/news-politik\/iran-konflikt-und-flugpreise-was-alicante-und-valencia-wirklich-erwartet\/\" tabindex=\"-1\" ><div class=\"elementor-post__thumbnail\"><img decoding=\"async\" width=\"300\" height=\"227\" src=\"https:\/\/costablanca-magazin.com\/wp-content\/uploads\/2026\/04\/die-inselzeitung-mallorca-255-300x227.jpg\" class=\"attachment-medium size-medium wp-image-11406\" alt=\"Iran-Konflikt und Flugpreise: Was Alicante und Valencia wirklich erwartet\" srcset=\"https:\/\/costablanca-magazin.com\/wp-content\/uploads\/2026\/04\/die-inselzeitung-mallorca-255-300x227.jpg 300w, https:\/\/costablanca-magazin.com\/wp-content\/uploads\/2026\/04\/die-inselzeitung-mallorca-255-1024x776.jpg 1024w, https:\/\/costablanca-magazin.com\/wp-content\/uploads\/2026\/04\/die-inselzeitung-mallorca-255-768x582.jpg 768w, https:\/\/costablanca-magazin.com\/wp-content\/uploads\/2026\/04\/die-inselzeitung-mallorca-255-1536x1164.jpg 1536w, https:\/\/costablanca-magazin.com\/wp-content\/uploads\/2026\/04\/die-inselzeitung-mallorca-255-2048x1552.jpg 2048w, https:\/\/costablanca-magazin.com\/wp-content\/uploads\/2026\/04\/die-inselzeitung-mallorca-255-16x12.jpg 16w\" sizes=\"(max-width: 300px) 100vw, 300px\" \/><\/div><\/a>\n\t\t\t\t<div class=\"elementor-post__text\">\n\t\t\t\t<h3 class=\"elementor-post__title\">\n\t\t\t<a href=\"https:\/\/costablanca-magazin.com\/en\/lokales\/news-politik\/iran-konflikt-und-flugpreise-was-alicante-und-valencia-wirklich-erwartet\/\" >\n\t\t\t\tIran-Konflikt und Flugpreise: Was Alicante und Valencia wirklich erwartet\t\t\t<\/a>\n\t\t<\/h3>\n\t\t\t\t<\/div>\n\t\t\t\t\t<\/div>\n\t\t<\/article>\n\t\t\t\t<article class=\"elementor-post elementor-grid-item post-11389 post type-post status-publish format-standard has-post-thumbnail hentry category-leben-in-spanien tag-antrag-pflege-spanien tag-comunitat-valenciana-pflege tag-dependencia-costa-blanca tag-pflege-costa-blanca tag-pflegegrad-spanien tag-pflegehilfe-alicante\" role=\"listitem\">\n\t\t\t<div class=\"elementor-post__card\">\n\t\t\t\t<a class=\"elementor-post__thumbnail__link\" href=\"https:\/\/costablanca-magazin.com\/en\/residenten\/leben-in-spanien\/pflege-an-der-costa-blanca-leistungen-antrag-und-hilfe\/\" tabindex=\"-1\" ><div class=\"elementor-post__thumbnail\"><img loading=\"lazy\" decoding=\"async\" width=\"300\" height=\"100\" src=\"https:\/\/costablanca-magazin.com\/wp-content\/uploads\/2026\/04\/AdobeStock_210113313-300x100.jpeg\" class=\"attachment-medium size-medium wp-image-11390\" alt=\"Wenn Pflege an der Costa Blanca pl\u00f6tzlich zum Thema wird\" srcset=\"https:\/\/costablanca-magazin.com\/wp-content\/uploads\/2026\/04\/AdobeStock_210113313-300x100.jpeg 300w, https:\/\/costablanca-magazin.com\/wp-content\/uploads\/2026\/04\/AdobeStock_210113313-1024x341.jpeg 1024w, https:\/\/costablanca-magazin.com\/wp-content\/uploads\/2026\/04\/AdobeStock_210113313-768x256.jpeg 768w, https:\/\/costablanca-magazin.com\/wp-content\/uploads\/2026\/04\/AdobeStock_210113313-1536x512.jpeg 1536w, https:\/\/costablanca-magazin.com\/wp-content\/uploads\/2026\/04\/AdobeStock_210113313-2048x682.jpeg 2048w, https:\/\/costablanca-magazin.com\/wp-content\/uploads\/2026\/04\/AdobeStock_210113313-18x6.jpeg 18w\" sizes=\"(max-width: 300px) 100vw, 300px\" \/><\/div><\/a>\n\t\t\t\t<div class=\"elementor-post__text\">\n\t\t\t\t<h3 class=\"elementor-post__title\">\n\t\t\t<a href=\"https:\/\/costablanca-magazin.com\/en\/residenten\/leben-in-spanien\/pflege-an-der-costa-blanca-leistungen-antrag-und-hilfe\/\" >\n\t\t\t\tPflege an der Costa Blanca &#8211; Leistungen, Antrag und Hilfe\t\t\t<\/a>\n\t\t<\/h3>\n\t\t\t\t<\/div>\n\t\t\t\t\t<\/div>\n\t\t<\/article>\n\t\t\t\t<article class=\"elementor-post elementor-grid-item post-11377 post type-post status-publish format-standard has-post-thumbnail hentry category-leben-in-spanien tag-geburt-spanien tag-mutterschutz-spanien tag-schwangerschaft-costa-blanca tag-seguridad-social-schwangerschaft\" role=\"listitem\">\n\t\t\t<div class=\"elementor-post__card\">\n\t\t\t\t<a class=\"elementor-post__thumbnail__link\" href=\"https:\/\/costablanca-magazin.com\/en\/residenten\/leben-in-spanien\/schwangerschaft-an-der-costa-blanca-vorsorge-mutterschutz\/\" tabindex=\"-1\" ><div class=\"elementor-post__thumbnail\"><img loading=\"lazy\" decoding=\"async\" width=\"300\" height=\"98\" src=\"https:\/\/costablanca-magazin.com\/wp-content\/uploads\/2026\/04\/smiling-happy-pregnant-woman-wear-casual-dress-ove-2023-11-27-05-23-42-utc-e1776345378550-300x98.jpg\" class=\"attachment-medium size-medium wp-image-11381\" alt=\"Schwanger an der Costa Blanca: Vorsorge, Geburt, Mutterschutz &amp; finanzielle Leistungen in Spanien\" srcset=\"https:\/\/costablanca-magazin.com\/wp-content\/uploads\/2026\/04\/smiling-happy-pregnant-woman-wear-casual-dress-ove-2023-11-27-05-23-42-utc-e1776345378550-300x98.jpg 300w, https:\/\/costablanca-magazin.com\/wp-content\/uploads\/2026\/04\/smiling-happy-pregnant-woman-wear-casual-dress-ove-2023-11-27-05-23-42-utc-e1776345378550-1024x334.jpg 1024w, https:\/\/costablanca-magazin.com\/wp-content\/uploads\/2026\/04\/smiling-happy-pregnant-woman-wear-casual-dress-ove-2023-11-27-05-23-42-utc-e1776345378550-768x251.jpg 768w, https:\/\/costablanca-magazin.com\/wp-content\/uploads\/2026\/04\/smiling-happy-pregnant-woman-wear-casual-dress-ove-2023-11-27-05-23-42-utc-e1776345378550-1536x502.jpg 1536w, https:\/\/costablanca-magazin.com\/wp-content\/uploads\/2026\/04\/smiling-happy-pregnant-woman-wear-casual-dress-ove-2023-11-27-05-23-42-utc-e1776345378550-2048x669.jpg 2048w, https:\/\/costablanca-magazin.com\/wp-content\/uploads\/2026\/04\/smiling-happy-pregnant-woman-wear-casual-dress-ove-2023-11-27-05-23-42-utc-e1776345378550-18x6.jpg 18w\" sizes=\"(max-width: 300px) 100vw, 300px\" \/><\/div><\/a>\n\t\t\t\t<div class=\"elementor-post__text\">\n\t\t\t\t<h3 class=\"elementor-post__title\">\n\t\t\t<a href=\"https:\/\/costablanca-magazin.com\/en\/residenten\/leben-in-spanien\/schwangerschaft-an-der-costa-blanca-vorsorge-mutterschutz\/\" >\n\t\t\t\tSchwangerschaft Costa Blanca: Vorsorge und Mutterschutz\t\t\t<\/a>\n\t\t<\/h3>\n\t\t\t\t<\/div>\n\t\t\t\t\t<\/div>\n\t\t<\/article>\n\t\t\t\t<\/div>\n\t\t\n\t\t\t\t\t\t<\/div>\n\t\t\t\t<\/div>\n\t\t\t\t\t<\/div>\n\t\t\t\t<\/div>\n\t\t\t\t<\/div>\n\t\t","protected":false},"excerpt":{"rendered":"<p>Ausfl\u00fcge mit Kindern an der Costa-Blanca Die Costa Blanca\u00a0 ist ein beliebtes und abwechslungsreiches\u00a0 Urlaubsziel . Auch, oder gerade f\u00fcr Familien mit Kindern, da es<\/p>","protected":false},"author":1,"featured_media":179,"comment_status":"closed","ping_status":"closed","sticky":false,"template":"elementor_header_footer","format":"standard","meta":{"om_disable_all_campaigns":false,"_monsterinsights_skip_tracking":false,"_monsterinsights_sitenote_active":false,"_monsterinsights_sitenote_note":"","_monsterinsights_sitenote_category":0,"footnotes":""},"categories":[25],"tags":[60,73,61,74],"class_list":["post-178","post","type-post","status-publish","format-standard","has-post-thumbnail","hentry","category-familie-kinder","tag-ausfluege-costablanca","tag-ausfluege-mit-kindern","tag-costa-blanca","tag-erlebnissparks-costa-blanca"],"aioseo_notices":[],"_links":{"self":[{"href":"https:\/\/costablanca-magazin.com\/en\/wp-json\/wp\/v2\/posts\/178","targetHints":{"allow":["GET"]}}],"collection":[{"href":"https:\/\/costablanca-magazin.com\/en\/wp-json\/wp\/v2\/posts"}],"about":[{"href":"https:\/\/costablanca-magazin.com\/en\/wp-json\/wp\/v2\/types\/post"}],"author":[{"embeddable":true,"href":"https:\/\/costablanca-magazin.com\/en\/wp-json\/wp\/v2\/users\/1"}],"replies":[{"embeddable":true,"href":"https:\/\/costablanca-magazin.com\/en\/wp-json\/wp\/v2\/comments?post=178"}],"version-history":[{"count":13,"href":"https:\/\/costablanca-magazin.com\/en\/wp-json\/wp\/v2\/posts\/178\/revisions"}],"predecessor-version":[{"id":10448,"href":"https:\/\/costablanca-magazin.com\/en\/wp-json\/wp\/v2\/posts\/178\/revisions\/10448"}],"wp:featuredmedia":[{"embeddable":true,"href":"https:\/\/costablanca-magazin.com\/en\/wp-json\/wp\/v2\/media\/179"}],"wp:attachment":[{"href":"https:\/\/costablanca-magazin.com\/en\/wp-json\/wp\/v2\/media?parent=178"}],"wp:term":[{"taxonomy":"category","embeddable":true,"href":"https:\/\/costablanca-magazin.com\/en\/wp-json\/wp\/v2\/categories?post=178"},{"taxonomy":"post_tag","embeddable":true,"href":"https:\/\/costablanca-magazin.com\/en\/wp-json\/wp\/v2\/tags?post=178"}],"curies":[{"name":"wp","href":"https:\/\/api.w.org\/{rel}","templated":true}]}}