{"id":12104,"date":"2026-08-31T14:00:00","date_gmt":"2026-08-31T12:00:00","guid":{"rendered":"https:\/\/costablanca-magazin.com\/?p=12104"},"modified":"2026-08-31T13:34:21","modified_gmt":"2026-08-31T11:34:21","slug":"day-trips-from-denia-out-and-about-with-sonnenzeit","status":"publish","type":"post","link":"https:\/\/costablanca-magazin.com\/en\/lokales\/business-service\/tagesausfluege-ab-denia-von-xativa-bis-formentera\/","title":{"rendered":"Day trips from D\u00e9nia: From X\u00e0tiva to Formentera"},"content":{"rendered":"<div data-elementor-type=\"wp-post\" data-elementor-id=\"12104\" class=\"elementor elementor-12104\" data-elementor-post-type=\"post\">\n\t\t\t\t<div class=\"elementor-element elementor-element-6b1b416 e-flex e-con-boxed e-con e-parent\" data-id=\"6b1b416\" data-element_type=\"container\" data-e-type=\"container\">\n\t\t\t\t\t<div class=\"e-con-inner\">\n\t\t\t\t<div class=\"elementor-element elementor-element-e77f618 elementor-widget elementor-widget-heading\" data-id=\"e77f618\" data-element_type=\"widget\" data-e-type=\"widget\" data-widget_type=\"heading.default\">\n\t\t\t\t<div class=\"elementor-widget-container\">\n\t\t\t\t\t<h1 class=\"elementor-heading-title elementor-size-default\">Day trips from D\u00e9nia: From X\u00e0tiva to Formentera<\/h1>\t\t\t\t<\/div>\n\t\t\t\t<\/div>\n\t\t\t\t<div class=\"elementor-element elementor-element-39ca6d9 elementor-widget elementor-widget-image\" data-id=\"39ca6d9\" data-element_type=\"widget\" data-e-type=\"widget\" data-widget_type=\"image.default\">\n\t\t\t\t<div class=\"elementor-widget-container\">\n\t\t\t\t\t\t\t\t\t\t\t\t\t\t\t<img fetchpriority=\"high\" decoding=\"async\" width=\"800\" height=\"500\" src=\"https:\/\/costablanca-magazin.com\/wp-content\/uploads\/2026\/08\/sonnenzeit-logo.png\" class=\"attachment-large size-large wp-image-12105\" alt=\"Day trips from D\u00e9nia: Out and about with SonnenZeit\" srcset=\"https:\/\/costablanca-magazin.com\/wp-content\/uploads\/2026\/08\/sonnenzeit-logo.png 800w, https:\/\/costablanca-magazin.com\/wp-content\/uploads\/2026\/08\/sonnenzeit-logo-300x188.png 300w, https:\/\/costablanca-magazin.com\/wp-content\/uploads\/2026\/08\/sonnenzeit-logo-768x480.png 768w, https:\/\/costablanca-magazin.com\/wp-content\/uploads\/2026\/08\/sonnenzeit-logo-18x12.png 18w\" sizes=\"(max-width: 800px) 100vw, 800px\" \/>\t\t\t\t\t\t\t\t\t\t\t\t\t\t\t<\/div>\n\t\t\t\t<\/div>\n\t\t\t\t<div class=\"elementor-element elementor-element-a946161 elementor-widget elementor-widget-text-editor\" data-id=\"a946161\" data-element_type=\"widget\" data-e-type=\"widget\" data-widget_type=\"text-editor.default\">\n\t\t\t\t<div class=\"elementor-widget-container\">\n\t\t\t\t\t\t\t\t\t<p>X\u00e0tiva, the Canelobre Caves, Villajoyosa or Formentera: SonnenZeit organises day trips from D\u00e9nia by coach, with a fixed itinerary and a German-speaking tour guide \u2013 for anyone who wants to explore special destinations in the region and beyond in comfort.<\/p><p>Some destinations have been practically on our doorstep for years \u2013 and yet we\u2019ve never actually been there. For many people, X\u00e0tiva is one such place. The same goes for the Canelobre Caves near Busot, or places that you\u2019d usually just drive past rather than stop at.<\/p><p>Anyone who lives on the Costa Blanca permanently or for extended periods is particularly familiar with this phenomenon. Even for a day trip, you suddenly find yourself having to plan a route, look for a car park, book a guided tour and organise the return journey.<\/p><p>SonnenZeit Ausfl\u00fcge takes care of exactly this sort of organisation. The tours start in D\u00e9nia, visit various destinations in the region and beyond, and return to the starting point on the same day. Participants travel by coach, the itinerary is set in advance, and the tour is guided in German.<\/p><h2>Join in rather than organise it yourself<\/h2><p>The advantage of this concept lies not so much in visiting destinations that one could not reach on one\u2019s own. Rather, it is about not having to plan the trip oneself for a change.<\/p><p>Depending on the tour, guided tours, admission fees or meals are already included in the programme. At the same time, some excursions allow time for you to explore the destination at your own pace.<\/p><p>One example is the trip to Busot and Villajoyosa on 23 September 2026. The programme begins with a visit to the Canelobre Caves, led by a German-speaking tour guide. After lunch together, the tour continues to Villajoyosa, where there will be time for you to explore at your leisure.<\/p><p>The price currently quoted is 95 euros per person, including VAT. According to the organiser, this includes the coach transfer, a three-course meal with a drink, admission fees, a tour guide and tips.<\/p><h2>X\u00e0tiva, Formentera and other destinations<\/h2><p>The rest of the autumn programme also shows that SonnenZeit does not limit its day trips to the traditional coastal destinations.<\/p><p>On 9 September 2026, we\u2019ll be heading to X\u00e0tiva. The plan is to visit the castle and go on a guided tour of the town.<\/p><p>Formentera is on the itinerary for 7 October 2026.<\/p><p>Participants take the ferry from D\u00e9nia to the island, where they go on a coach tour. SonnenZeit is currently quoting a price of 130 euros per person for this day trip.<\/p><p>Further trips have already been announced, although some are still in the planning stage. These include a visit to the Santa Maria de la Valldigna monastery in Simat on 21 October, a guided tour with wine tasting at Celler del Roure in Moixent on 11 November, a visit to Bioparc Valencia on 25 November, and a trip to Alicante on 9 December.<\/p><p>The programme therefore ranges from history and culture to nature, wine and excursions beyond the immediate Costa Blanca area.<\/p><h2>Just as interesting for residents as it is for visitors<\/h2><p>People who live on the Costa Blanca usually don\u2019t need a tour operator to get to Villajoyosa or X\u00e0tiva. Nevertheless, an organised day trip can be handy, especially for residents.<\/p><p>No one has to drive themselves, look up parking facilities or organise opening times and tickets. What\u2019s more, you can get background information in German and spend the day with other participants.<\/p><p>Even if you live alone or are travelling, you can join a ride without having to organise your own group first.<\/p><p>The fixed departure and return point in D\u00e9nia makes this option particularly appealing to people who live in the north of the Costa Blanca or are staying there for an extended period.<\/p><h2>Dates, prices and booking<\/h2><p>SonnenZeit publishes details of its current day trips on its own website. The website also lists the exact itinerary, the services included and the price of each trip.<\/p><p>In accordance with the published terms and conditions, a minimum of 20 participants is required for the trip to go ahead. If this number is not reached by no later than one week before the start of the trip, the trip may be cancelled. In this case, any travel fees already paid will be refunded.<\/p><p>As individual dates and programmes are still subject to change, we recommend checking the latest event details before booking.<\/p><p><em>Further information, up-to-date dates and bookings<\/em><em>:<\/em> <a href=\"https:\/\/sonnenzeit-ausfluege.com\/\" target=\"_blank\" rel=\"noopener\"><strong>sonnenzeit-ausfluege.com<\/strong><\/a><\/p>\t\t\t\t\t\t\t\t<\/div>\n\t\t\t\t<\/div>\n\t\t\t\t<div class=\"elementor-element elementor-element-6373084 elementor-widget elementor-widget-image\" data-id=\"6373084\" data-element_type=\"widget\" data-e-type=\"widget\" data-widget_type=\"image.default\">\n\t\t\t\t<div class=\"elementor-widget-container\">\n\t\t\t\t\t\t\t\t\t\t\t\t\t\t\t<img decoding=\"async\" width=\"800\" height=\"160\" src=\"https:\/\/costablanca-magazin.com\/wp-content\/uploads\/2026\/08\/sonnenzeit-banner-1024x205.png\" class=\"attachment-large size-large wp-image-12110\" alt=\"Sun Time banner\" srcset=\"https:\/\/costablanca-magazin.com\/wp-content\/uploads\/2026\/08\/sonnenzeit-banner-1024x205.png 1024w, https:\/\/costablanca-magazin.com\/wp-content\/uploads\/2026\/08\/sonnenzeit-banner-300x60.png 300w, https:\/\/costablanca-magazin.com\/wp-content\/uploads\/2026\/08\/sonnenzeit-banner-768x154.png 768w, https:\/\/costablanca-magazin.com\/wp-content\/uploads\/2026\/08\/sonnenzeit-banner-1536x307.png 1536w, https:\/\/costablanca-magazin.com\/wp-content\/uploads\/2026\/08\/sonnenzeit-banner-2048x410.png 2048w, https:\/\/costablanca-magazin.com\/wp-content\/uploads\/2026\/08\/sonnenzeit-banner-18x4.png 18w\" sizes=\"(max-width: 800px) 100vw, 800px\" \/>\t\t\t\t\t\t\t\t\t\t\t\t\t\t\t<\/div>\n\t\t\t\t<\/div>\n\t\t\t\t\t<\/div>\n\t\t\t\t<\/div>\n\t\t\t\t<\/div>","protected":false},"excerpt":{"rendered":"<p>Tagesausfl\u00fcge ab D\u00e9nia: Von X\u00e0tiva bis Formentera X\u00e0tiva, die Canelobre-H\u00f6hlen, Villajoyosa oder Formentera: SonnenZeit organisiert Tagesausfl\u00fcge ab D\u00e9nia mit Bus, festem Programm und deutschsprachiger Reiseleitung \u2013 f\u00fcr alle, die besondere Ziele in der Region und dar\u00fcber hinaus bequem entdecken m\u00f6chten. Manche Ziele liegen seit Jahren praktisch vor der Haust\u00fcr \u2013 und trotzdem war man noch [&hellip;]<\/p>\n","protected":false},"author":5,"featured_media":12105,"comment_status":"closed","ping_status":"closed","sticky":false,"template":"elementor_header_footer","format":"standard","meta":{"footnotes":""},"categories":[982],"tags":[1762],"class_list":["post-12104","post","type-post","status-publish","format-standard","has-post-thumbnail","hentry","category-business-service","tag-ausfluege-costa-blanca"],"aioseo_notices":[],"aioseo_head":"\n\t\t<!-- All in One SEO Pro 5.0.1.1 - aioseo.com -->\n\t<meta name=\"description\" content=\"Tagesausfl\u00fcge ab D\u00e9nia zu Zielen an der Costa Blanca und dar\u00fcber hinaus: SonnenZeit organisiert Busfahrten mit Programm und deutschsprachiger Reiseleitung.\" \/>\n\t<meta name=\"robots\" content=\"max-snippet:-1, max-image-preview:large, max-video-preview:-1\" \/>\n\t<meta name=\"author\" content=\"Brandet Content\"\/>\n\t<link rel=\"canonical\" href=\"https:\/\/costablanca-magazin.com\/en\/lokales\/business-service\/tagesausfluege-ab-denia-von-xativa-bis-formentera\/\" \/>\n\t<meta name=\"generator\" content=\"All in One SEO Pro (AIOSEO) 5.0.1.1\" \/>\n\t\t<meta property=\"og:locale\" content=\"en_GB\" \/>\n\t\t<meta property=\"og:site_name\" content=\"Costa Blanca Magazin\" \/>\n\t\t<meta property=\"og:type\" content=\"article\" \/>\n\t\t<meta property=\"og:title\" content=\"Tagesausfl\u00fcge ab D\u00e9nia: Mit SonnenZeit unterwegs\" \/>\n\t\t<meta property=\"og:description\" content=\"Tagesausfl\u00fcge ab D\u00e9nia zu Zielen an der Costa Blanca und dar\u00fcber hinaus: SonnenZeit organisiert Busfahrten mit Programm und deutschsprachiger Reiseleitung.\" \/>\n\t\t<meta property=\"og:url\" content=\"https:\/\/costablanca-magazin.com\/en\/lokales\/business-service\/tagesausfluege-ab-denia-von-xativa-bis-formentera\/\" \/>\n\t\t<meta property=\"og:image\" content=\"https:\/\/costablanca-magazin.com\/wp-content\/uploads\/2026\/08\/sonnenzeit-logo.png\" \/>\n\t\t<meta property=\"og:image:secure_url\" content=\"https:\/\/costablanca-magazin.com\/wp-content\/uploads\/2026\/08\/sonnenzeit-logo.png\" \/>\n\t\t<meta property=\"og:image:width\" content=\"800\" \/>\n\t\t<meta property=\"og:image:height\" content=\"500\" \/>\n\t\t<meta property=\"article:published_time\" content=\"2026-08-31T12:00:00+00:00\" \/>\n\t\t<meta property=\"article:modified_time\" content=\"2026-08-31T11:34:21+00:00\" \/>\n\t\t<meta property=\"article:publisher\" content=\"https:\/\/www.facebook.com\/costablancalifestyle\/\" \/>\n\t\t<meta name=\"twitter:card\" content=\"summary_large_image\" \/>\n\t\t<meta name=\"twitter:title\" content=\"Tagesausfl\u00fcge ab D\u00e9nia: Mit SonnenZeit unterwegs\" \/>\n\t\t<meta name=\"twitter:description\" content=\"Tagesausfl\u00fcge ab D\u00e9nia zu Zielen an der Costa Blanca und dar\u00fcber hinaus: SonnenZeit organisiert Busfahrten mit Programm und deutschsprachiger Reiseleitung.\" \/>\n\t\t<meta name=\"twitter:image\" content=\"https:\/\/costablanca-magazin.com\/wp-content\/uploads\/2026\/08\/sonnenzeit-logo.png\" \/>\n\t\t<script type=\"application\/ld+json\" class=\"aioseo-schema\">\n\t\t\t{\"@context\":\"https:\\\/\\\/schema.org\",\"@graph\":[{\"@type\":\"BreadcrumbList\",\"@id\":\"https:\\\/\\\/costablanca-magazin.com\\\/en\\\/lokales\\\/business-service\\\/tagesausfluege-ab-denia-von-xativa-bis-formentera\\\/#breadcrumblist\",\"itemListElement\":[{\"@type\":\"ListItem\",\"@id\":\"https:\\\/\\\/costablanca-magazin.com\\\/en#listItem\",\"position\":1,\"name\":\"Home\",\"item\":\"https:\\\/\\\/costablanca-magazin.com\\\/en\",\"nextItem\":{\"@type\":\"ListItem\",\"@id\":\"https:\\\/\\\/costablanca-magazin.com\\\/en\\\/local\\\/#listItem\",\"name\":\"Lokales\"}},{\"@type\":\"ListItem\",\"@id\":\"https:\\\/\\\/costablanca-magazin.com\\\/en\\\/local\\\/#listItem\",\"position\":2,\"name\":\"Lokales\",\"item\":\"https:\\\/\\\/costablanca-magazin.com\\\/en\\\/local\\\/\",\"nextItem\":{\"@type\":\"ListItem\",\"@id\":\"https:\\\/\\\/costablanca-magazin.com\\\/en\\\/business-service\\\/#listItem\",\"name\":\"Business &amp; Service\"},\"previousItem\":{\"@type\":\"ListItem\",\"@id\":\"https:\\\/\\\/costablanca-magazin.com\\\/en#listItem\",\"name\":\"Home\"}},{\"@type\":\"ListItem\",\"@id\":\"https:\\\/\\\/costablanca-magazin.com\\\/en\\\/business-service\\\/#listItem\",\"position\":3,\"name\":\"Business &amp; Service\",\"item\":\"https:\\\/\\\/costablanca-magazin.com\\\/en\\\/business-service\\\/\",\"nextItem\":{\"@type\":\"ListItem\",\"@id\":\"https:\\\/\\\/costablanca-magazin.com\\\/en\\\/lokales\\\/business-service\\\/tagesausfluege-ab-denia-von-xativa-bis-formentera\\\/#listItem\",\"name\":\"Tagesausfl\\u00fcge ab D\\u00e9nia: Von X\\u00e0tiva bis Formentera\"},\"previousItem\":{\"@type\":\"ListItem\",\"@id\":\"https:\\\/\\\/costablanca-magazin.com\\\/en\\\/local\\\/#listItem\",\"name\":\"Lokales\"}},{\"@type\":\"ListItem\",\"@id\":\"https:\\\/\\\/costablanca-magazin.com\\\/en\\\/lokales\\\/business-service\\\/tagesausfluege-ab-denia-von-xativa-bis-formentera\\\/#listItem\",\"position\":4,\"name\":\"Tagesausfl\\u00fcge ab D\\u00e9nia: Von X\\u00e0tiva bis Formentera\",\"previousItem\":{\"@type\":\"ListItem\",\"@id\":\"https:\\\/\\\/costablanca-magazin.com\\\/en\\\/business-service\\\/#listItem\",\"name\":\"Business &amp; Service\"}}]},{\"@type\":\"NewsArticle\",\"@id\":\"https:\\\/\\\/costablanca-magazin.com\\\/en\\\/lokales\\\/business-service\\\/tagesausfluege-ab-denia-von-xativa-bis-formentera\\\/#article\",\"name\":\"Tagesausfl\\u00fcge ab D\\u00e9nia: Von X\\u00e0tiva bis Formentera\",\"headline\":\"Tagesausfl\\u00fcge ab D\\u00e9nia: Von X\\u00e0tiva bis Formentera\",\"author\":{\"@id\":\"https:\\\/\\\/costablanca-magazin.com\\\/en\\\/author\\\/brandet\\\/#author\"},\"publisher\":{\"@id\":\"https:\\\/\\\/costablanca-magazin.com\\\/en\\\/#organization\"},\"image\":{\"@type\":\"ImageObject\",\"url\":\"https:\\\/\\\/costablanca-magazin.com\\\/wp-content\\\/uploads\\\/2026\\\/08\\\/sonnenzeit-logo.png\",\"width\":800,\"height\":500,\"caption\":\"Tagesausfl\\u00fcge ab D\\u00e9nia: Von X\\u00e0tiva bis Formentera\"},\"datePublished\":\"2026-08-31T14:00:00+02:00\",\"dateModified\":\"2026-08-31T13:34:21+02:00\",\"inLanguage\":\"en-GB\",\"mainEntityOfPage\":{\"@id\":\"https:\\\/\\\/costablanca-magazin.com\\\/en\\\/lokales\\\/business-service\\\/tagesausfluege-ab-denia-von-xativa-bis-formentera\\\/#webpage\"},\"isPartOf\":{\"@id\":\"https:\\\/\\\/costablanca-magazin.com\\\/en\\\/lokales\\\/business-service\\\/tagesausfluege-ab-denia-von-xativa-bis-formentera\\\/#webpage\"},\"articleSection\":\"Business &amp; Service, Ausfl\\u00fcge Costa Blanca\"},{\"@type\":\"Person\",\"@id\":\"https:\\\/\\\/costablanca-magazin.com\\\/en\\\/author\\\/brandet\\\/#author\",\"url\":\"https:\\\/\\\/costablanca-magazin.com\\\/en\\\/author\\\/brandet\\\/\",\"name\":\"Brandet Content\",\"description\":\"Dieser Beitrag wurde im Auftrag eines Kunden ver\\u00f6ffentlicht und ist als Kunden-PR \\\/ Branded Content gekennzeichnet.\",\"jobTitle\":\"Dieser Beitrag wurde im Auftrag eines Kunden ver\\u00f6ffentlicht und ist als Kunden-PR \\\/ Branded Content gekennzeichnet.\"},{\"@type\":\"WebPage\",\"@id\":\"https:\\\/\\\/costablanca-magazin.com\\\/en\\\/lokales\\\/business-service\\\/tagesausfluege-ab-denia-von-xativa-bis-formentera\\\/#webpage\",\"url\":\"https:\\\/\\\/costablanca-magazin.com\\\/en\\\/lokales\\\/business-service\\\/tagesausfluege-ab-denia-von-xativa-bis-formentera\\\/\",\"name\":\"Tagesausfl\\u00fcge ab D\\u00e9nia: Mit SonnenZeit unterwegs\",\"description\":\"Tagesausfl\\u00fcge ab D\\u00e9nia zu Zielen an der Costa Blanca und dar\\u00fcber hinaus: SonnenZeit organisiert Busfahrten mit Programm und deutschsprachiger Reiseleitung.\",\"inLanguage\":\"en-GB\",\"isPartOf\":{\"@id\":\"https:\\\/\\\/costablanca-magazin.com\\\/en\\\/#website\"},\"breadcrumb\":{\"@id\":\"https:\\\/\\\/costablanca-magazin.com\\\/en\\\/lokales\\\/business-service\\\/tagesausfluege-ab-denia-von-xativa-bis-formentera\\\/#breadcrumblist\"},\"author\":{\"@id\":\"https:\\\/\\\/costablanca-magazin.com\\\/en\\\/author\\\/brandet\\\/#author\"},\"creator\":{\"@id\":\"https:\\\/\\\/costablanca-magazin.com\\\/en\\\/author\\\/brandet\\\/#author\"},\"image\":{\"@type\":\"ImageObject\",\"url\":\"https:\\\/\\\/costablanca-magazin.com\\\/wp-content\\\/uploads\\\/2026\\\/08\\\/sonnenzeit-logo.png\",\"@id\":\"https:\\\/\\\/costablanca-magazin.com\\\/en\\\/lokales\\\/business-service\\\/tagesausfluege-ab-denia-von-xativa-bis-formentera\\\/#mainImage\",\"width\":800,\"height\":500,\"caption\":\"Tagesausfl\\u00fcge ab D\\u00e9nia: Von X\\u00e0tiva bis Formentera\"},\"primaryImageOfPage\":{\"@id\":\"https:\\\/\\\/costablanca-magazin.com\\\/en\\\/lokales\\\/business-service\\\/tagesausfluege-ab-denia-von-xativa-bis-formentera\\\/#mainImage\"},\"datePublished\":\"2026-08-31T14:00:00+02:00\",\"dateModified\":\"2026-08-31T13:34:21+02:00\",\"mainEntity\":{\"@id\":\"https:\\\/\\\/costablanca-magazin.com\\\/en\\\/lokales\\\/business-service\\\/tagesausfluege-ab-denia-von-xativa-bis-formentera\\\/#article\"}},{\"@type\":\"WebSite\",\"@id\":\"https:\\\/\\\/costablanca-magazin.com\\\/en\\\/#website\",\"url\":\"https:\\\/\\\/costablanca-magazin.com\\\/en\\\/\",\"name\":\"Costa Blanca Magazin\",\"description\":\"Costa Blanca - alles um das Leben und die Freizeit an der K\\u00fcste\",\"inLanguage\":\"en-GB\",\"publisher\":{\"@id\":\"https:\\\/\\\/costablanca-magazin.com\\\/en\\\/#organization\"},\"potentialAction\":{\"@type\":\"SearchAction\",\"target\":\"https:\\\/\\\/costablanca-magazin.com\\\/en\\\/?s={search_term_string}\",\"query-input\":\"required name=search_term_string\"}},{\"@type\":[\"Organization\",\"NewsMediaOrganization\"],\"@id\":\"https:\\\/\\\/costablanca-magazin.com\\\/en\\\/#organization\",\"name\":\"Costa Blanca Magazin\",\"description\":\"Costa Blanca Magazin\",\"url\":\"https:\\\/\\\/costablanca-magazin.com\\\/en\\\/\",\"email\":\"info@costablanca-magazin.com\",\"telephone\":\"+34 663 946 871\",\"logo\":{\"@type\":\"ImageObject\",\"url\":\"https:\\\/\\\/costablanca-magazin.com\\\/wp-content\\\/uploads\\\/2024\\\/05\\\/logo.jpg\",\"@id\":\"https:\\\/\\\/costablanca-magazin.com\\\/en\\\/lokales\\\/business-service\\\/tagesausfluege-ab-denia-von-xativa-bis-formentera\\\/#organizationLogo\",\"width\":1605,\"height\":236,\"caption\":\"Costa Blanca Magazin\"},\"image\":{\"@id\":\"https:\\\/\\\/costablanca-magazin.com\\\/en\\\/lokales\\\/business-service\\\/tagesausfluege-ab-denia-von-xativa-bis-formentera\\\/#organizationLogo\"},\"sameAs\":[\"https:\\\/\\\/www.facebook.com\\\/costablancalifestyle\\\/\",\"https:\\\/\\\/www.instagram.com\\\/costablancamagazin\\\/\"]}]}\n\t\t<\/script>\n\t\t<!-- All in One SEO Pro -->\r\n\t\t<title>Tagesausfl\u00fcge ab D\u00e9nia: Mit SonnenZeit unterwegs<\/title>\n\n","aioseo_head_json":{"title":"Day trips from D\u00e9nia: Out and about with SonnenZeit","description":"Day trips from D\u00e9nia to destinations along the Costa Blanca and beyond: SonnenZeit organises coach trips with a programme of activities and a German-speaking tour guide.","canonical_url":"https:\/\/costablanca-magazin.com\/en\/lokales\/business-service\/tagesausfluege-ab-denia-von-xativa-bis-formentera\/","robots":"max-snippet:-1, max-image-preview:large, max-video-preview:-1","keywords":"","webmasterTools":{"miscellaneous":""},"schema":{"@context":"https:\/\/schema.org","@graph":[{"@type":"BreadcrumbList","@id":"https:\/\/costablanca-magazin.com\/en\/lokales\/business-service\/tagesausfluege-ab-denia-von-xativa-bis-formentera\/#breadcrumblist","itemListElement":[{"@type":"ListItem","@id":"https:\/\/costablanca-magazin.com\/en#listItem","position":1,"name":"Home","item":"https:\/\/costablanca-magazin.com\/en","nextItem":{"@type":"ListItem","@id":"https:\/\/costablanca-magazin.com\/en\/local\/#listItem","name":"Lokales"}},{"@type":"ListItem","@id":"https:\/\/costablanca-magazin.com\/en\/local\/#listItem","position":2,"name":"Lokales","item":"https:\/\/costablanca-magazin.com\/en\/local\/","nextItem":{"@type":"ListItem","@id":"https:\/\/costablanca-magazin.com\/en\/business-service\/#listItem","name":"Business &amp; Service"},"previousItem":{"@type":"ListItem","@id":"https:\/\/costablanca-magazin.com\/en#listItem","name":"Home"}},{"@type":"ListItem","@id":"https:\/\/costablanca-magazin.com\/en\/business-service\/#listItem","position":3,"name":"Business &amp; Service","item":"https:\/\/costablanca-magazin.com\/en\/business-service\/","nextItem":{"@type":"ListItem","@id":"https:\/\/costablanca-magazin.com\/en\/lokales\/business-service\/tagesausfluege-ab-denia-von-xativa-bis-formentera\/#listItem","name":"Tagesausfl\u00fcge ab D\u00e9nia: Von X\u00e0tiva bis Formentera"},"previousItem":{"@type":"ListItem","@id":"https:\/\/costablanca-magazin.com\/en\/local\/#listItem","name":"Lokales"}},{"@type":"ListItem","@id":"https:\/\/costablanca-magazin.com\/en\/lokales\/business-service\/tagesausfluege-ab-denia-von-xativa-bis-formentera\/#listItem","position":4,"name":"Tagesausfl\u00fcge ab D\u00e9nia: Von X\u00e0tiva bis Formentera","previousItem":{"@type":"ListItem","@id":"https:\/\/costablanca-magazin.com\/en\/business-service\/#listItem","name":"Business &amp; Service"}}]},{"@type":"NewsArticle","@id":"https:\/\/costablanca-magazin.com\/en\/lokales\/business-service\/tagesausfluege-ab-denia-von-xativa-bis-formentera\/#article","name":"Tagesausfl\u00fcge ab D\u00e9nia: Von X\u00e0tiva bis Formentera","headline":"Tagesausfl\u00fcge ab D\u00e9nia: Von X\u00e0tiva bis Formentera","author":{"@id":"https:\/\/costablanca-magazin.com\/en\/author\/brandet\/#author"},"publisher":{"@id":"https:\/\/costablanca-magazin.com\/en\/#organization"},"image":{"@type":"ImageObject","url":"https:\/\/costablanca-magazin.com\/wp-content\/uploads\/2026\/08\/sonnenzeit-logo.png","width":800,"height":500,"caption":"Tagesausfl\u00fcge ab D\u00e9nia: Von X\u00e0tiva bis Formentera"},"datePublished":"2026-08-31T14:00:00+02:00","dateModified":"2026-08-31T13:34:21+02:00","inLanguage":"en-GB","mainEntityOfPage":{"@id":"https:\/\/costablanca-magazin.com\/en\/lokales\/business-service\/tagesausfluege-ab-denia-von-xativa-bis-formentera\/#webpage"},"isPartOf":{"@id":"https:\/\/costablanca-magazin.com\/en\/lokales\/business-service\/tagesausfluege-ab-denia-von-xativa-bis-formentera\/#webpage"},"articleSection":"Business &amp; Service, Ausfl\u00fcge Costa Blanca"},{"@type":"Person","@id":"https:\/\/costablanca-magazin.com\/en\/author\/brandet\/#author","url":"https:\/\/costablanca-magazin.com\/en\/author\/brandet\/","name":"Brandet Content","description":"Dieser Beitrag wurde im Auftrag eines Kunden ver\u00f6ffentlicht und ist als Kunden-PR \/ Branded Content gekennzeichnet.","jobTitle":"Dieser Beitrag wurde im Auftrag eines Kunden ver\u00f6ffentlicht und ist als Kunden-PR \/ Branded Content gekennzeichnet."},{"@type":"WebPage","@id":"https:\/\/costablanca-magazin.com\/en\/lokales\/business-service\/tagesausfluege-ab-denia-von-xativa-bis-formentera\/#webpage","url":"https:\/\/costablanca-magazin.com\/en\/lokales\/business-service\/tagesausfluege-ab-denia-von-xativa-bis-formentera\/","name":"Tagesausfl\u00fcge ab D\u00e9nia: Mit SonnenZeit unterwegs","description":"Tagesausfl\u00fcge ab D\u00e9nia zu Zielen an der Costa Blanca und dar\u00fcber hinaus: SonnenZeit organisiert Busfahrten mit Programm und deutschsprachiger Reiseleitung.","inLanguage":"en-GB","isPartOf":{"@id":"https:\/\/costablanca-magazin.com\/en\/#website"},"breadcrumb":{"@id":"https:\/\/costablanca-magazin.com\/en\/lokales\/business-service\/tagesausfluege-ab-denia-von-xativa-bis-formentera\/#breadcrumblist"},"author":{"@id":"https:\/\/costablanca-magazin.com\/en\/author\/brandet\/#author"},"creator":{"@id":"https:\/\/costablanca-magazin.com\/en\/author\/brandet\/#author"},"image":{"@type":"ImageObject","url":"https:\/\/costablanca-magazin.com\/wp-content\/uploads\/2026\/08\/sonnenzeit-logo.png","@id":"https:\/\/costablanca-magazin.com\/en\/lokales\/business-service\/tagesausfluege-ab-denia-von-xativa-bis-formentera\/#mainImage","width":800,"height":500,"caption":"Tagesausfl\u00fcge ab D\u00e9nia: Von X\u00e0tiva bis Formentera"},"primaryImageOfPage":{"@id":"https:\/\/costablanca-magazin.com\/en\/lokales\/business-service\/tagesausfluege-ab-denia-von-xativa-bis-formentera\/#mainImage"},"datePublished":"2026-08-31T14:00:00+02:00","dateModified":"2026-08-31T13:34:21+02:00","mainEntity":{"@id":"https:\/\/costablanca-magazin.com\/en\/lokales\/business-service\/tagesausfluege-ab-denia-von-xativa-bis-formentera\/#article"}},{"@type":"WebSite","@id":"https:\/\/costablanca-magazin.com\/en\/#website","url":"https:\/\/costablanca-magazin.com\/en\/","name":"Costa Blanca Magazin","description":"Costa Blanca - alles um das Leben und die Freizeit an der K\u00fcste","inLanguage":"en-GB","publisher":{"@id":"https:\/\/costablanca-magazin.com\/en\/#organization"},"potentialAction":{"@type":"SearchAction","target":"https:\/\/costablanca-magazin.com\/en\/?s={search_term_string}","query-input":"required name=search_term_string"}},{"@type":["Organization","NewsMediaOrganization"],"@id":"https:\/\/costablanca-magazin.com\/en\/#organization","name":"Costa Blanca Magazin","description":"Costa Blanca Magazin","url":"https:\/\/costablanca-magazin.com\/en\/","email":"info@costablanca-magazin.com","telephone":"+34 663 946 871","logo":{"@type":"ImageObject","url":"https:\/\/costablanca-magazin.com\/wp-content\/uploads\/2024\/05\/logo.jpg","@id":"https:\/\/costablanca-magazin.com\/en\/lokales\/business-service\/tagesausfluege-ab-denia-von-xativa-bis-formentera\/#organizationLogo","width":1605,"height":236,"caption":"Costa Blanca Magazin"},"image":{"@id":"https:\/\/costablanca-magazin.com\/en\/lokales\/business-service\/tagesausfluege-ab-denia-von-xativa-bis-formentera\/#organizationLogo"},"sameAs":["https:\/\/www.facebook.com\/costablancalifestyle\/","https:\/\/www.instagram.com\/costablancamagazin\/"]}]},"og:locale":"en_GB","og:site_name":"Costa Blanca Magazin","og:type":"article","og:title":"Tagesausfl\u00fcge ab D\u00e9nia: Mit SonnenZeit unterwegs","og:description":"Tagesausfl\u00fcge ab D\u00e9nia zu Zielen an der Costa Blanca und dar\u00fcber hinaus: SonnenZeit organisiert Busfahrten mit Programm und deutschsprachiger Reiseleitung.","og:url":"https:\/\/costablanca-magazin.com\/en\/lokales\/business-service\/tagesausfluege-ab-denia-von-xativa-bis-formentera\/","og:image":"https:\/\/costablanca-magazin.com\/wp-content\/uploads\/2026\/08\/sonnenzeit-logo.png","og:image:secure_url":"https:\/\/costablanca-magazin.com\/wp-content\/uploads\/2026\/08\/sonnenzeit-logo.png","og:image:width":800,"og:image:height":500,"article:published_time":"2026-08-31T12:00:00+00:00","article:modified_time":"2026-08-31T11:34:21+00:00","article:publisher":"https:\/\/www.facebook.com\/costablancalifestyle\/","twitter:card":"summary_large_image","twitter:title":"Tagesausfl\u00fcge ab D\u00e9nia: Mit SonnenZeit unterwegs","twitter:description":"Tagesausfl\u00fcge ab D\u00e9nia zu Zielen an der Costa Blanca und dar\u00fcber hinaus: SonnenZeit organisiert Busfahrten mit Programm und deutschsprachiger Reiseleitung.","twitter:image":"https:\/\/costablanca-magazin.com\/wp-content\/uploads\/2026\/08\/sonnenzeit-logo.png"},"aioseo_meta_data":{"post_id":"12104","title":"Day trips from D\u00e9nia: Out and about with SonnenZeit","description":"Day trips from D\u00e9nia to destinations along the Costa Blanca and beyond: SonnenZeit organises coach trips with a programme of activities and a German-speaking tour guide.","keywords":null,"keyphrases":{"focus":{"keyphrase":"","score":0,"analysis":{"keyphraseInTitle":{"score":0,"maxScore":9,"error":1}}},"additional":[]},"primary_term":null,"canonical_url":null,"og_title":null,"og_description":null,"og_object_type":"default","og_image_type":"default","og_image_url":null,"og_image_width":null,"og_image_height":null,"og_image_custom_url":null,"og_image_custom_fields":null,"og_video":"","og_custom_url":null,"og_article_section":null,"og_article_tags":null,"twitter_use_og":false,"twitter_card":"default","twitter_image_type":"default","twitter_image_url":null,"twitter_image_custom_url":null,"twitter_image_custom_fields":null,"twitter_title":null,"twitter_description":null,"schema":{"blockGraphs":[],"customGraphs":[],"default":{"data":{"Article":[],"Course":[],"Dataset":[],"FAQPage":[],"Movie":[],"Person":[],"Product":[],"ProductReview":[],"Car":[],"Recipe":[],"Service":[],"SoftwareApplication":[],"WebPage":[]},"graphName":"Article","isEnabled":true},"graphs":[]},"schema_type":"default","schema_type_options":null,"pillar_content":false,"robots_default":true,"robots_noindex":false,"robots_noarchive":false,"robots_nosnippet":false,"robots_nofollow":false,"robots_noimageindex":false,"robots_noodp":false,"robots_notranslate":false,"robots_max_snippet":"-1","robots_max_videopreview":"-1","robots_max_imagepreview":"large","priority":null,"frequency":"default","local_seo":null,"seo_analyzer_scan_date":"2026-08-31 12:01:13","breadcrumb_settings":null,"limit_modified_date":false,"reviewed_by":"0","open_ai":null,"ai":{"faqs":[],"keyPoints":[],"schemas":[],"titles":[],"descriptions":[],"socialPosts":{"email":{"subject":"","preview":"","content":""},"linkedin":[],"twitter":[],"facebook":[],"instagram":[]}},"created":"2026-08-31 11:29:03","updated":"2026-08-31 12:10:02","focus_keyword":null,"additional_keywords":null,"truseo_locale":null},"aioseo_breadcrumb":"<div class=\"aioseo-breadcrumbs\"><span class=\"aioseo-breadcrumb\">\n\t<a href=\"https:\/\/costablanca-magazin.com\/en\" title=\"Home\">Home<\/a>\n<\/span><span class=\"aioseo-breadcrumb-separator\">&raquo;<\/span><span class=\"aioseo-breadcrumb\">\n\t<a href=\"https:\/\/costablanca-magazin.com\/en\/local\/\" title=\"Lokales\">Lokales<\/a>\n<\/span><span class=\"aioseo-breadcrumb-separator\">&raquo;<\/span><span class=\"aioseo-breadcrumb\">\n\t<a href=\"https:\/\/costablanca-magazin.com\/en\/business-service\/\" title=\"Business &amp; Service\">Business &amp; Service<\/a>\n<\/span><span class=\"aioseo-breadcrumb-separator\">&raquo;<\/span><span class=\"aioseo-breadcrumb\">\n\tTagesausfl\u00fcge ab D\u00e9nia: Von X\u00e0tiva bis Formentera\n<\/span><\/div>","aioseo_breadcrumb_json":[{"label":"Home","link":"https:\/\/costablanca-magazin.com\/en"},{"label":"Lokales","link":"https:\/\/costablanca-magazin.com\/en\/local\/"},{"label":"Business &amp; Service","link":"https:\/\/costablanca-magazin.com\/en\/business-service\/"},{"label":"Tagesausfl\u00fcge ab D\u00e9nia: Von X\u00e0tiva bis Formentera","link":"https:\/\/costablanca-magazin.com\/en\/lokales\/business-service\/tagesausfluege-ab-denia-von-xativa-bis-formentera\/"}],"_links":{"self":[{"href":"https:\/\/costablanca-magazin.com\/en\/wp-json\/wp\/v2\/posts\/12104","targetHints":{"allow":["GET"]}}],"collection":[{"href":"https:\/\/costablanca-magazin.com\/en\/wp-json\/wp\/v2\/posts"}],"about":[{"href":"https:\/\/costablanca-magazin.com\/en\/wp-json\/wp\/v2\/types\/post"}],"author":[{"embeddable":true,"href":"https:\/\/costablanca-magazin.com\/en\/wp-json\/wp\/v2\/users\/5"}],"replies":[{"embeddable":true,"href":"https:\/\/costablanca-magazin.com\/en\/wp-json\/wp\/v2\/comments?post=12104"}],"version-history":[{"count":7,"href":"https:\/\/costablanca-magazin.com\/en\/wp-json\/wp\/v2\/posts\/12104\/revisions"}],"predecessor-version":[{"id":12113,"href":"https:\/\/costablanca-magazin.com\/en\/wp-json\/wp\/v2\/posts\/12104\/revisions\/12113"}],"wp:featuredmedia":[{"embeddable":true,"href":"https:\/\/costablanca-magazin.com\/en\/wp-json\/wp\/v2\/media\/12105"}],"wp:attachment":[{"href":"https:\/\/costablanca-magazin.com\/en\/wp-json\/wp\/v2\/media?parent=12104"}],"wp:term":[{"taxonomy":"category","embeddable":true,"href":"https:\/\/costablanca-magazin.com\/en\/wp-json\/wp\/v2\/categories?post=12104"},{"taxonomy":"post_tag","embeddable":true,"href":"https:\/\/costablanca-magazin.com\/en\/wp-json\/wp\/v2\/tags?post=12104"}],"curies":[{"name":"wp","href":"https:\/\/api.w.org\/{rel}","templated":true}]}}