{"id":11484,"date":"2026-05-01T18:00:00","date_gmt":"2026-05-01T16:00:00","guid":{"rendered":"https:\/\/costablanca-magazin.com\/?p=11484"},"modified":"2026-05-01T16:41:21","modified_gmt":"2026-05-01T14:41:21","slug":"events-and-happenings-on-the-costa-blanca-may-2026","status":"publish","type":"post","link":"https:\/\/costablanca-magazin.com\/en\/freizeit\/veranstaltungen-events\/veranstaltungen-un-events-an-der-costa-blanca-mai-2026\/","title":{"rendered":"Events on the Costa Blanca - May 2026"},"content":{"rendered":"<div data-elementor-type=\"wp-post\" data-elementor-id=\"11484\" class=\"elementor elementor-11484\" data-elementor-post-type=\"post\">\n\t\t\t\t<div class=\"elementor-element elementor-element-acae5bb e-flex e-con-boxed e-con e-parent\" data-id=\"acae5bb\" data-element_type=\"container\" data-e-type=\"container\">\n\t\t\t\t\t<div class=\"e-con-inner\">\n\t\t\t\t<div class=\"elementor-element elementor-element-e385beb elementor-widget elementor-widget-heading\" data-id=\"e385beb\" data-element_type=\"widget\" data-e-type=\"widget\" data-widget_type=\"heading.default\">\n\t\t\t\t<div class=\"elementor-widget-container\">\n\t\t\t\t\t<h1 class=\"elementor-heading-title elementor-size-default\">Events and happenings Costa Blanca - May 2026  <\/h1>\t\t\t\t<\/div>\n\t\t\t\t<\/div>\n\t\t\t\t<div class=\"elementor-element elementor-element-1e4422b elementor-widget elementor-widget-image\" data-id=\"1e4422b\" data-element_type=\"widget\" data-e-type=\"widget\" data-widget_type=\"image.default\">\n\t\t\t\t<div class=\"elementor-widget-container\">\n\t\t\t\t\t\t\t\t\t\t\t\t\t\t\t<img decoding=\"async\" src=\"https:\/\/costablanca-magazin.com\/wp-content\/uploads\/elementor\/thumbs\/AdobeStock_296419932-rmthu9squ8c3fibdg5sp50lnb7xizw4kcloptmooto.jpeg\" title=\"Events Costa Blanca - May 2026\" alt=\"Events Costa Blanca - May 2026\" loading=\"lazy\" \/>\t\t\t\t\t\t\t\t\t\t\t\t\t\t\t<\/div>\n\t\t\t\t<\/div>\n\t\t\t\t<div class=\"elementor-element elementor-element-17cba99 elementor-widget elementor-widget-heading\" data-id=\"17cba99\" data-element_type=\"widget\" data-e-type=\"widget\" data-widget_type=\"heading.default\">\n\t\t\t\t<div class=\"elementor-widget-container\">\n\t\t\t\t\t<h2 class=\"elementor-heading-title elementor-size-default\">Events in May on the Costa Blanca: Culture, concerts, theatre, events, fiestas and local dates from D\u00e9nia to Torrevieja at a glance.<\/h2>\t\t\t\t<\/div>\n\t\t\t\t<\/div>\n\t\t\t\t\t<\/div>\n\t\t\t\t<\/div>\n\t\t<div class=\"elementor-element elementor-element-cc0ba35 e-flex e-con-boxed e-con e-parent\" data-id=\"cc0ba35\" data-element_type=\"container\" data-e-type=\"container\">\n\t\t\t\t\t<div class=\"e-con-inner\">\n\t\t\t\t<div class=\"elementor-element elementor-element-d1aff0c elementor-widget elementor-widget-text-editor\" data-id=\"d1aff0c\" data-element_type=\"widget\" data-e-type=\"widget\" data-widget_type=\"text-editor.default\">\n\t\t\t\t<div class=\"elementor-widget-container\">\n\t\t\t\t\t\t\t\t\t<p>May brings movement to the Costa Blanca calendar. In Torrevieja, the <strong data-start=\"525\" data-end=\"542\">Feria de Mayo<\/strong> Andalusian festival culture with casetas, sevillanas, flamenco and long evenings in the city. Calp sets the tone with the <strong data-start=\"653\" data-end=\"665\">Firacalp<\/strong> The city of D\u00e9nia focuses on gastronomy, trade and local businesses, while La Nuc\u00eda brings together sport, workshops and gastronomic formats. In D\u00e9nia, culture moves out of the city centre with street art, dance and exhibitions. There is also theatre in Altea and Benidorm, concerts in Torrevieja, Alicante and Villajoyosa as well as smaller events that are often closer to everyday life than the big event poster. The calendar of events in May shows the Costa Blanca between local stage, neighbourhood, music, market and fiesta - from D\u00e9nia to Torrevieja.<\/p>\t\t\t\t\t\t\t\t<\/div>\n\t\t\t\t<\/div>\n\t\t\t\t\t<\/div>\n\t\t\t\t<\/div>\n\t\t<div class=\"elementor-element elementor-element-e37328f e-flex e-con-boxed e-con e-parent\" data-id=\"e37328f\" data-element_type=\"container\" data-e-type=\"container\">\n\t\t\t\t\t<div class=\"e-con-inner\">\n\t\t\t\t<div class=\"elementor-element elementor-element-1e127f1 elementor-widget-divider--separator-type-pattern elementor-widget-divider--view-line elementor-widget elementor-widget-divider\" data-id=\"1e127f1\" data-element_type=\"widget\" data-e-type=\"widget\" data-widget_type=\"divider.default\">\n\t\t\t\t<div class=\"elementor-widget-container\">\n\t\t\t\t\t\t\t<div class=\"elementor-divider\" style=\"--divider-pattern-url: url(&quot;data:image\/svg+xml,%3Csvg xmlns=&#039;http:\/\/www.w3.org\/2000\/svg&#039; preserveAspectRatio=&#039;none&#039; overflow=&#039;visible&#039; height=&#039;100%&#039; viewBox=&#039;0 0 24 24&#039; fill=&#039;none&#039; stroke=&#039;black&#039; stroke-width=&#039;1.5&#039; stroke-linecap=&#039;square&#039; stroke-miterlimit=&#039;10&#039;%3E%3Cpath d=&#039;M0,6c6,0,0.9,11.1,6.9,11.1S18,6,24,6&#039;\/%3E%3C\/svg%3E&quot;);\">\n\t\t\t<span class=\"elementor-divider-separator\">\n\t\t\t\t\t\t<\/span>\n\t\t<\/div>\n\t\t\t\t\t\t<\/div>\n\t\t\t\t<\/div>\n\t\t\t\t\t<\/div>\n\t\t\t\t<\/div>\n\t\t<div class=\"elementor-element elementor-element-c17f1b4 e-flex e-con-boxed e-con e-parent\" data-id=\"c17f1b4\" data-element_type=\"container\" data-e-type=\"container\">\n\t\t\t\t\t<div class=\"e-con-inner\">\n\t\t<div class=\"elementor-element elementor-element-937fff6 e-con-full e-flex e-con e-child\" data-id=\"937fff6\" data-element_type=\"container\" data-e-type=\"container\">\n\t\t\t\t<div class=\"elementor-element elementor-element-fcd3619 elementor-widget elementor-widget-heading\" data-id=\"fcd3619\" data-element_type=\"widget\" data-e-type=\"widget\" data-widget_type=\"heading.default\">\n\t\t\t\t<div class=\"elementor-widget-container\">\n\t\t\t\t\t<h3 class=\"elementor-heading-title elementor-size-default\">Calpe\n<\/h3>\t\t\t\t<\/div>\n\t\t\t\t<\/div>\n\t\t\t\t<div class=\"elementor-element elementor-element-5a579c6 elementor-widget elementor-widget-text-editor\" data-id=\"5a579c6\" data-element_type=\"widget\" data-e-type=\"widget\" data-widget_type=\"text-editor.default\">\n\t\t\t\t<div class=\"elementor-widget-container\">\n\t\t\t\t\t\t\t\t\t<p>03 May, 10.00 to 14.00 - La Calle del Arte. Calle Sant\u00edsimo Cristo, Poble Antic de Calp. Art on the street instead of behind museum doors: Calle Sant\u00edsimo Cristo becomes an open art mile in the old town centre. The event always takes place on the first Sunday of the month. Organised by the Concejal\u00eda de Cultura Calp.<\/p><p>07 May 2026, 20:00 - Conference: Guardia Civil and historical heritage. Sal\u00f3 d'Actes, Seu Universit\u00e0ria de Calp - Casa Nova. Ra\u00fal Berenguer Gonz\u00e1lez talks about the work of the Guardia Civil in the protection of historical heritage. Sounds dry, but it's a pretty exciting look behind the scenes of monument and cultural heritage protection. Organised by Universitat d'Alacant, Ajuntament de Calp and UCO.<\/p><p>08 May, 20.00 to 22.00 - Calp Piano Festival: Jean-Paul Gasparian. Auditorio, Casa de la Cultura. The Parisian pianist Jean-Paul Gasparian opens the musical month of May in Calp. Internationally acclaimed, multi-award-winning, on Friday evening with free admission to the Auditorio. Seats are available as long as the hall plays along. Organised by the Concejal\u00eda de Cultura.<\/p><p>09 May, 9.30 a.m. - Sendero Azul de Calalga a Bassetes 2026. Starting point according to registration \/ Calalga-Bassetes route. Guided coastal walk in Spanish, 3.2 kilometres, around two hours. Free of charge, but with registration. A good opportunity to take in this stretch of coast not just in passing. Organised by the Ajuntament de Calp.<\/p><p>09 May, 11.30 a.m. - Lecture: Aspectos clave en el impacto visual, Sal\u00f3 Blau, Casa de Cultura. Jos\u00e9 Benito Ruiz talks about visual impact - a topic for all those who not only want to look at images, but want to understand them. Free entry as long as seats are available. Organised by Ajuntament de Calp, Concejal\u00eda de Cultura, Foto Club Ifach and other partners.<\/p><p>15 May, 20.00 - Calp Piano Festival: Congyu Wang. Auditorio, Casa de la Cultura. Second evening of the Calp Piano Festival. Congyu Wang plays in the auditorium of the Casa de la Cultura. Free admission up to capacity, recommended for audiences aged eight and over. Organised by Ajuntament de Calp and Concejal\u00eda de Cultura.<\/p><p>21 May, 20.00 - XV International Winter-Spring Music Festival: Camerata Virtuosi. Auditorio, Casa de la Cultura. \u201eUna noche de solistas\u201c with Joaqu\u00edn Pall Palomares, Joaqu\u00edn Palomares and David Apell\u00e1niz. Classical evening with two violins and violoncello. Admission: 15 euros at the box office, booking via info@pal-music.com<\/p><p>Organised by Ajuntament de Calp and Concejal\u00eda de Cultura.<\/p><p>21 May to Sunday 24 May - Firacalp 2026 - Plaza Mayor. The XVI edition of the gastronomy and trade fair brings local businesses, food, meetings and business to the Plaza Mayor. Calp doesn't show its glossy side here, but what counts in everyday life: Gastronomy, trade, neighbourhood. Organised by Ajuntament de Calp, OBRI'T A CALP and Empresarios de Calpe.<\/p><p>29 May, 20.00 - Calp Piano Festival: Istv\u00e1n I. Sz\u00e9kely. Auditorio, Casa de la Cultura. Another piano concert in the Auditorio at the end of the month. Istv\u00e1n I. Sz\u00e9kely plays as part of the Calp Piano Festival. Admission free up to capacity, audience aged eight and over. Organised by Ajuntament de Calp and Concejal\u00eda de Cultura.<\/p><p>30 May, 21.00 - Theatre: Bienvenidos a bordo. Auditorio, Casa de la Cultura. The group \u201eL@s Divin@s\u201c will be performing \u201eBienvenidos a bordo\u201c under the direction of Maite L\u00f3pez. An evening of theatre with free admission, as long as seats are available. Organised by Ajuntament de Calp and Centre C\u00edvic de la Tercera Edat.<\/p>\t\t\t\t\t\t\t\t<\/div>\n\t\t\t\t<\/div>\n\t\t\t\t<div class=\"elementor-element elementor-element-2749e87 elementor-widget elementor-widget-heading\" data-id=\"2749e87\" data-element_type=\"widget\" data-e-type=\"widget\" data-widget_type=\"heading.default\">\n\t\t\t\t<div class=\"elementor-widget-container\">\n\t\t\t\t\t<h3 class=\"elementor-heading-title elementor-size-default\">Altea<\/h3>\t\t\t\t<\/div>\n\t\t\t\t<\/div>\n\t\t\t\t<div class=\"elementor-element elementor-element-103fe67 elementor-widget elementor-widget-text-editor\" data-id=\"103fe67\" data-element_type=\"widget\" data-e-type=\"widget\" data-widget_type=\"text-editor.default\">\n\t\t\t\t<div class=\"elementor-widget-container\">\n\t\t\t\t\t\t\t\t\t<p>02 May, 18.00 - Vivo Vivaldi. Palau Altea. Vivaldi, but not in textbook mode: \u201eVivo Vivaldi\u201c combines music, movement and contemporary stage work to create a journey through the four seasons. The piece was developed by 10&amp;10-Narv\u00e1ez, Runde, Sanz with the Cia. Teatro Espa\u00f1ol y 10&amp;10 Crega. Suitable for children, young people and adults.\u00a0<\/p><p>03 May, 19.00 - \u00a1Por fin me voy! Palau Altea. Carles Sans, known from his long time with Tricicle, comes to Altea with a new solo evening. Everyday life, idiosyncrasies, farewell thoughts and plenty of timing: the actor turns small observations into great comedy. Co-directed by Jos\u00e9 Corbacho. The performance will be in Spanish.\u00a0<\/p><p>09 May, 10.00 to 14.00 - Taller de narraci\u00f3n oral: Te cuento. Casa de Cultura Altea. Anyone can tell stories? Not quite. This workshop with Marisela Romero is about how an idea becomes a narrated moment. The session on 9 May marks the end of the four-part workshop. The course will be held in Spanish. Participation only for the entire workshop with four dates. Registration via <a href=\"https:\/\/www.alteacultural.com\/inscripcio\" target=\"_blank\" rel=\"noopener\">www.alteacultural.com\/inscripcio<\/a><\/p><p>09 May, 20.00 - Teatro: El Futuro. Palau Altea. With \u201eEl Futuro\u201c, the Cia. Gaudint Teatre brings a theatre journey across Europe to the stage - outwardly on the road, inwardly no less. Between drama, comedy, friendship and unanswered questions, there is plenty of food for thought. Duration: approx. 105 minutes. The performance will be in Spanish.\u00a0<\/p><p>17 May, 19.00 - Teatro: La Ternura. Palau Altea. Shakespeare sends his regards, Alfredo Sanzol rewrites the classic: \u201eLa Ternura\u201c is a comedy about love, protection, confusion and the fallacy of being able to control feelings. The play was awarded the Premio Max for best theatre play in 2019. A queen, two princesses, a supposedly deserted island - and of course nothing goes according to plan. Duration: 120 minutes. The performance is in Spanish. Admission: 20 to 24 euros.<\/p><p>31 May, 18.30 - Teatre: M'entens o t'ho explique? Palau Altea. The Cia. Pla i Rev\u00e9s brings Valencian theatre to the stage at the end of the month. \u201eM'entens o t'ho explique?\u201c sounds like a clear message even in the title - and probably after a few misunderstandings along the way. Admission: 12 euros. Tickets via members of the Comissi\u00f3 del Crist or via <a href=\"https:\/\/bit.ly\/entrades31maig\" target=\"_blank\" rel=\"noopener\">bit.ly\/entrades31maig.<\/a><\/p>\t\t\t\t\t\t\t\t<\/div>\n\t\t\t\t<\/div>\n\t\t\t\t<\/div>\n\t\t<div class=\"elementor-element elementor-element-f24f320 e-con-full e-flex e-con e-child\" data-id=\"f24f320\" data-element_type=\"container\" data-e-type=\"container\">\n\t\t\t\t<div class=\"elementor-element elementor-element-e8d5383 elementor-widget__width-initial elementor-widget elementor-widget-gallery\" data-id=\"e8d5383\" data-element_type=\"widget\" data-e-type=\"widget\" data-settings=\"{&quot;gallery_layout&quot;:&quot;masonry&quot;,&quot;columns&quot;:1,&quot;gap&quot;:{&quot;unit&quot;:&quot;px&quot;,&quot;size&quot;:5,&quot;sizes&quot;:[]},&quot;lazyload&quot;:&quot;yes&quot;,&quot;columns_tablet&quot;:2,&quot;columns_mobile&quot;:1,&quot;gap_tablet&quot;:{&quot;unit&quot;:&quot;px&quot;,&quot;size&quot;:10,&quot;sizes&quot;:[]},&quot;gap_mobile&quot;:{&quot;unit&quot;:&quot;px&quot;,&quot;size&quot;:10,&quot;sizes&quot;:[]},&quot;link_to&quot;:&quot;file&quot;,&quot;overlay_background&quot;:&quot;yes&quot;,&quot;content_hover_animation&quot;:&quot;fade-in&quot;}\" data-widget_type=\"gallery.default\">\n\t\t\t\t<div class=\"elementor-widget-container\">\n\t\t\t\t\t\t\t<div class=\"elementor-gallery__container\">\n\t\t\t\t\t\t\t<a class=\"e-gallery-item elementor-gallery-item elementor-animated-content\" href=\"https:\/\/costablanca-magazin.com\/wp-content\/uploads\/2026\/05\/pa_vivovivaldi.webp\" data-elementor-open-lightbox=\"yes\" data-elementor-lightbox-slideshow=\"e8d5383\" data-elementor-lightbox-title=\"pa_vivovivaldi\" data-elementor-lightbox-description=\"Veranstaltungen Costa Blanca \u2013 Mai 2026  \" data-e-action-hash=\"#elementor-action%3Aaction%3Dlightbox%26settings%3DeyJpZCI6MTE1MTQsInVybCI6Imh0dHBzOlwvXC9jb3N0YWJsYW5jYS1tYWdhemluLmNvbVwvd3AtY29udGVudFwvdXBsb2Fkc1wvMjAyNlwvMDVcL3BhX3Zpdm92aXZhbGRpLndlYnAiLCJzbGlkZXNob3ciOiJlOGQ1MzgzIn0%3D\">\n\t\t\t\t\t<div class=\"e-gallery-image elementor-gallery-item__image\" data-thumbnail=\"https:\/\/costablanca-magazin.com\/wp-content\/uploads\/2026\/05\/pa_vivovivaldi.webp\" data-width=\"1100\" data-height=\"733\" aria-label=\"Events Costa Blanca - May 2026\" role=\"img\" ><\/div>\n\t\t\t\t\t\t\t\t\t\t\t<div class=\"elementor-gallery-item__overlay\"><\/div>\n\t\t\t\t\t\t\t\t\t\t\t\t\t\t<\/a>\n\t\t\t\t\t\t\t<a class=\"e-gallery-item elementor-gallery-item elementor-animated-content\" href=\"https:\/\/costablanca-magazin.com\/wp-content\/uploads\/2026\/05\/200526_cartel_individual_zee_zee.jpg\" data-elementor-open-lightbox=\"yes\" data-elementor-lightbox-slideshow=\"e8d5383\" data-elementor-lightbox-title=\"200526_cartel_individual_zee_zee\" data-elementor-lightbox-description=\"Veranstaltungen Costa Blanca \u2013 Mai 2026  \" data-e-action-hash=\"#elementor-action%3Aaction%3Dlightbox%26settings%3DeyJpZCI6MTE0OTMsInVybCI6Imh0dHBzOlwvXC9jb3N0YWJsYW5jYS1tYWdhemluLmNvbVwvd3AtY29udGVudFwvdXBsb2Fkc1wvMjAyNlwvMDVcLzIwMDUyNl9jYXJ0ZWxfaW5kaXZpZHVhbF96ZWVfemVlLmpwZyIsInNsaWRlc2hvdyI6ImU4ZDUzODMifQ%3D%3D\">\n\t\t\t\t\t<div class=\"e-gallery-image elementor-gallery-item__image\" data-thumbnail=\"https:\/\/costablanca-magazin.com\/wp-content\/uploads\/2026\/05\/200526_cartel_individual_zee_zee.jpg\" data-width=\"1414\" data-height=\"2000\" aria-label=\"Events Costa Blanca - May 2026\" role=\"img\" ><\/div>\n\t\t\t\t\t\t\t\t\t\t\t<div class=\"elementor-gallery-item__overlay\"><\/div>\n\t\t\t\t\t\t\t\t\t\t\t\t\t\t<\/a>\n\t\t\t\t\t\t\t<a class=\"e-gallery-item elementor-gallery-item elementor-animated-content\" href=\"https:\/\/costablanca-magazin.com\/wp-content\/uploads\/2026\/05\/210526_camerata_virtuosi_en_calpe_21_de_mayo_de_2026_1.jpg\" data-elementor-open-lightbox=\"yes\" data-elementor-lightbox-slideshow=\"e8d5383\" data-elementor-lightbox-title=\"210526_camerata_virtuosi_en_calpe_21_de_mayo_de_2026_1\" data-elementor-lightbox-description=\"Veranstaltungen Costa Blanca \u2013 Mai 2026  \" data-e-action-hash=\"#elementor-action%3Aaction%3Dlightbox%26settings%3DeyJpZCI6MTE0OTQsInVybCI6Imh0dHBzOlwvXC9jb3N0YWJsYW5jYS1tYWdhemluLmNvbVwvd3AtY29udGVudFwvdXBsb2Fkc1wvMjAyNlwvMDVcLzIxMDUyNl9jYW1lcmF0YV92aXJ0dW9zaV9lbl9jYWxwZV8yMV9kZV9tYXlvX2RlXzIwMjZfMS5qcGciLCJzbGlkZXNob3ciOiJlOGQ1MzgzIn0%3D\">\n\t\t\t\t\t<div class=\"e-gallery-image elementor-gallery-item__image\" data-thumbnail=\"https:\/\/costablanca-magazin.com\/wp-content\/uploads\/2026\/05\/210526_camerata_virtuosi_en_calpe_21_de_mayo_de_2026_1.jpg\" data-width=\"1024\" data-height=\"1536\" aria-label=\"Events Costa Blanca - May 2026\" role=\"img\" ><\/div>\n\t\t\t\t\t\t\t\t\t\t\t<div class=\"elementor-gallery-item__overlay\"><\/div>\n\t\t\t\t\t\t\t\t\t\t\t\t\t\t<\/a>\n\t\t\t\t\t\t\t<a class=\"e-gallery-item elementor-gallery-item elementor-animated-content\" href=\"https:\/\/costablanca-magazin.com\/wp-content\/uploads\/2026\/05\/21_05_firacalp_maig.jpg\" data-elementor-open-lightbox=\"yes\" data-elementor-lightbox-slideshow=\"e8d5383\" data-elementor-lightbox-title=\"21_05_firacalp_maig\" data-elementor-lightbox-description=\"Veranstaltungen Costa Blanca \u2013 Mai 2026  \" data-e-action-hash=\"#elementor-action%3Aaction%3Dlightbox%26settings%3DeyJpZCI6MTE0OTUsInVybCI6Imh0dHBzOlwvXC9jb3N0YWJsYW5jYS1tYWdhemluLmNvbVwvd3AtY29udGVudFwvdXBsb2Fkc1wvMjAyNlwvMDVcLzIxXzA1X2ZpcmFjYWxwX21haWcuanBnIiwic2xpZGVzaG93IjoiZThkNTM4MyJ9\">\n\t\t\t\t\t<div class=\"e-gallery-image elementor-gallery-item__image\" data-thumbnail=\"https:\/\/costablanca-magazin.com\/wp-content\/uploads\/2026\/05\/21_05_firacalp_maig.jpg\" data-width=\"1080\" data-height=\"1350\" aria-label=\"Events Costa Blanca - May 2026\" role=\"img\" ><\/div>\n\t\t\t\t\t\t\t\t\t\t\t<div class=\"elementor-gallery-item__overlay\"><\/div>\n\t\t\t\t\t\t\t\t\t\t\t\t\t\t<\/a>\n\t\t\t\t\t\t\t<a class=\"e-gallery-item elementor-gallery-item elementor-animated-content\" href=\"https:\/\/costablanca-magazin.com\/wp-content\/uploads\/2026\/05\/2026-04-11-Taller-narracion-oral-TE-CUENTO-Marisela-768x1085-1.webp\" data-elementor-open-lightbox=\"yes\" data-elementor-lightbox-slideshow=\"e8d5383\" data-elementor-lightbox-title=\"2026-04-11-Taller-narracion-oral-TE-CUENTO-Marisela-768x1085\" data-elementor-lightbox-description=\"Veranstaltungen Costa Blanca \u2013 Mai 2026  \" data-e-action-hash=\"#elementor-action%3Aaction%3Dlightbox%26settings%3DeyJpZCI6MTE0OTYsInVybCI6Imh0dHBzOlwvXC9jb3N0YWJsYW5jYS1tYWdhemluLmNvbVwvd3AtY29udGVudFwvdXBsb2Fkc1wvMjAyNlwvMDVcLzIwMjYtMDQtMTEtVGFsbGVyLW5hcnJhY2lvbi1vcmFsLVRFLUNVRU5UTy1NYXJpc2VsYS03Njh4MTA4NS0xLndlYnAiLCJzbGlkZXNob3ciOiJlOGQ1MzgzIn0%3D\">\n\t\t\t\t\t<div class=\"e-gallery-image elementor-gallery-item__image\" data-thumbnail=\"https:\/\/costablanca-magazin.com\/wp-content\/uploads\/2026\/05\/2026-04-11-Taller-narracion-oral-TE-CUENTO-Marisela-768x1085-1.webp\" data-width=\"768\" data-height=\"1085\" aria-label=\"Events Costa Blanca - May 2026\" role=\"img\" ><\/div>\n\t\t\t\t\t\t\t\t\t\t\t<div class=\"elementor-gallery-item__overlay\"><\/div>\n\t\t\t\t\t\t\t\t\t\t\t\t\t\t<\/a>\n\t\t\t\t\t<\/div>\n\t\t\t\t\t<\/div>\n\t\t\t\t<\/div>\n\t\t\t\t<\/div>\n\t\t<div class=\"elementor-element elementor-element-afd3436 e-con-full e-flex e-con e-child\" data-id=\"afd3436\" data-element_type=\"container\" data-e-type=\"container\">\n\t\t\t\t<div class=\"elementor-element elementor-element-3845770 elementor-widget__width-initial elementor-widget elementor-widget-gallery\" data-id=\"3845770\" data-element_type=\"widget\" data-e-type=\"widget\" data-settings=\"{&quot;columns&quot;:1,&quot;gallery_layout&quot;:&quot;masonry&quot;,&quot;gap&quot;:{&quot;unit&quot;:&quot;px&quot;,&quot;size&quot;:5,&quot;sizes&quot;:[]},&quot;lazyload&quot;:&quot;yes&quot;,&quot;columns_tablet&quot;:2,&quot;columns_mobile&quot;:1,&quot;gap_tablet&quot;:{&quot;unit&quot;:&quot;px&quot;,&quot;size&quot;:10,&quot;sizes&quot;:[]},&quot;gap_mobile&quot;:{&quot;unit&quot;:&quot;px&quot;,&quot;size&quot;:10,&quot;sizes&quot;:[]},&quot;link_to&quot;:&quot;file&quot;,&quot;overlay_background&quot;:&quot;yes&quot;,&quot;content_hover_animation&quot;:&quot;fade-in&quot;}\" data-widget_type=\"gallery.default\">\n\t\t\t\t<div class=\"elementor-widget-container\">\n\t\t\t\t\t\t\t<div class=\"elementor-gallery__container\">\n\t\t\t\t\t\t\t<a class=\"e-gallery-item elementor-gallery-item elementor-animated-content\" href=\"https:\/\/costablanca-magazin.com\/wp-content\/uploads\/2026\/05\/villajozosa-2.jpg\" data-elementor-open-lightbox=\"yes\" data-elementor-lightbox-slideshow=\"3845770\" data-elementor-lightbox-title=\"villajoyosa 2\" data-elementor-lightbox-description=\"Veranstaltungen Costa Blanca \u2013 Mai 2026  \" data-e-action-hash=\"#elementor-action%3Aaction%3Dlightbox%26settings%3DeyJpZCI6MTE1MjIsInVybCI6Imh0dHBzOlwvXC9jb3N0YWJsYW5jYS1tYWdhemluLmNvbVwvd3AtY29udGVudFwvdXBsb2Fkc1wvMjAyNlwvMDVcL3ZpbGxham96b3NhLTIuanBnIiwic2xpZGVzaG93IjoiMzg0NTc3MCJ9\">\n\t\t\t\t\t<div class=\"e-gallery-image elementor-gallery-item__image\" data-thumbnail=\"https:\/\/costablanca-magazin.com\/wp-content\/uploads\/2026\/05\/villajozosa-2.jpg\" data-width=\"700\" data-height=\"420\" aria-label=\"Events Costa Blanca - May 2026\" role=\"img\" ><\/div>\n\t\t\t\t\t\t\t\t\t\t\t<div class=\"elementor-gallery-item__overlay\"><\/div>\n\t\t\t\t\t\t\t\t\t\t\t\t\t\t<\/a>\n\t\t\t\t\t\t\t<a class=\"e-gallery-item elementor-gallery-item elementor-animated-content\" href=\"https:\/\/costablanca-magazin.com\/wp-content\/uploads\/2026\/05\/vila-4.jpg\" data-elementor-open-lightbox=\"yes\" data-elementor-lightbox-slideshow=\"3845770\" data-elementor-lightbox-title=\"vila 4\" data-elementor-lightbox-description=\"Veranstaltungen Costa Blanca \u2013 Mai 2026  \" data-e-action-hash=\"#elementor-action%3Aaction%3Dlightbox%26settings%3DeyJpZCI6MTE1MjEsInVybCI6Imh0dHBzOlwvXC9jb3N0YWJsYW5jYS1tYWdhemluLmNvbVwvd3AtY29udGVudFwvdXBsb2Fkc1wvMjAyNlwvMDVcL3ZpbGEtNC5qcGciLCJzbGlkZXNob3ciOiIzODQ1NzcwIn0%3D\">\n\t\t\t\t\t<div class=\"e-gallery-image elementor-gallery-item__image\" data-thumbnail=\"https:\/\/costablanca-magazin.com\/wp-content\/uploads\/2026\/05\/vila-4.jpg\" data-width=\"1792\" data-height=\"2560\" aria-label=\"Events Costa Blanca - May 2026\" role=\"img\" ><\/div>\n\t\t\t\t\t\t\t\t\t\t\t<div class=\"elementor-gallery-item__overlay\"><\/div>\n\t\t\t\t\t\t\t\t\t\t\t\t\t\t<\/a>\n\t\t\t\t\t\t\t<a class=\"e-gallery-item elementor-gallery-item elementor-animated-content\" href=\"https:\/\/costablanca-magazin.com\/wp-content\/uploads\/2026\/05\/vila-3.jpg\" data-elementor-open-lightbox=\"yes\" data-elementor-lightbox-slideshow=\"3845770\" data-elementor-lightbox-title=\"vila 3\" data-elementor-lightbox-description=\"Veranstaltungen Costa Blanca \u2013 Mai 2026  \" data-e-action-hash=\"#elementor-action%3Aaction%3Dlightbox%26settings%3DeyJpZCI6MTE1MjAsInVybCI6Imh0dHBzOlwvXC9jb3N0YWJsYW5jYS1tYWdhemluLmNvbVwvd3AtY29udGVudFwvdXBsb2Fkc1wvMjAyNlwvMDVcL3ZpbGEtMy5qcGciLCJzbGlkZXNob3ciOiIzODQ1NzcwIn0%3D\">\n\t\t\t\t\t<div class=\"e-gallery-image elementor-gallery-item__image\" data-thumbnail=\"https:\/\/costablanca-magazin.com\/wp-content\/uploads\/2026\/05\/vila-3.jpg\" data-width=\"2560\" data-height=\"1440\" aria-label=\"Events Costa Blanca - May 2026\" role=\"img\" ><\/div>\n\t\t\t\t\t\t\t\t\t\t\t<div class=\"elementor-gallery-item__overlay\"><\/div>\n\t\t\t\t\t\t\t\t\t\t\t\t\t\t<\/a>\n\t\t\t\t\t\t\t<a class=\"e-gallery-item elementor-gallery-item elementor-animated-content\" href=\"https:\/\/costablanca-magazin.com\/wp-content\/uploads\/2026\/05\/pa_vivovivaldi_banner.webp\" data-elementor-open-lightbox=\"yes\" data-elementor-lightbox-slideshow=\"3845770\" data-elementor-lightbox-title=\"pa_vivovivaldi_banner\" data-elementor-lightbox-description=\"Veranstaltungen Costa Blanca \u2013 Mai 2026  \" data-e-action-hash=\"#elementor-action%3Aaction%3Dlightbox%26settings%3DeyJpZCI6MTE1MTUsInVybCI6Imh0dHBzOlwvXC9jb3N0YWJsYW5jYS1tYWdhemluLmNvbVwvd3AtY29udGVudFwvdXBsb2Fkc1wvMjAyNlwvMDVcL3BhX3Zpdm92aXZhbGRpX2Jhbm5lci53ZWJwIiwic2xpZGVzaG93IjoiMzg0NTc3MCJ9\">\n\t\t\t\t\t<div class=\"e-gallery-image elementor-gallery-item__image\" data-thumbnail=\"https:\/\/costablanca-magazin.com\/wp-content\/uploads\/2026\/05\/pa_vivovivaldi_banner.webp\" data-width=\"1096\" data-height=\"403\" aria-label=\"Events Costa Blanca - May 2026\" role=\"img\" ><\/div>\n\t\t\t\t\t\t\t\t\t\t\t<div class=\"elementor-gallery-item__overlay\"><\/div>\n\t\t\t\t\t\t\t\t\t\t\t\t\t\t<\/a>\n\t\t\t\t\t\t\t<a class=\"e-gallery-item elementor-gallery-item elementor-animated-content\" href=\"https:\/\/costablanca-magazin.com\/wp-content\/uploads\/2026\/05\/WhatsApp_Image_2026-03-06_at_11-11-37.jpeg\" data-elementor-open-lightbox=\"yes\" data-elementor-lightbox-slideshow=\"3845770\" data-elementor-lightbox-title=\"WhatsApp_Image_2026-03-06_at_11-11-37\" data-elementor-lightbox-description=\"Veranstaltungen Costa Blanca \u2013 Mai 2026  \" data-e-action-hash=\"#elementor-action%3Aaction%3Dlightbox%26settings%3DeyJpZCI6MTE1MjMsInVybCI6Imh0dHBzOlwvXC9jb3N0YWJsYW5jYS1tYWdhemluLmNvbVwvd3AtY29udGVudFwvdXBsb2Fkc1wvMjAyNlwvMDVcL1doYXRzQXBwX0ltYWdlXzIwMjYtMDMtMDZfYXRfMTEtMTEtMzcuanBlZyIsInNsaWRlc2hvdyI6IjM4NDU3NzAifQ%3D%3D\">\n\t\t\t\t\t<div class=\"e-gallery-image elementor-gallery-item__image\" data-thumbnail=\"https:\/\/costablanca-magazin.com\/wp-content\/uploads\/2026\/05\/WhatsApp_Image_2026-03-06_at_11-11-37.jpeg\" data-width=\"1131\" data-height=\"1600\" aria-label=\"Events Costa Blanca - May 2026\" role=\"img\" ><\/div>\n\t\t\t\t\t\t\t\t\t\t\t<div class=\"elementor-gallery-item__overlay\"><\/div>\n\t\t\t\t\t\t\t\t\t\t\t\t\t\t<\/a>\n\t\t\t\t\t<\/div>\n\t\t\t\t\t<\/div>\n\t\t\t\t<\/div>\n\t\t\t\t<\/div>\n\t\t<div class=\"elementor-element elementor-element-b6e5bc2 e-con-full e-flex e-con e-child\" data-id=\"b6e5bc2\" data-element_type=\"container\" data-e-type=\"container\">\n\t\t\t\t<div class=\"elementor-element elementor-element-fdc8bae elementor-widget elementor-widget-heading\" data-id=\"fdc8bae\" data-element_type=\"widget\" data-e-type=\"widget\" data-widget_type=\"heading.default\">\n\t\t\t\t<div class=\"elementor-widget-container\">\n\t\t\t\t\t<h3 class=\"elementor-heading-title elementor-size-default\">La Vilajoiosa<\/h3>\t\t\t\t<\/div>\n\t\t\t\t<\/div>\n\t\t\t\t<div class=\"elementor-element elementor-element-b648d7f elementor-widget elementor-widget-text-editor\" data-id=\"b648d7f\" data-element_type=\"widget\" data-e-type=\"widget\" data-widget_type=\"text-editor.default\">\n\t\t\t\t<div class=\"elementor-widget-container\">\n\t\t\t\t\t\t\t\t\t<p>Until 04 May, 18.00 - Exhibition: Campo Abierto, Ernst Kraft Espai d'Art Contemporani La Barbera, C. Huit de Maig, s\/n. Abstraction meets figure, light meets shadow: Ernst Kraft shows works that are not loud, but have a long-lasting effect. The exhibition has been running since 6 March and will remain on display until 4 May.<\/p><p>05 May, 18.00 - Cinema: El jovencito Frankenstein. Auditorio Centro Social. Mel Brooks\u2019 1974 classic brings Frankenstein to the screen without pathos, but with speed and absurd humour. Presented by Sebasti\u00e1n Ant\u00f3n. Suitable for all ages. Duration: 105 minutes.\u00a0<\/p><p>Saturday, 9 May 2026, 5.00 pm - Concert XIV Concurs de Tuba. Tuba in a competitive context: the Agrupaci\u00f3 Musical Mediterraneo puts the spotlight on an instrument that otherwise often works in the background. The concert starts at 5.00 pm. Organised by the Agrupaci\u00f3 Musical Mediterraneo.<\/p><p>16 May, 19.00 - Dance: La Finitud, C\u00eda. Sara Calero. Teatre Auditori, Concepci\u00f3n Aragon\u00e9s, 2nd Flamenco, dance and music as a reflection on transience: Sara Calero brings an intense piece for an adult audience to the stage with three musicians. Duration: 75 minutes.\u00a0<\/p><p>23 May, 18:00 - Puppet theatre: Jagill\u00e9, el porquet verdblau. Auditorio Centro Social. A grey wild boar dreams itself into other colours, shapes and identities - and in the end has to find out who it really is. Puppet theatre in Valencian for families with children aged five and over. Duration: 50 minutes. Limited places, invitations are available one month before the performance.<\/p><p>30 May, 19.00 - Music: Bront\u00eb, Guiem Soldevila. Jard\u00edn Do\u00f1a Concha La Barbera. The Menorcan musician Guiem Soldevila combines folk, pop, literature and stage poetry with the textual worlds of the Bront\u00eb sisters. With voice, piano, guitar, cello, flute, dance and narration. An evening for an adult audience that works quietly rather than relying on big effects.<\/p><p>31 May, 12.00 pm - Concert OCA Ateneu Musical. Auditorio Centro Social. Music at the end of the month: The Societat Ateneu Musical invites you to a concert in the Auditorio Centro Social. It starts at 12.00 noon. Organised by the Societat Ateneu Musical.<\/p>\t\t\t\t\t\t\t\t<\/div>\n\t\t\t\t<\/div>\n\t\t\t\t<div class=\"elementor-element elementor-element-f3718b4 elementor-widget elementor-widget-heading\" data-id=\"f3718b4\" data-element_type=\"widget\" data-e-type=\"widget\" data-widget_type=\"heading.default\">\n\t\t\t\t<div class=\"elementor-widget-container\">\n\t\t\t\t\t<h3 class=\"elementor-heading-title elementor-size-default\">Benissa<\/h3>\t\t\t\t<\/div>\n\t\t\t\t<\/div>\n\t\t\t\t<div class=\"elementor-element elementor-element-39593e2 elementor-widget__width-initial elementor-widget elementor-widget-text-editor\" data-id=\"39593e2\" data-element_type=\"widget\" data-e-type=\"widget\" data-widget_type=\"text-editor.default\">\n\t\t\t\t<div class=\"elementor-widget-container\">\n\t\t\t\t\t\t\t\t\t<p>03 May, 10.00 am - Mercado del coleccionismo e intercambio filat\u00e9lico . Bajos del antiguo Casal Jove, Calle Francisco Sendra, 2nd Stamps, coins, old items and small finds with a history: the collectors' and swap market in Benissa is not for those in a hurry, but just right for anyone who likes to browse. Admission free. Organised by the Agrupaci\u00f3n Filat\u00e9lica y Numism\u00e1tica Benissa.<\/p><p>Until 18 May, Tuesday to Saturday, 6 p.m. to 8.30 p.m. - Exhibition Certamen pintura Salvador Soria. Centro de Arte Taller Ivars, Pla\u00e7a Germans Ivars. The Taller Ivars is showing works from the Salvador Soria painting competition. A quiet art event for the early evening - with enough time to look, compare and discuss. Free admission. Closed on public holidays and during the festival week from 27 April to 3 May.<\/p><p>09 May, 19:00 and 22:00 and 10 May, 18:00 and 21:00 - Cinema: Kraken. El Libro Negro de las Horas. Sal\u00f3 Cultural, Calle Pare Andreu Ivars, 21, 3rd floor. Spanish thriller with Alejo Sauras, Maggie Civantos and Natalia Rodr\u00edguez. Intrigue, police, family - not the kind of film you can watch while sorting through WhatsApp messages. Not recommended for children under 12. Organised by the Ayuntamiento de Benissa.<\/p><p>16 May, 19:00 and 22:00 and 17 May, 18:00 and 21:00 - Cinema: Michael, Sal\u00f3 Cultural, Calle Pare Andreu Ivars, 21, 3rd floor. Biographical music drama about Michael Jackson, directed by Antoine Fuqua, with Jaafar Jackson, Nia Long, Laura Harrier, Miles Teller and Colman Domingo. Two screenings - for pop history with a cinema instead of a streaming couch. Not recommended for children under 12. Organised by the Ayuntamiento de<\/p>\t\t\t\t\t\t\t\t<\/div>\n\t\t\t\t<\/div>\n\t\t\t\t<\/div>\n\t\t\t\t\t<\/div>\n\t\t\t\t<\/div>\n\t\t<div class=\"elementor-element elementor-element-4af194c e-flex e-con-boxed e-con e-parent\" data-id=\"4af194c\" data-element_type=\"container\" data-e-type=\"container\">\n\t\t\t\t\t<div class=\"e-con-inner\">\n\t\t<div class=\"elementor-element elementor-element-5363c05 e-con-full e-flex e-con e-child\" data-id=\"5363c05\" data-element_type=\"container\" data-e-type=\"container\">\n\t\t\t\t<div class=\"elementor-element elementor-element-0d11699 elementor-widget elementor-widget-heading\" data-id=\"0d11699\" data-element_type=\"widget\" data-e-type=\"widget\" data-widget_type=\"heading.default\">\n\t\t\t\t<div class=\"elementor-widget-container\">\n\t\t\t\t\t<h3 class=\"elementor-heading-title elementor-size-default\">Teulada\/Moraira\n<\/h3>\t\t\t\t<\/div>\n\t\t\t\t<\/div>\n\t\t\t\t<div class=\"elementor-element elementor-element-b155506 elementor-widget elementor-widget-text-editor\" data-id=\"b155506\" data-element_type=\"widget\" data-e-type=\"widget\" data-widget_type=\"text-editor.default\">\n\t\t\t\t<div class=\"elementor-widget-container\">\n\t\t\t\t\t\t\t\t\t<p>10 May, 18.00 - Santi Marcilla: \u201eDespierta! Est\u00e1s so\u00f1ando. Ellos tambi\u00e9n\u201c <br \/>Auditorio Teulada Moraira. Not a classic magic box evening: Santi Marcilla works with illusion, mentalism and perception - in other words, with the very moment when you in the audience briefly wonder whether your own head is still playing along or has secretly dropped out. A live experience between magic, sensory illusion and amazement.<\/p><p>16 May, 20:00 - The 80\u2019s Symphony by Neon Collective <br \/>Auditorio Teulada Moraira. The Cure, U2 and Depeche Mode meet orchestral power: Neon Collective brings more than 40 musicians to the stage and turns the great 80s anthems into a symphonic tribute format. For everyone who knows \u201eEnjoy the Silence\u201c - and would like to hear it with significantly more strings.<\/p>\t\t\t\t\t\t\t\t<\/div>\n\t\t\t\t<\/div>\n\t\t\t\t<div class=\"elementor-element elementor-element-876ad6b elementor-widget elementor-widget-heading\" data-id=\"876ad6b\" data-element_type=\"widget\" data-e-type=\"widget\" data-widget_type=\"heading.default\">\n\t\t\t\t<div class=\"elementor-widget-container\">\n\t\t\t\t\t<h3 class=\"elementor-heading-title elementor-size-default\">La Nucia\n\n<\/h3>\t\t\t\t<\/div>\n\t\t\t\t<\/div>\n\t\t\t\t<div class=\"elementor-element elementor-element-ec8afb3 elementor-widget elementor-widget-text-editor\" data-id=\"ec8afb3\" data-element_type=\"widget\" data-e-type=\"widget\" data-widget_type=\"text-editor.default\">\n\t\t\t\t<div class=\"elementor-widget-container\">\n\t\t\t\t\t\t\t\t\t<p>\u00a002 May to 3 May - Campeonato de Espa\u00f1a Raids Aventura. La Nuc\u00eda Ciudad del Deporte, stadium and outdoor areas. The Spanish Raid Aventura Championship brings orientation, endurance and teamwork to La Nuc\u00eda. Two days of sports programme on and around the facilities of the Ciudad del Deporte. Open to the public.<\/p><p>06 March , 18.00 - Exhibition: Campo Abierto, Ernst Kraft. The art exhibition \u201eCampo Abierto\u201c by Ernst Kraft opened on 6 March. A quiet art date in La Nuc\u00eda's calendar - with considerably less pulse than the sporting events, but certainly no less eye-catching.<\/p><p>05 May to 23 June - Talleres Xarxa Salut. La Nuc\u00eda, health and parenting space. Nine free sessions for mums and dads on parenting, everyday family life and living with children. The workshops are led by specialists from the Centro de Salud and the Centro de Especialidades La Nuc\u00eda. Practical, close to everyday life and safe without a glossy pedagogical filter.<\/p><p>07 May, 10.00 a.m. - Jornada Redes Sociales con IA. Lab_Nucia. A workshop for companies that know they need to be more present online - but never know what to post. Topic: How artificial intelligence can help with ideas, texts, editorial plans and social media structure. Organised in collaboration with the OAP by FEMPA.<\/p><p>09 May to 10 May - Torxa Esculta. Ciutat Esportiva Camilo Cano, La Nuc\u00eda. More than 200 young scouts from the Comunitat Valenciana will compete against each other in various sporting competitions over two intensive days. La Nuc\u00eda does what La Nuc\u00eda often does: make full use of its sports facilities.<\/p><p>09 May, until , 12 May - II GastroWeekend. CEM Captivador. Four-day gastronomic programme following the success of the first edition. Seats for culinary experiences and a special general subscription with only 50 seats will be on sale. Tickets via www.elxato.com and <a href=\"https:\/\/www.lanuciagastronomica.com\" target=\"_blank\" rel=\"noopener\">www.lanuciagastronomica.com<\/a>.<\/p><p>09 May - Gastro Day. CEM Captivador. A gastronomic meeting with a menu of chefs from the province. Not a quick snack, but rather a programme for anyone who wants to know what regional cuisine can do when professionals work around a table. Tickets via <a href=\"http:\/\/www.elxato.com\" target=\"_blank\" rel=\"noopener\">www.elxato.com<\/a> and <a href=\"https:\/\/www.lanuciagastronomica.com\" target=\"_blank\" rel=\"noopener\">www.lanuciagastronomica.com.<\/a><\/p><p>10 May - Gastro Market. CEM Captivador. Gastronomy market with more than 20 products and live music. Admission is free. A good opportunity to sample local products without having to book a full menu.<\/p><p>10 May , 19.00 - Concert of the Uni\u00f3 Musical de La Nuc\u00eda with Rub\u00e9n Sime\u00f3 <br \/>l'Auditori La Nuc\u00eda. The Uni\u00f3 Musical de La Nuc\u00eda performs together with the internationally experienced trumpeter Rub\u00e9n Sime\u00f3. A concert evening for all those who don't confuse brass band music with village fair clich\u00e9s. Tickets at the box office of l'Auditori and online via <a href=\"https:\/\/culturalanucia.com\" target=\"_blank\" rel=\"noopener\">culturalanucia.com.<\/a><\/p><p>16 May - VI D\u00eda de la Familia. Pabell\u00f3n La Muixara. The Family Day takes place at Pabell\u00f3n La Muixara and is open to the public. An event with a clear message: less programme, more afternoon together.<\/p><p>16 May, 20.00 - Zarzuela: La Revoltosa. L'Auditori La Nuc\u00eda. Spanish musical theatre in the Auditori: \u201eLa Revoltosa\u201c brings zarzuela to the stage - lively, classical and with enough temperament not to spend the evening sitting down. Tickets via <a href=\"https:\/\/culturalanucia.com\" target=\"_blank\" rel=\"noopener\">culturalanucia.com<\/a><\/p><p>17 May - Concentration of classic trucks and vintage cars. Car park at the Estadio Ol\u00edmpico. Classic lorries and cars meet at the stadium. Open to the public. A date for all those who look more closely at chrome, engine noise and old bodies than at new car brochures.<\/p><p>28 May, 10.00 a.m. - Formaci\u00f3n Campa\u00f1as Publicitarias RRSS. Lab_Nucia. Workshop for companies that want to advertise on social networks with a small budget. The workshop will focus on campaign objectives, ad set-up, examples with manageable budgets and how to recognise whether a campaign is working. Organised by OAP FEMPA in collaboration with Lab_Nucia.<\/p><p>29 May , 19.00 - Psychology conference: Decir que no es tambi\u00e9n salud mental. Centre Juvenil La Nuc\u00eda. Psychologist Manuela Escribano talks about why saying no is also part of mental health. Also announced: Surprises, catering and live music. A topic that probably affects more people than would admit.<\/p>\t\t\t\t\t\t\t\t<\/div>\n\t\t\t\t<\/div>\n\t\t\t\t<\/div>\n\t\t<div class=\"elementor-element elementor-element-e53adfe e-con-full e-flex e-con e-child\" data-id=\"e53adfe\" data-element_type=\"container\" data-e-type=\"container\">\n\t\t\t\t<div class=\"elementor-element elementor-element-5ba2065 elementor-widget__width-initial elementor-widget elementor-widget-gallery\" data-id=\"5ba2065\" data-element_type=\"widget\" data-e-type=\"widget\" data-settings=\"{&quot;columns&quot;:1,&quot;gallery_layout&quot;:&quot;masonry&quot;,&quot;gap&quot;:{&quot;unit&quot;:&quot;px&quot;,&quot;size&quot;:5,&quot;sizes&quot;:[]},&quot;lazyload&quot;:&quot;yes&quot;,&quot;columns_tablet&quot;:2,&quot;columns_mobile&quot;:1,&quot;gap_tablet&quot;:{&quot;unit&quot;:&quot;px&quot;,&quot;size&quot;:10,&quot;sizes&quot;:[]},&quot;gap_mobile&quot;:{&quot;unit&quot;:&quot;px&quot;,&quot;size&quot;:10,&quot;sizes&quot;:[]},&quot;link_to&quot;:&quot;file&quot;,&quot;overlay_background&quot;:&quot;yes&quot;,&quot;content_hover_animation&quot;:&quot;fade-in&quot;}\" data-widget_type=\"gallery.default\">\n\t\t\t\t<div class=\"elementor-widget-container\">\n\t\t\t\t\t\t\t<div class=\"elementor-gallery__container\">\n\t\t\t\t\t\t\t<a class=\"e-gallery-item elementor-gallery-item elementor-animated-content\" href=\"https:\/\/costablanca-magazin.com\/wp-content\/uploads\/2026\/05\/PHOTO-2026-04-16-21-17-19.jpg\" data-elementor-open-lightbox=\"yes\" data-elementor-lightbox-slideshow=\"5ba2065\" data-elementor-lightbox-title=\"PHOTO-2026-04-16-21-17-19\" data-elementor-lightbox-description=\"Veranstaltungen Costa Blanca \u2013 Mai 2026  \" data-e-action-hash=\"#elementor-action%3Aaction%3Dlightbox%26settings%3DeyJpZCI6MTE1MTYsInVybCI6Imh0dHBzOlwvXC9jb3N0YWJsYW5jYS1tYWdhemluLmNvbVwvd3AtY29udGVudFwvdXBsb2Fkc1wvMjAyNlwvMDVcL1BIT1RPLTIwMjYtMDQtMTYtMjEtMTctMTkuanBnIiwic2xpZGVzaG93IjoiNWJhMjA2NSJ9\">\n\t\t\t\t\t<div class=\"e-gallery-image elementor-gallery-item__image\" data-thumbnail=\"https:\/\/costablanca-magazin.com\/wp-content\/uploads\/2026\/05\/PHOTO-2026-04-16-21-17-19.jpg\" data-width=\"1080\" data-height=\"1350\" aria-label=\"Events Costa Blanca - May 2026\" role=\"img\" ><\/div>\n\t\t\t\t\t\t\t\t\t\t\t<div class=\"elementor-gallery-item__overlay\"><\/div>\n\t\t\t\t\t\t\t\t\t\t\t\t\t\t<\/a>\n\t\t\t\t\t\t\t<a class=\"e-gallery-item elementor-gallery-item elementor-animated-content\" href=\"https:\/\/costablanca-magazin.com\/wp-content\/uploads\/2026\/05\/banner-inmaduros-2-2048x1152-1.webp\" data-elementor-open-lightbox=\"yes\" data-elementor-lightbox-slideshow=\"5ba2065\" data-elementor-lightbox-title=\"banner-inmaduros-2-2048x1152\" data-elementor-lightbox-description=\"Veranstaltungen Costa Blanca \u2013 Mai 2026  \" data-e-action-hash=\"#elementor-action%3Aaction%3Dlightbox%26settings%3DeyJpZCI6MTE1MDAsInVybCI6Imh0dHBzOlwvXC9jb3N0YWJsYW5jYS1tYWdhemluLmNvbVwvd3AtY29udGVudFwvdXBsb2Fkc1wvMjAyNlwvMDVcL2Jhbm5lci1pbm1hZHVyb3MtMi0yMDQ4eDExNTItMS53ZWJwIiwic2xpZGVzaG93IjoiNWJhMjA2NSJ9\">\n\t\t\t\t\t<div class=\"e-gallery-image elementor-gallery-item__image\" data-thumbnail=\"https:\/\/costablanca-magazin.com\/wp-content\/uploads\/2026\/05\/banner-inmaduros-2-2048x1152-1.webp\" data-width=\"1600\" data-height=\"900\" aria-label=\"Events Costa Blanca - May 2026\" role=\"img\" ><\/div>\n\t\t\t\t\t\t\t\t\t\t\t<div class=\"elementor-gallery-item__overlay\"><\/div>\n\t\t\t\t\t\t\t\t\t\t\t\t\t\t<\/a>\n\t\t\t\t\t\t\t<a class=\"e-gallery-item elementor-gallery-item elementor-animated-content\" href=\"https:\/\/costablanca-magazin.com\/wp-content\/uploads\/2026\/05\/ARTESESCENICAS.jpg\" data-elementor-open-lightbox=\"yes\" data-elementor-lightbox-slideshow=\"5ba2065\" data-elementor-lightbox-title=\"ARTESESCENICAS\" data-elementor-lightbox-description=\"Veranstaltungen Costa Blanca \u2013 Mai 2026  \" data-e-action-hash=\"#elementor-action%3Aaction%3Dlightbox%26settings%3DeyJpZCI6MTE0OTksInVybCI6Imh0dHBzOlwvXC9jb3N0YWJsYW5jYS1tYWdhemluLmNvbVwvd3AtY29udGVudFwvdXBsb2Fkc1wvMjAyNlwvMDVcL0FSVEVTRVNDRU5JQ0FTLmpwZyIsInNsaWRlc2hvdyI6IjViYTIwNjUifQ%3D%3D\">\n\t\t\t\t\t<div class=\"e-gallery-image elementor-gallery-item__image\" data-thumbnail=\"https:\/\/costablanca-magazin.com\/wp-content\/uploads\/2026\/05\/ARTESESCENICAS.jpg\" data-width=\"1467\" data-height=\"1054\" aria-label=\"Events Costa Blanca - May 2026\" role=\"img\" ><\/div>\n\t\t\t\t\t\t\t\t\t\t\t<div class=\"elementor-gallery-item__overlay\"><\/div>\n\t\t\t\t\t\t\t\t\t\t\t\t\t\t<\/a>\n\t\t\t\t\t\t\t<a class=\"e-gallery-item elementor-gallery-item elementor-animated-content\" href=\"https:\/\/costablanca-magazin.com\/wp-content\/uploads\/2026\/05\/taller-dIvars.jpg\" data-elementor-open-lightbox=\"yes\" data-elementor-lightbox-slideshow=\"5ba2065\" data-elementor-lightbox-title=\"taller-dIvars\" data-elementor-lightbox-description=\"Veranstaltungen Costa Blanca \u2013 Mai 2026  \" data-e-action-hash=\"#elementor-action%3Aaction%3Dlightbox%26settings%3DeyJpZCI6MTE1MTksInVybCI6Imh0dHBzOlwvXC9jb3N0YWJsYW5jYS1tYWdhemluLmNvbVwvd3AtY29udGVudFwvdXBsb2Fkc1wvMjAyNlwvMDVcL3RhbGxlci1kSXZhcnMuanBnIiwic2xpZGVzaG93IjoiNWJhMjA2NSJ9\">\n\t\t\t\t\t<div class=\"e-gallery-image elementor-gallery-item__image\" data-thumbnail=\"https:\/\/costablanca-magazin.com\/wp-content\/uploads\/2026\/05\/taller-dIvars.jpg\" data-width=\"600\" data-height=\"450\" aria-label=\"Events Costa Blanca - May 2026\" role=\"img\" ><\/div>\n\t\t\t\t\t\t\t\t\t\t\t<div class=\"elementor-gallery-item__overlay\"><\/div>\n\t\t\t\t\t\t\t\t\t\t\t\t\t\t<\/a>\n\t\t\t\t\t\t\t<a class=\"e-gallery-item elementor-gallery-item elementor-animated-content\" href=\"https:\/\/costablanca-magazin.com\/wp-content\/uploads\/2026\/05\/Altea-1.jpg\" data-elementor-open-lightbox=\"yes\" data-elementor-lightbox-slideshow=\"5ba2065\" data-elementor-lightbox-title=\"Altea 1\" data-elementor-lightbox-description=\"Veranstaltungen Costa Blanca \u2013 Mai 2026  \" data-e-action-hash=\"#elementor-action%3Aaction%3Dlightbox%26settings%3DeyJpZCI6MTE0OTgsInVybCI6Imh0dHBzOlwvXC9jb3N0YWJsYW5jYS1tYWdhemluLmNvbVwvd3AtY29udGVudFwvdXBsb2Fkc1wvMjAyNlwvMDVcL0FsdGVhLTEuanBnIiwic2xpZGVzaG93IjoiNWJhMjA2NSJ9\">\n\t\t\t\t\t<div class=\"e-gallery-image elementor-gallery-item__image\" data-thumbnail=\"https:\/\/costablanca-magazin.com\/wp-content\/uploads\/2026\/05\/Altea-1.jpg\" data-width=\"1920\" data-height=\"1080\" aria-label=\"Events Costa Blanca - May 2026\" role=\"img\" ><\/div>\n\t\t\t\t\t\t\t\t\t\t\t<div class=\"elementor-gallery-item__overlay\"><\/div>\n\t\t\t\t\t\t\t\t\t\t\t\t\t\t<\/a>\n\t\t\t\t\t\t\t<a class=\"e-gallery-item elementor-gallery-item elementor-animated-content\" href=\"https:\/\/costablanca-magazin.com\/wp-content\/uploads\/2026\/05\/080526_cartel_individual_gasparian.jpg\" data-elementor-open-lightbox=\"yes\" data-elementor-lightbox-slideshow=\"5ba2065\" data-elementor-lightbox-title=\"080526_cartel_individual_gasparian\" data-elementor-lightbox-description=\"Veranstaltungen Costa Blanca \u2013 Mai 2026  \" data-e-action-hash=\"#elementor-action%3Aaction%3Dlightbox%26settings%3DeyJpZCI6MTE0OTEsInVybCI6Imh0dHBzOlwvXC9jb3N0YWJsYW5jYS1tYWdhemluLmNvbVwvd3AtY29udGVudFwvdXBsb2Fkc1wvMjAyNlwvMDVcLzA4MDUyNl9jYXJ0ZWxfaW5kaXZpZHVhbF9nYXNwYXJpYW4uanBnIiwic2xpZGVzaG93IjoiNWJhMjA2NSJ9\">\n\t\t\t\t\t<div class=\"e-gallery-image elementor-gallery-item__image\" data-thumbnail=\"https:\/\/costablanca-magazin.com\/wp-content\/uploads\/2026\/05\/080526_cartel_individual_gasparian.jpg\" data-width=\"1414\" data-height=\"2000\" aria-label=\"Events Costa Blanca - May 2026\" role=\"img\" ><\/div>\n\t\t\t\t\t\t\t\t\t\t\t<div class=\"elementor-gallery-item__overlay\"><\/div>\n\t\t\t\t\t\t\t\t\t\t\t\t\t\t<\/a>\n\t\t\t\t\t<\/div>\n\t\t\t\t\t<\/div>\n\t\t\t\t<\/div>\n\t\t\t\t<\/div>\n\t\t<div class=\"elementor-element elementor-element-45c7091 e-con-full e-flex e-con e-child\" data-id=\"45c7091\" data-element_type=\"container\" data-e-type=\"container\">\n\t\t\t\t<div class=\"elementor-element elementor-element-a4f5f13 elementor-widget__width-initial elementor-widget elementor-widget-gallery\" data-id=\"a4f5f13\" data-element_type=\"widget\" data-e-type=\"widget\" data-settings=\"{&quot;columns&quot;:1,&quot;gallery_layout&quot;:&quot;masonry&quot;,&quot;gap&quot;:{&quot;unit&quot;:&quot;px&quot;,&quot;size&quot;:5,&quot;sizes&quot;:[]},&quot;lazyload&quot;:&quot;yes&quot;,&quot;columns_tablet&quot;:2,&quot;columns_mobile&quot;:1,&quot;gap_tablet&quot;:{&quot;unit&quot;:&quot;px&quot;,&quot;size&quot;:10,&quot;sizes&quot;:[]},&quot;gap_mobile&quot;:{&quot;unit&quot;:&quot;px&quot;,&quot;size&quot;:10,&quot;sizes&quot;:[]},&quot;link_to&quot;:&quot;file&quot;,&quot;overlay_background&quot;:&quot;yes&quot;,&quot;content_hover_animation&quot;:&quot;fade-in&quot;}\" data-widget_type=\"gallery.default\">\n\t\t\t\t<div class=\"elementor-widget-container\">\n\t\t\t\t\t\t\t<div class=\"elementor-gallery__container\">\n\t\t\t\t\t\t\t<a class=\"e-gallery-item elementor-gallery-item elementor-animated-content\" href=\"https:\/\/costablanca-magazin.com\/wp-content\/uploads\/2026\/05\/cartel_teatro_bienvenidos_a_bordo_page-0001_0.jpg\" data-elementor-open-lightbox=\"yes\" data-elementor-lightbox-slideshow=\"a4f5f13\" data-elementor-lightbox-title=\"cartel_teatro_bienvenidos_a_bordo_page-0001_0\" data-elementor-lightbox-description=\"Veranstaltungen Costa Blanca \u2013 Mai 2026  \" data-e-action-hash=\"#elementor-action%3Aaction%3Dlightbox%26settings%3DeyJpZCI6MTE1MDQsInVybCI6Imh0dHBzOlwvXC9jb3N0YWJsYW5jYS1tYWdhemluLmNvbVwvd3AtY29udGVudFwvdXBsb2Fkc1wvMjAyNlwvMDVcL2NhcnRlbF90ZWF0cm9fYmllbnZlbmlkb3NfYV9ib3Jkb19wYWdlLTAwMDFfMC5qcGciLCJzbGlkZXNob3ciOiJhNGY1ZjEzIn0%3D\">\n\t\t\t\t\t<div class=\"e-gallery-image elementor-gallery-item__image\" data-thumbnail=\"https:\/\/costablanca-magazin.com\/wp-content\/uploads\/2026\/05\/cartel_teatro_bienvenidos_a_bordo_page-0001_0-1086x1536.jpg\" data-width=\"1086\" data-height=\"1536\" aria-label=\"Events Costa Blanca - May 2026\" role=\"img\" ><\/div>\n\t\t\t\t\t\t\t\t\t\t\t<div class=\"elementor-gallery-item__overlay\"><\/div>\n\t\t\t\t\t\t\t\t\t\t\t\t\t\t<\/a>\n\t\t\t\t\t\t\t<a class=\"e-gallery-item elementor-gallery-item elementor-animated-content\" href=\"https:\/\/costablanca-magazin.com\/wp-content\/uploads\/2026\/05\/CARTELES-PRESENTACIONES-IMPRIMIR_page-0001-1.jpg\" data-elementor-open-lightbox=\"yes\" data-elementor-lightbox-slideshow=\"a4f5f13\" data-elementor-lightbox-title=\"CARTELES PRESENTACIONES IMPRIMIR_page-0001 1\" data-elementor-lightbox-description=\"Veranstaltungen Costa Blanca \u2013 Mai 2026  \" data-e-action-hash=\"#elementor-action%3Aaction%3Dlightbox%26settings%3DeyJpZCI6MTE1MDUsInVybCI6Imh0dHBzOlwvXC9jb3N0YWJsYW5jYS1tYWdhemluLmNvbVwvd3AtY29udGVudFwvdXBsb2Fkc1wvMjAyNlwvMDVcL0NBUlRFTEVTLVBSRVNFTlRBQ0lPTkVTLUlNUFJJTUlSX3BhZ2UtMDAwMS0xLmpwZyIsInNsaWRlc2hvdyI6ImE0ZjVmMTMifQ%3D%3D\">\n\t\t\t\t\t<div class=\"e-gallery-image elementor-gallery-item__image\" data-thumbnail=\"https:\/\/costablanca-magazin.com\/wp-content\/uploads\/2026\/05\/CARTELES-PRESENTACIONES-IMPRIMIR_page-0001-1.jpg\" data-width=\"764\" data-height=\"1080\" aria-label=\"Events Costa Blanca - May 2026\" role=\"img\" ><\/div>\n\t\t\t\t\t\t\t\t\t\t\t<div class=\"elementor-gallery-item__overlay\"><\/div>\n\t\t\t\t\t\t\t\t\t\t\t\t\t\t<\/a>\n\t\t\t\t\t\t\t<a class=\"e-gallery-item elementor-gallery-item elementor-animated-content\" href=\"https:\/\/costablanca-magazin.com\/wp-content\/uploads\/2026\/05\/Adobe-Express-file-1_0.jpg\" data-elementor-open-lightbox=\"yes\" data-elementor-lightbox-slideshow=\"a4f5f13\" data-elementor-lightbox-title=\"Adobe Express - file 1_0\" data-elementor-lightbox-description=\"Veranstaltungen Costa Blanca \u2013 Mai 2026  \" data-e-action-hash=\"#elementor-action%3Aaction%3Dlightbox%26settings%3DeyJpZCI6MTE0OTcsInVybCI6Imh0dHBzOlwvXC9jb3N0YWJsYW5jYS1tYWdhemluLmNvbVwvd3AtY29udGVudFwvdXBsb2Fkc1wvMjAyNlwvMDVcL0Fkb2JlLUV4cHJlc3MtZmlsZS0xXzAuanBnIiwic2xpZGVzaG93IjoiYTRmNWYxMyJ9\">\n\t\t\t\t\t<div class=\"e-gallery-image elementor-gallery-item__image\" data-thumbnail=\"https:\/\/costablanca-magazin.com\/wp-content\/uploads\/2026\/05\/Adobe-Express-file-1_0.jpg\" data-width=\"759\" data-height=\"1080\" aria-label=\"Events Costa Blanca - May 2026\" role=\"img\" ><\/div>\n\t\t\t\t\t\t\t\t\t\t\t<div class=\"elementor-gallery-item__overlay\"><\/div>\n\t\t\t\t\t\t\t\t\t\t\t\t\t\t<\/a>\n\t\t\t\t\t\t\t<a class=\"e-gallery-item elementor-gallery-item elementor-animated-content\" href=\"https:\/\/costablanca-magazin.com\/wp-content\/uploads\/2026\/05\/DAVIDDOMINGUEZ.jpg\" data-elementor-open-lightbox=\"yes\" data-elementor-lightbox-slideshow=\"a4f5f13\" data-elementor-lightbox-title=\"DAVIDDOMINGUEZ\" data-elementor-lightbox-description=\"Veranstaltungen Costa Blanca \u2013 Mai 2026  \" data-e-action-hash=\"#elementor-action%3Aaction%3Dlightbox%26settings%3DeyJpZCI6MTE1MDYsInVybCI6Imh0dHBzOlwvXC9jb3N0YWJsYW5jYS1tYWdhemluLmNvbVwvd3AtY29udGVudFwvdXBsb2Fkc1wvMjAyNlwvMDVcL0RBVklERE9NSU5HVUVaLmpwZyIsInNsaWRlc2hvdyI6ImE0ZjVmMTMifQ%3D%3D\">\n\t\t\t\t\t<div class=\"e-gallery-image elementor-gallery-item__image\" data-thumbnail=\"https:\/\/costablanca-magazin.com\/wp-content\/uploads\/2026\/05\/DAVIDDOMINGUEZ.jpg\" data-width=\"1467\" data-height=\"1054\" aria-label=\"Events Costa Blanca - May 2026\" role=\"img\" ><\/div>\n\t\t\t\t\t\t\t\t\t\t\t<div class=\"elementor-gallery-item__overlay\"><\/div>\n\t\t\t\t\t\t\t\t\t\t\t\t\t\t<\/a>\n\t\t\t\t\t\t\t<a class=\"e-gallery-item elementor-gallery-item elementor-animated-content\" href=\"https:\/\/costablanca-magazin.com\/wp-content\/uploads\/2026\/05\/5-Expo-trobades.jpg\" data-elementor-open-lightbox=\"yes\" data-elementor-lightbox-slideshow=\"a4f5f13\" data-elementor-lightbox-title=\"5-Expo trobades\" data-elementor-lightbox-description=\"Veranstaltungen Costa Blanca \u2013 Mai 2026  \" data-e-action-hash=\"#elementor-action%3Aaction%3Dlightbox%26settings%3DeyJpZCI6MTE0ODgsInVybCI6Imh0dHBzOlwvXC9jb3N0YWJsYW5jYS1tYWdhemluLmNvbVwvd3AtY29udGVudFwvdXBsb2Fkc1wvMjAyNlwvMDVcLzUtRXhwby10cm9iYWRlcy5qcGciLCJzbGlkZXNob3ciOiJhNGY1ZjEzIn0%3D\">\n\t\t\t\t\t<div class=\"e-gallery-image elementor-gallery-item__image\" data-thumbnail=\"https:\/\/costablanca-magazin.com\/wp-content\/uploads\/2026\/05\/5-Expo-trobades.jpg\" data-width=\"1080\" data-height=\"1350\" aria-label=\"Poster for Exposici\u00f3 Trobades 2026 with a colourful cartoon scene of people working on a banner; event dates and venue are shown: Del 9 al 16 de maig, Casa de la cultura de D\u00e9nia.\" role=\"img\" ><\/div>\n\t\t\t\t\t\t\t\t\t\t\t<div class=\"elementor-gallery-item__overlay\"><\/div>\n\t\t\t\t\t\t\t\t\t\t\t\t\t\t<\/a>\n\t\t\t\t\t\t\t<a class=\"e-gallery-item elementor-gallery-item elementor-animated-content\" href=\"https:\/\/costablanca-magazin.com\/wp-content\/uploads\/2026\/05\/7-DAMA.jpg\" data-elementor-open-lightbox=\"yes\" data-elementor-lightbox-slideshow=\"a4f5f13\" data-elementor-lightbox-title=\"7- DAMA\" data-elementor-lightbox-description=\"Veranstaltungen Costa Blanca \u2013 Mai 2026  \" data-e-action-hash=\"#elementor-action%3Aaction%3Dlightbox%26settings%3DeyJpZCI6MTE0OTAsInVybCI6Imh0dHBzOlwvXC9jb3N0YWJsYW5jYS1tYWdhemluLmNvbVwvd3AtY29udGVudFwvdXBsb2Fkc1wvMjAyNlwvMDVcLzctREFNQS5qcGciLCJzbGlkZXNob3ciOiJhNGY1ZjEzIn0%3D\">\n\t\t\t\t\t<div class=\"e-gallery-image elementor-gallery-item__image\" data-thumbnail=\"https:\/\/costablanca-magazin.com\/wp-content\/uploads\/2026\/05\/7-DAMA.jpg\" data-width=\"1080\" data-height=\"1350\" aria-label=\"Events Costa Blanca - May 2026\" role=\"img\" ><\/div>\n\t\t\t\t\t\t\t\t\t\t\t<div class=\"elementor-gallery-item__overlay\"><\/div>\n\t\t\t\t\t\t\t\t\t\t\t\t\t\t<\/a>\n\t\t\t\t\t<\/div>\n\t\t\t\t\t<\/div>\n\t\t\t\t<\/div>\n\t\t\t\t<\/div>\n\t\t<div class=\"elementor-element elementor-element-5819762 e-con-full e-flex e-con e-child\" data-id=\"5819762\" data-element_type=\"container\" data-e-type=\"container\">\n\t\t\t\t<div class=\"elementor-element elementor-element-6026773 elementor-widget elementor-widget-heading\" data-id=\"6026773\" data-element_type=\"widget\" data-e-type=\"widget\" data-widget_type=\"heading.default\">\n\t\t\t\t<div class=\"elementor-widget-container\">\n\t\t\t\t\t<h3 class=\"elementor-heading-title elementor-size-default\">Denia\n<\/h3>\t\t\t\t<\/div>\n\t\t\t\t<\/div>\n\t\t\t\t<div class=\"elementor-element elementor-element-b75019b elementor-widget__width-initial elementor-widget elementor-widget-text-editor\" data-id=\"b75019b\" data-element_type=\"widget\" data-e-type=\"widget\" data-widget_type=\"text-editor.default\">\n\t\t\t\t<div class=\"elementor-widget-container\">\n\t\t\t\t\t\t\t\t\t<p>02 May, 20.00 - En Femen\u00ed: Femmes. Teatre Auditori. Spanish dance and flamenco, choreographed by Pilar And\u00fajar. The piece traces the development from Antonia Merc\u00e9 \u201eLa Argentina\u201c to contemporary fla Duration: around 70 minutes, language: Spanish. Admission: 5 euros via <a href=\"http:\/\/www.notikumi.com\">www.notikumi.com<\/a> or at the box office one hour before the start.<\/p><p>03 May, time according to registration - Family excursion: Aventura a la Torre del Gerro. Meeting point: Centre de observaci\u00f3 de cetacis de les Rotes<br \/>Guided family route on foot through the marine reserve at Cap de Sant Antoni. Two hours, five euros, recommended from the age of eight. Registration by Thursday, 2.00 pm, by e-mail to <a href=\"mailto:viuiconviu@ayto-denia.es\">viuiconviu@ayto-denia.es<\/a>. For all those who want to see Les Rotes with an explanation instead of just a selfie.<\/p><p>07 to 23 May, 11.00 to 14.00 and 17.00 to 21.00 - Exhibition: Batxillerat Art\u00edstic IES Historiador Chab\u00e0s. Casa de Cultura, Sala Gran. Young art from D\u00e9nia: Pupils from the Artistic Bachillerato at the IES Historiador Chab\u00e0s show their work. Open on Saturdays from 10.00 to 13.30.<\/p><p>09 to 16 May, 11.00 to 14.00 and 17.00 to 21.00 - Exhibition: Trobades Escolars. Casa de Cultura, Vest\u00edbul. A school project with encounters and lots of local talent: The art exhibition will open on 9 May at 11.00 am. Open on Saturdays from 10.00 to 13.30.<\/p><p>09 May, 20.00 - Spring concert: Grup Polif\u00f2nic Cadenza<br \/>Teatre Auditori. The Grup Polif\u00f2nic Cadenza sings under the direction of Silvia Pe\u00f1a. Also performing: Abhisek Ghosh on guitar and Vicent Sendra on piano. Admission free as long as seats are available.\u00a0<\/p><p>Until 10 May, 10.00 to 14.00 and 16.00 to 19.00 - Exhibition: A\u00fan susurra tu jard\u00edn. Centre d'Art l'Estaci\u00f3. Susana Garc\u00eda Ungo is showing works entitled \u201eA\u00fan susurra tu jard\u00edn\u201c at the Centre d'Art l'Estaci\u00f3. Open on Sundays from 9.00 to 15.00, closed on 1 May.\u00a0\u00a0<\/p><p>15 May, 20.00 - En Femen\u00ed: Tango en tiempo de mujer<br \/>Teatre Auditori. Tango with a view to the role of women - musically, dancingly and narratively. Conducted by Mariano Otero, with Juan Esteban Cuacci on piano, Virginia Gonz\u00e1lez Leonhart on violin, singer Anal\u00eda Bueti and dancers Rebeca N\u00fa\u00f1ez and B\u00e1rbara Palmer. Admission via <a href=\"http:\/\/www.notikumi.com\">www.notikumi.com<\/a> or at the box office one hour before the start.\u00a0<\/p><p>16 May 2026, 12.00 to 20.00 - DAMA: IV Festival D\u00e9nia d'Arts de Carrer\/Moviment\/Acci\u00f3. Marqu\u00e9s de Campo and Pla\u00e7a del Consell\u00a0<br \/>Street art, movement, dance and action in the centre of D\u00e9nia. DAMA brings culture out of the hall and onto the street - where you don't have to whisper beforehand. Artistic direction: Fr\u00e1giles Danza. Organised and supported by the Ajuntament de D\u00e9nia, Cultura.\u00a0<\/p><p>16 May, until 7 June 10.00 to 14.00 and 17.00 to 20.00 - Exhibition: Nueva Arqueolog\u00eda. Centre d'Art l'Estaci\u00f3. Anton Gudzykevych shows \u201eNueva Arqueolog\u00eda\u201c. Opening is on 16 May at 6.30 pm. Open on Sundays and public holidays from 9.00 am to 3.00 pm.<\/p><p>17 May, 12.00 noon - Concert: Agrupaci\u00f3 Art\u00edstica Musical de D\u00e9nia<br \/>Teatre Auditori. Concert as part of the XXXI Campanya M\u00fasica as Pobles 2026. Admission free by invitation, reservation via <a href=\"http:\/\/www.notikumi.com\">www.notikumi.com<\/a>. Remaining tickets at the box office one hour before the start. Brass music with a local flavour - and without any big words.\u00a0<\/p><p>22 May, 19.00 - Book launch: Ac\u00fastica de hu\u00e9rfanos. Casa de Cultura.<br \/>Eugenia S\u00e1nchez presents her book \u201eAc\u00fastica de hu\u00e9rfanos\u201c. Francisco Cejudo presents, Esteban Ferre accompanies musically. Organised by Poetes per la cultura. Admission free until capacity.\u00a0<\/p><p>23 May, 20:00 - Spring concert: Orfe\u00f3 de D\u00e9nia. Teatre Auditori. The Orfe\u00f3 de D\u00e9nia gives its spring concert at the Teatre Auditori. Free entry, as long as seats are available. A classic date in the calendar - and usually better attended than you can plan for \u201efree admission\u201c.<\/p><p>28 May to 6 June, 11.00 to 14.00 and 17.00 to 21.00 - Exhibition: Reinterpretaci\u00f3 de l'obra de Toni Ortol\u00e0. Casa de Cultura, Vest\u00edbul. The EPA D\u00e9nia is showing works that reinterpret the work of Toni Ortol\u00e0. Opening on 28 May at 19:00. Open on Saturdays from 10.00 to 13.30.<\/p><p>28 May to 13 June, 11.00 to 14.00 and 17.00 to 21.00 - Exhibition: Errancias. Casa de Cultura, Sala Gran. Ram\u00f3n Puig de la Bellacasa Alberola presents \u201eErrancias\u201c in the Sala Gran. Opening is on 28 May at 19.00 hrs. Open on Saturdays from 10.00 to 13.30.<\/p><p>30 May, 20.00 - En Femen\u00ed: Menospausia. Teatre Auditori. Theatre by Cia Bestreta with Arantxa Gonz\u00e1lez and Amparo Oltra. Two ladies, a wedding, lots of organisation and probably more nerves than rice in the church square. Performed in Spanish\/Valencian. Admission via <a href=\"http:\/\/www.notikumi.com\">www.notikumi.com<\/a> or at the box office one hour before the start.<\/p><p>31 May, time according to registration - Family outing: Descobrint les Rotes en kayak. Meeting point: C\/ F\u00e9nix, end of the Marineta. Family route in a kayak along the rocky coast of Les Rotes. Four hours, five euros, recommended from the age of eight. Equipment at the starting point, with explanations of stories and legends along the way. Registration by Thursday, 2.00 pm, by email to viuiconviu@ayto-denia.es.<\/p><p>31 May, 19.00 - Concert\/Dance: Jove Ballet de la Marina. Teatre Auditori. Classical and contemporary dance with the Jove Ballet de la Marina. Admission via <a href=\"http:\/\/www.notikumi.com\">www.notikumi.com<\/a> or at the box office one hour before the start. A monthly finale with movement instead of a final chord.<\/p>\t\t\t\t\t\t\t\t<\/div>\n\t\t\t\t<\/div>\n\t\t\t\t<div class=\"elementor-element elementor-element-ba435a6 elementor-widget elementor-widget-heading\" data-id=\"ba435a6\" data-element_type=\"widget\" data-e-type=\"widget\" data-widget_type=\"heading.default\">\n\t\t\t\t<div class=\"elementor-widget-container\">\n\t\t\t\t\t<h3 class=\"elementor-heading-title elementor-size-default\">Benidorm<\/h3>\t\t\t\t<\/div>\n\t\t\t\t<\/div>\n\t\t\t\t<div class=\"elementor-element elementor-element-9ee539a elementor-widget__width-initial elementor-widget elementor-widget-text-editor\" data-id=\"9ee539a\" data-element_type=\"widget\" data-e-type=\"widget\" data-widget_type=\"text-editor.default\">\n\t\t\t\t<div class=\"elementor-widget-container\">\n\t\t\t\t\t\t\t\t\t<p>05 May, 12.00 - Exhibition: Vamos a la Playa. Espai d'Art, Ayuntamiento de Benidorm. Victoria Udalova shows paintings about the sea, the beach and summer light - not a deckchair programme, but an artistic view of what is right on the doorstep in Benidorm. The exhibition runs from 5 to 15 May.<\/p><p>05 May, 19.00 - Book presentation: C\u00edrculo Cerrado. C.M. El Torrej\u00f3, Plaza Canalejas, Benidorm. Julio Pavanetti presents his new book \u201eC\u00edrculo Cerrado\u201c. The evening will be presented by the poet Francisco Cejudo, with musical accompaniment by Carlos Eduardo Mu\u00f1oz Clavijo. Literature meets singer-songwriter - Benidorm can do more than just big stages and noisy promenades.<\/p><p>10 to 16 May, from 12.00 noon - Mundiavocat: Football World Cup for Lawyers. Ciudad Deportiva Guillermo Amor and Campos Antonio L\u00f3pez Guerrero. Lawyers in jerseys instead of suits: the Football World Cup for Lawyers will be held in Benidorm. <br \/>The opening ceremony will take place on 10 May at 10.30 a.m. in the Auditorio \u00d3scar Espl\u00e1 in the Parque de l'Aig\u00fcera. At 12.00 noon, the competition will begin on the city's football pitches.<\/p><p>14 May, 19.00 - Book presentation: Polvo de \u00c1nima y otros poemas. Biblioteca Central de Benidorm. Pablo Jankovich Ramos presents his poetry collection \u201ePolvo de \u00c1nima y otros poemas\u201c. An evening for all those who see poetry not as compulsory reading, but as a short break from the normal weekly rhythm.<\/p><p>17 May, 20.00 - Theatre: Paloma San Basilio - Dulcinea. Centro Cultural de Benidorm. Paloma San Basilio comes to Benidorm with \u201eDulcinea\u201c. The play gives a well-known literary character her own voice - with music, theatre and a stagewoman who knows how to hold an audience. Musical direction: Julio Awad, stage direction: Juan Carlos Rubio. Tickets are available from Vivaticket or the Concejal\u00eda de Cultura.<\/p><p>18 to 29 May, 11.00 a.m. - Exhibition: CHO-KOLLAGES. Espai d'Art, Ayuntamiento de Benidorm. Juana Mart\u00ednez V\u00e1zquez shows with \u201eCHO-KOLLAGES\u201c a work between collage, material and colour. The exhibition runs from 18 to 29 May. The opening is on 19 May at 11.00 am. Everyday materials make their second appearance here - this time not in the cupboard, but on the wall.<\/p>\t\t\t\t\t\t\t\t<\/div>\n\t\t\t\t<\/div>\n\t\t\t\t<\/div>\n\t\t\t\t\t<\/div>\n\t\t\t\t<\/div>\n\t\t<div class=\"elementor-element elementor-element-b4b88fd e-flex e-con-boxed e-con e-parent\" data-id=\"b4b88fd\" data-element_type=\"container\" data-e-type=\"container\">\n\t\t\t\t\t<div class=\"e-con-inner\">\n\t\t<div class=\"elementor-element elementor-element-714d34b e-con-full e-flex e-con e-child\" data-id=\"714d34b\" data-element_type=\"container\" data-e-type=\"container\">\n\t\t\t\t<div class=\"elementor-element elementor-element-04b6c50 elementor-widget elementor-widget-heading\" data-id=\"04b6c50\" data-element_type=\"widget\" data-e-type=\"widget\" data-widget_type=\"heading.default\">\n\t\t\t\t<div class=\"elementor-widget-container\">\n\t\t\t\t\t<h3 class=\"elementor-heading-title elementor-size-default\">Alicante<\/h3>\t\t\t\t<\/div>\n\t\t\t\t<\/div>\n\t\t\t\t<div class=\"elementor-element elementor-element-dac700d elementor-widget__width-initial elementor-widget elementor-widget-text-editor\" data-id=\"dac700d\" data-element_type=\"widget\" data-e-type=\"widget\" data-widget_type=\"text-editor.default\">\n\t\t\t\t<div class=\"elementor-widget-container\">\n\t\t\t\t\t\t\t\t\t<p>Until 3 May - JazzDay Alicante. Alicante, various venues \/ Closing at the Teatro Principal. There is a programme of almost twenty activities around the International Jazz Day. Jazz not as background music, but as the talk of the town.<\/p><p>03 May, 12.00 noon - Concert by the Banda Sinf\u00f3nica Municipal de Alicante <br \/>ADDA - Auditorio de la Diputaci\u00f3n de Alicante. The Banda Sinf\u00f3nica Municipal plays with soloists David Mart\u00edn Mar\u00edn on tuba and Pablo Mart\u00ednez del Cerro on bombardino. Classical music at lunchtime - without fuss, but with a good sound.<\/p><p>06 May, 18.30 - Audici\u00f3n de alumnos del Conservatorio \u00d3scar Espl\u00e1 <br \/>Caja Negra, Las Cigarreras Cultural Centre. Pupils from the Conservatorio \u00d3scar Espl\u00e1 show off their skills with brass instruments and percussion. Free admission up to capacity.<\/p><p>06 to 10 May - Feria del Libro de Alicante. Espacio S\u00e9neca, Alicante, Around thirty stands and more than 200 activities: book signings, meetings, readings and programmes for different age groups. For all those who not only want to buy books, but also discuss them.<\/p><p>07 to 10 May - A contraluz. Muestra de cine in\u00e9dito. Alicante \/ Centro Cultural Las Cigarreras. The film series is dedicated to lesser-known cinema. The programme starts on 7 May at 20:00 with a discussion on cinema and meditation with David Victori; further screenings will follow from 8 May in the Caja Negra.<\/p><p>08 to 09 May, 6.30 pm - Cultura en Barrios: Obras maestras del cine universal. Alicante, district programme \/ location according to programme. Classics of international cinema with a social perspective, including comedy and drama. The films are not only shown, but also discussed.<\/p><p>08 to 09 May, 6.30 pm - Cultura en Barrios: Trenzando cuentos <br \/>Alicante, district programme \/ location according to programme. Miguel \u00c1ngel Montilla tells stories with poetic memory and a flair for the oral. Good storytelling doesn't need a big stage, but attentive listeners.<\/p><p>Until 10 May - Exhibition \u201eUna mirada, una emoci\u00f3n\u201c Sala de Exposiciones de La Lonja del Pescado, Alicante. The exhibition shows works from the XIV Certamen Nacional and the XI Certamen Internacional de Pintura \u201eMiradas\u201c organised by the Fundaci\u00f3n Jorge Ali\u00f3 para la Prevenci\u00f3n de la Ceguera. Art with a clear background: seeing, perceiving and the value of the gaze.<\/p><p>15 May, 21.00 - Double concert: This House and Disciplina Limitar <br \/>Caja Negra, Centro Cultural Las Cigarreras. This House with G.W. Sok, Ignacio Cordoba, S\u00f8ren H\u00f8i and Kristian Tangvik present their album \u201eSoft Rains Will Come\u201c. Disciplina Limitar will also be playing. Admission: 8\/10 euros, on sale at the box office.<\/p><p>Until 23 May, 10.00 to 21.30 - Exhibition \u201eLa firmeza de un instante\u201c. Caja Blanca, Centro Cultural Las Cigarreras. Jes\u00fas Madri\u00f1\u00e1n shows central photographic works. A format for all those who do not see portraits, light and the present as separate things.<\/p><p>Until 24 May - Exhibition \u201eTestimonio documental de \u00d3scar Espl\u00e1 y Emilio Varela\u201c. Archivo Municipal de Alicante. As part of the A\u00f1o Varela-Espl\u00e1, the Municipal Archive is showing documents relating to \u00d3scar Espl\u00e1 and Emilio Varela. Cultural history from Alicante, quietly, but certainly productive.<\/p><p>From 24 April to 31 May - Exhibition \u201eLa balada de Hugo Pratt\u201c <br \/>Espacio S\u00e9neca, Alicante. The Espacio S\u00e9neca is dedicating an exhibition to the Italian illustrator Hugo Pratt. For all those who have never seen comics as a minor matter.<\/p><p>From 30 April to 26 June, 20:00 - Poetry Slam Alicante. Centro Cultural Las Cigarreras. At the VII Torneo Poetry Slam Alicante, language becomes a matter for the stage. A few minutes, direct impact, and at the end the audience has a say.<\/p><p>From 10 April to 22 August - Exhibition \u201eLa romer\u00eda de los cornudos\u201c <br \/>Alicante, exhibition venue according to the programme. The starting point is the ballet of the same name by Garc\u00eda Lorca and Rivas Cherif from 1933, which gives rise to an idiosyncratic exploration of Romer\u00eda del Roc\u00edo and Do\u00f1ana - via video, dance, music and costume. Not a folklore decal, but art with friction<\/p>\t\t\t\t\t\t\t\t<\/div>\n\t\t\t\t<\/div>\n\t\t\t\t<div class=\"elementor-element elementor-element-5725728 elementor-widget elementor-widget-heading\" data-id=\"5725728\" data-element_type=\"widget\" data-e-type=\"widget\" data-widget_type=\"heading.default\">\n\t\t\t\t<div class=\"elementor-widget-container\">\n\t\t\t\t\t<h3 class=\"elementor-heading-title elementor-size-default\">Torrevieja<\/h3>\t\t\t\t<\/div>\n\t\t\t\t<\/div>\n\t\t\t\t<div class=\"elementor-element elementor-element-9aad2bb elementor-widget__width-initial elementor-widget elementor-widget-text-editor\" data-id=\"9aad2bb\" data-element_type=\"widget\" data-e-type=\"widget\" data-widget_type=\"text-editor.default\">\n\t\t\t\t<div class=\"elementor-widget-container\">\n\t\t\t\t\t\t\t\t\t<p>03 May, 19.00 - PANGEA: Abraham Cupeiro &amp; Orquesta Arnova Ensemble <br \/>Auditorio Internacional de Torrevieja. Historic instruments, large orchestra, lots of sound: Abraham Cupeiro and the Arnova Ensemble bring a concert to the stage that doesn't sound like a standard programme.<\/p><p>05 May, 7.30 pm - Vespro della Beata Vergine by Claudio Monteverdi <br \/>Auditorio Internacional de Torrevieja. The Capella de Ministrers under the direction of Carles Magraner is dedicated to Monteverdi. Early music, great voices, concentrated atmosphere - not an evening to be listened to in passing.<\/p><p>07 to 10 May, from 12.00 noon - Feria de Mayo Torrevieja, Parque Antonio Soria, Torrevieja. For four days, the plaza becomes a meeting place with Andalusian rhythms: casetas, sevillanas, flamenco, horses,... The Feria is a festival that quickly gets the crowd moving. The festival has its roots in the Andalusian feria tradition, but in Torrevieja it is much more open and accessible than its big role model in Seville. The casetas are meeting places, not closed societies. The festival becomes particularly lively in the early evening. Then the streets fill up, the music gets louder, the lights come on and the feria takes on a second character: less family afternoon, more Spanish festive evening. If you want to experience the full feria, come on Friday or Saturday after 9.00 pm.<\/p><p>Please note! Parking around the site can be difficult on the main evenings. Arrive early, park a little further away or take a taxi. Cash is also useful, as card payment is not accepted everywhere.<\/p><p>09 May, 19.00 - Gala D\u00eda de Europa. Auditorio Internacional de Torrevieja. Europe Day at the Auditorio: In Torrevieja, where many European residents live, this is not just a protocol event, but an evening with an international audience.<\/p><p>10 May, 12.00 noon - Casanovas Orquesta: Un Conciertazo para Todos <br \/>Teatro Municipal de Torrevieja. Concert at lunchtime, expressly intended for everyone. The Casanovas Orquesta focusses on momentum instead of stiff Sunday duties.<\/p><p>14 May, 20.00 - Sabor &amp; Cultura. Teatro Municipal de Torrevieja. Gastronomy meets culture. An evening that is not just about the stage, but also about how Torrevieja brings together enjoyment and programme.<\/p><p>16 May, 20.00 - Los Salerosos: El Gran Guateque - M\u00fasica para Bailar <br \/>Teatro Municipal de Torrevieja. The title sets the tone: Music for dancing, memories of great dance evenings and a guateque that is not made for sitting still.<\/p><p>17 May, 12.00 pm - UMT &amp; Johan de Meij. Teatro Municipal de Torrevieja. <br \/>The Uni\u00f3n Musical Torrevejense meets Johan de Meij. Local ensemble, international name - a concert with more weight than just Sunday music.<\/p><p>23 May, 19.00 - OST: Brahms. Auditorio Internacional de Torrevieja. The Orquesta Sinf\u00f3nica de Torrevieja dedicates itself to Brahms. Big sound, clear framework, a programme without unnecessary effects.<\/p><p>23 May, 20.00 - Theatre: Mitad y Mitad. Teatro Municipal de Torrevieja <br \/>Theatre instead of symphonies: \u201eMitad y Mitad\u201c is on the programme that evening at the Teatro Municipal. Torrevieja doesn't make the choice any easier.<\/p><p>24 May, 20.00 - Theatre: Mejor no decirlo. Teatro Municipal de Torrevieja. <br \/>Sometimes half the punchline is in the title. \u201eMejor no decirlo\u201c sounds like theatre where not everything has to be said.<\/p><p>29 May, 8.30pm - David Dom\u00ednguez: El raro de los 90\u2019s. Auditorio Internacional de Torrevieja. A mon\u00f3logo for all those who not only experienced the 90s, but survived them. David Dom\u00ednguez looks back - quirky, direct and highly recognisable.<\/p><p>30 May, 9.30 a.m. - Competici\u00f3n Nacional de Artes Esc\u00e9nicas <br \/>Teatro Municipal de Torrevieja. Early start, lots of stage: the national competition showcases dance, expression and young talent. A date for everyone who wants to see what is happening in the young talent sector.<\/p><p>31 May, 18.00 - El Mago Invisible: Nada es lo que parece. Location not specified. Magic at the end of the month. \u201eNada es lo que parece\u201c promises illusion, surprise and probably a few very sceptical looks from the audience.<\/p>\t\t\t\t\t\t\t\t<\/div>\n\t\t\t\t<\/div>\n\t\t\t\t<\/div>\n\t\t<div class=\"elementor-element elementor-element-1497975 e-con-full e-flex e-con e-child\" data-id=\"1497975\" data-element_type=\"container\" data-e-type=\"container\">\n\t\t\t\t<div class=\"elementor-element elementor-element-c9f8b51 elementor-widget__width-initial elementor-widget elementor-widget-gallery\" data-id=\"c9f8b51\" data-element_type=\"widget\" data-e-type=\"widget\" data-settings=\"{&quot;columns&quot;:1,&quot;gallery_layout&quot;:&quot;masonry&quot;,&quot;gap&quot;:{&quot;unit&quot;:&quot;px&quot;,&quot;size&quot;:5,&quot;sizes&quot;:[]},&quot;lazyload&quot;:&quot;yes&quot;,&quot;columns_tablet&quot;:2,&quot;columns_mobile&quot;:1,&quot;gap_tablet&quot;:{&quot;unit&quot;:&quot;px&quot;,&quot;size&quot;:10,&quot;sizes&quot;:[]},&quot;gap_mobile&quot;:{&quot;unit&quot;:&quot;px&quot;,&quot;size&quot;:10,&quot;sizes&quot;:[]},&quot;link_to&quot;:&quot;file&quot;,&quot;overlay_background&quot;:&quot;yes&quot;,&quot;content_hover_animation&quot;:&quot;fade-in&quot;}\" data-widget_type=\"gallery.default\">\n\t\t\t\t<div class=\"elementor-widget-container\">\n\t\t\t\t\t\t\t<div class=\"elementor-gallery__container\">\n\t\t\t\t\t\t\t<a class=\"e-gallery-item elementor-gallery-item elementor-animated-content\" href=\"https:\/\/costablanca-magazin.com\/wp-content\/uploads\/2026\/05\/5instagram-story.jpg\" data-elementor-open-lightbox=\"yes\" data-elementor-lightbox-slideshow=\"c9f8b51\" data-elementor-lightbox-title=\"5instagram-story\" data-elementor-lightbox-description=\"Veranstaltungen Costa Blanca \u2013 Mai 2026  \" data-e-action-hash=\"#elementor-action%3Aaction%3Dlightbox%26settings%3DeyJpZCI6MTE0ODksInVybCI6Imh0dHBzOlwvXC9jb3N0YWJsYW5jYS1tYWdhemluLmNvbVwvd3AtY29udGVudFwvdXBsb2Fkc1wvMjAyNlwvMDVcLzVpbnN0YWdyYW0tc3RvcnkuanBnIiwic2xpZGVzaG93IjoiYzlmOGI1MSJ9\">\n\t\t\t\t\t<div class=\"e-gallery-image elementor-gallery-item__image\" data-thumbnail=\"https:\/\/costablanca-magazin.com\/wp-content\/uploads\/2026\/05\/5instagram-story-1152x2048.jpg\" data-width=\"1152\" data-height=\"2048\" aria-label=\"Poster promoting an exhibition titled &#039;LAS CIGARRERAS&#039; by Jes\u00fas Madri\u00f1\u00e1n (21\/02-23\/05). Features a close-up selfie of two young people on the left and descriptive text with logos on the right.\" role=\"img\" ><\/div>\n\t\t\t\t\t\t\t\t\t\t\t<div class=\"elementor-gallery-item__overlay\"><\/div>\n\t\t\t\t\t\t\t\t\t\t\t\t\t\t<\/a>\n\t\t\t\t\t\t\t<a class=\"e-gallery-item elementor-gallery-item elementor-animated-content\" href=\"https:\/\/costablanca-magazin.com\/wp-content\/uploads\/2026\/05\/3-Expo-Aun-susurra-tu-jardin-Fins-al-10.jpg\" data-elementor-open-lightbox=\"yes\" data-elementor-lightbox-slideshow=\"c9f8b51\" data-elementor-lightbox-title=\"3- Expo Aun susurra tu jard\u00edn Fins al 10\" data-elementor-lightbox-description=\"Veranstaltungen Costa Blanca \u2013 Mai 2026  \" data-e-action-hash=\"#elementor-action%3Aaction%3Dlightbox%26settings%3DeyJpZCI6MTE0ODcsInVybCI6Imh0dHBzOlwvXC9jb3N0YWJsYW5jYS1tYWdhemluLmNvbVwvd3AtY29udGVudFwvdXBsb2Fkc1wvMjAyNlwvMDVcLzMtRXhwby1BdW4tc3VzdXJyYS10dS1qYXJkaW4tRmlucy1hbC0xMC5qcGciLCJzbGlkZXNob3ciOiJjOWY4YjUxIn0%3D\">\n\t\t\t\t\t<div class=\"e-gallery-image elementor-gallery-item__image\" data-thumbnail=\"https:\/\/costablanca-magazin.com\/wp-content\/uploads\/2026\/05\/3-Expo-Aun-susurra-tu-jardin-Fins-al-10.jpg\" data-width=\"1080\" data-height=\"1350\" aria-label=\"Cartel de exposici\u00f3n: &#039;A\u00daN SUSURRA TU JARD\u00cdN&#039; de Susana Garc\u00eda Ungo, con un collage de im\u00e1genes florales abstractas en tonos rosa, azul y pastel.\" role=\"img\" ><\/div>\n\t\t\t\t\t\t\t\t\t\t\t<div class=\"elementor-gallery-item__overlay\"><\/div>\n\t\t\t\t\t\t\t\t\t\t\t\t\t\t<\/a>\n\t\t\t\t\t\t\t<a class=\"e-gallery-item elementor-gallery-item elementor-animated-content\" href=\"https:\/\/costablanca-magazin.com\/wp-content\/uploads\/2026\/05\/Kraken.jpg\" data-elementor-open-lightbox=\"yes\" data-elementor-lightbox-slideshow=\"c9f8b51\" data-elementor-lightbox-title=\"Kraken\" data-elementor-lightbox-description=\"Veranstaltungen Costa Blanca \u2013 Mai 2026  \" data-e-action-hash=\"#elementor-action%3Aaction%3Dlightbox%26settings%3DeyJpZCI6MTE1MTIsInVybCI6Imh0dHBzOlwvXC9jb3N0YWJsYW5jYS1tYWdhemluLmNvbVwvd3AtY29udGVudFwvdXBsb2Fkc1wvMjAyNlwvMDVcL0tyYWtlbi5qcGciLCJzbGlkZXNob3ciOiJjOWY4YjUxIn0%3D\">\n\t\t\t\t\t<div class=\"e-gallery-image elementor-gallery-item__image\" data-thumbnail=\"https:\/\/costablanca-magazin.com\/wp-content\/uploads\/2026\/05\/Kraken.jpg\" data-width=\"735\" data-height=\"1056\" aria-label=\"Events Costa Blanca - May 2026\" role=\"img\" ><\/div>\n\t\t\t\t\t\t\t\t\t\t\t<div class=\"elementor-gallery-item__overlay\"><\/div>\n\t\t\t\t\t\t\t\t\t\t\t\t\t\t<\/a>\n\t\t\t\t\t\t\t<a class=\"e-gallery-item elementor-gallery-item elementor-animated-content\" href=\"https:\/\/costablanca-magazin.com\/wp-content\/uploads\/2026\/05\/romeria.png\" data-elementor-open-lightbox=\"yes\" data-elementor-lightbox-slideshow=\"c9f8b51\" data-elementor-lightbox-title=\"Veranstaltungen Costa Blanca \u2013 Mai 2026\" data-elementor-lightbox-description=\"Veranstaltungen Costa Blanca \u2013 Mai 2026  \" data-e-action-hash=\"#elementor-action%3Aaction%3Dlightbox%26settings%3DeyJpZCI6MTE1MTcsInVybCI6Imh0dHBzOlwvXC9jb3N0YWJsYW5jYS1tYWdhemluLmNvbVwvd3AtY29udGVudFwvdXBsb2Fkc1wvMjAyNlwvMDVcL3JvbWVyaWEucG5nIiwic2xpZGVzaG93IjoiYzlmOGI1MSJ9\">\n\t\t\t\t\t<div class=\"e-gallery-image elementor-gallery-item__image\" data-thumbnail=\"https:\/\/costablanca-magazin.com\/wp-content\/uploads\/2026\/05\/romeria.png\" data-width=\"300\" data-height=\"200\" aria-label=\"Events Costa Blanca - May 2026\" role=\"img\" ><\/div>\n\t\t\t\t\t\t\t\t\t\t\t<div class=\"elementor-gallery-item__overlay\"><\/div>\n\t\t\t\t\t\t\t\t\t\t\t\t\t\t<\/a>\n\t\t\t\t\t\t\t<a class=\"e-gallery-item elementor-gallery-item elementor-animated-content\" href=\"https:\/\/costablanca-magazin.com\/wp-content\/uploads\/2026\/05\/fla-cartel-2026.jpg\" data-elementor-open-lightbox=\"yes\" data-elementor-lightbox-slideshow=\"c9f8b51\" data-elementor-lightbox-title=\"fla-cartel-2026\" data-elementor-lightbox-description=\"Veranstaltungen Costa Blanca \u2013 Mai 2026  \" data-e-action-hash=\"#elementor-action%3Aaction%3Dlightbox%26settings%3DeyJpZCI6MTE1MDgsInVybCI6Imh0dHBzOlwvXC9jb3N0YWJsYW5jYS1tYWdhemluLmNvbVwvd3AtY29udGVudFwvdXBsb2Fkc1wvMjAyNlwvMDVcL2ZsYS1jYXJ0ZWwtMjAyNi5qcGciLCJzbGlkZXNob3ciOiJjOWY4YjUxIn0%3D\">\n\t\t\t\t\t<div class=\"e-gallery-image elementor-gallery-item__image\" data-thumbnail=\"https:\/\/costablanca-magazin.com\/wp-content\/uploads\/2026\/05\/fla-cartel-2026-1317x2048.jpg\" data-width=\"1317\" data-height=\"2048\" aria-label=\"Events Costa Blanca - May 2026\" role=\"img\" ><\/div>\n\t\t\t\t\t\t\t\t\t\t\t<div class=\"elementor-gallery-item__overlay\"><\/div>\n\t\t\t\t\t\t\t\t\t\t\t\t\t\t<\/a>\n\t\t\t\t\t\t\t<a class=\"e-gallery-item elementor-gallery-item elementor-animated-content\" href=\"https:\/\/costablanca-magazin.com\/wp-content\/uploads\/2026\/05\/imagen-la-Ternura-768x512-1.webp\" data-elementor-open-lightbox=\"yes\" data-elementor-lightbox-slideshow=\"c9f8b51\" data-elementor-lightbox-title=\"imagen-la-TVeranstaltungen Costa Blanca \u2013 Mai 2026  ernura-768x512\" data-elementor-lightbox-description=\"Veranstaltungen Costa Blanca \u2013 Mai 2026  \" data-e-action-hash=\"#elementor-action%3Aaction%3Dlightbox%26settings%3DeyJpZCI6MTE1MTEsInVybCI6Imh0dHBzOlwvXC9jb3N0YWJsYW5jYS1tYWdhemluLmNvbVwvd3AtY29udGVudFwvdXBsb2Fkc1wvMjAyNlwvMDVcL2ltYWdlbi1sYS1UZXJudXJhLTc2OHg1MTItMS53ZWJwIiwic2xpZGVzaG93IjoiYzlmOGI1MSJ9\">\n\t\t\t\t\t<div class=\"e-gallery-image elementor-gallery-item__image\" data-thumbnail=\"https:\/\/costablanca-magazin.com\/wp-content\/uploads\/2026\/05\/imagen-la-Ternura-768x512-1.webp\" data-width=\"768\" data-height=\"512\" aria-label=\"Events Costa Blanca - May 2026\" role=\"img\" ><\/div>\n\t\t\t\t\t\t\t\t\t\t\t<div class=\"elementor-gallery-item__overlay\"><\/div>\n\t\t\t\t\t\t\t\t\t\t\t\t\t\t<\/a>\n\t\t\t\t\t\t\t<a class=\"e-gallery-item elementor-gallery-item elementor-animated-content\" href=\"https:\/\/costablanca-magazin.com\/wp-content\/uploads\/2026\/05\/El-diablo-viste-de-.jpg\" data-elementor-open-lightbox=\"yes\" data-elementor-lightbox-slideshow=\"c9f8b51\" data-elementor-lightbox-title=\"El-diablo-viste-de-\" data-elementor-lightbox-description=\"#image_title\" data-e-action-hash=\"#elementor-action%3Aaction%3Dlightbox%26settings%3DeyJpZCI6MTE1MDcsInVybCI6Imh0dHBzOlwvXC9jb3N0YWJsYW5jYS1tYWdhemluLmNvbVwvd3AtY29udGVudFwvdXBsb2Fkc1wvMjAyNlwvMDVcL0VsLWRpYWJsby12aXN0ZS1kZS0uanBnIiwic2xpZGVzaG93IjoiYzlmOGI1MSJ9\">\n\t\t\t\t\t<div class=\"e-gallery-image elementor-gallery-item__image\" data-thumbnail=\"https:\/\/costablanca-magazin.com\/wp-content\/uploads\/2026\/05\/El-diablo-viste-de-.jpg\" data-width=\"736\" data-height=\"920\" aria-label=\"\" role=\"img\" ><\/div>\n\t\t\t\t\t\t\t\t\t\t\t<div class=\"elementor-gallery-item__overlay\"><\/div>\n\t\t\t\t\t\t\t\t\t\t\t\t\t\t<\/a>\n\t\t\t\t\t<\/div>\n\t\t\t\t\t<\/div>\n\t\t\t\t<\/div>\n\t\t\t\t<\/div>\n\t\t\t\t\t<\/div>\n\t\t\t\t<\/div>\n\t\t<div class=\"elementor-element elementor-element-902656d e-flex e-con-boxed e-con e-parent\" data-id=\"902656d\" data-element_type=\"container\" data-e-type=\"container\">\n\t\t\t\t\t<div class=\"e-con-inner\">\n\t\t\t\t<div class=\"elementor-element elementor-element-62ef34c elementor-share-buttons--view-icon elementor-share-buttons--skin-gradient elementor-share-buttons--shape-square elementor-grid-0 elementor-share-buttons--color-official elementor-widget elementor-widget-share-buttons\" data-id=\"62ef34c\" data-element_type=\"widget\" data-e-type=\"widget\" data-widget_type=\"share-buttons.default\">\n\t\t\t\t<div class=\"elementor-widget-container\">\n\t\t\t\t\t\t\t<div class=\"elementor-grid\" role=\"list\">\n\t\t\t\t\t\t\t\t<div class=\"elementor-grid-item\" role=\"listitem\">\n\t\t\t\t\t\t<div class=\"elementor-share-btn elementor-share-btn_facebook\" role=\"button\" tabindex=\"0\" aria-label=\"Share on facebook\">\n\t\t\t\t\t\t\t\t\t\t\t\t\t\t\t<span class=\"elementor-share-btn__icon\">\n\t\t\t\t\t\t\t\t<svg aria-hidden=\"true\" class=\"e-font-icon-svg e-fab-facebook\" viewbox=\"0 0 512 512\" xmlns=\"http:\/\/www.w3.org\/2000\/svg\"><path d=\"M504 256C504 119 393 8 256 8S8 119 8 256c0 123.78 90.69 226.38 209.25 245V327.69h-63V256h63v-54.64c0-62.15 37-96.48 93.67-96.48 27.14 0 55.52 4.84 55.52 4.84v61h-31.28c-30.8 0-40.41 19.12-40.41 38.73V256h68.78l-11 71.69h-57.78V501C413.31 482.38 504 379.78 504 256z\"><\/path><\/svg>\t\t\t\t\t\t\t<\/span>\n\t\t\t\t\t\t\t\t\t\t\t\t\t\t\t\t\t\t\t\t<\/div>\n\t\t\t\t\t<\/div>\n\t\t\t\t\t\t\t\t\t<div class=\"elementor-grid-item\" role=\"listitem\">\n\t\t\t\t\t\t<div class=\"elementor-share-btn elementor-share-btn_pinterest\" role=\"button\" tabindex=\"0\" aria-label=\"Share on pinterest\">\n\t\t\t\t\t\t\t\t\t\t\t\t\t\t\t<span class=\"elementor-share-btn__icon\">\n\t\t\t\t\t\t\t\t<svg aria-hidden=\"true\" class=\"e-font-icon-svg e-fab-pinterest\" viewbox=\"0 0 496 512\" xmlns=\"http:\/\/www.w3.org\/2000\/svg\"><path d=\"M496 256c0 137-111 248-248 248-25.6 0-50.2-3.9-73.4-11.1 10.1-16.5 25.2-43.5 30.8-65 3-11.6 15.4-59 15.4-59 8.1 15.4 31.7 28.5 56.8 28.5 74.8 0 128.7-68.8 128.7-154.3 0-81.9-66.9-143.2-152.9-143.2-107 0-163.9 71.8-163.9 150.1 0 36.4 19.4 81.7 50.3 96.1 4.7 2.2 7.2 1.2 8.3-3.3.8-3.4 5-20.3 6.9-28.1.6-2.5.3-4.7-1.7-7.1-10.1-12.5-18.3-35.3-18.3-56.6 0-54.7 41.4-107.6 112-107.6 60.9 0 103.6 41.5 103.6 100.9 0 67.1-33.9 113.6-78 113.6-24.3 0-42.6-20.1-36.7-44.8 7-29.5 20.5-61.3 20.5-82.6 0-19-10.2-34.9-31.4-34.9-24.9 0-44.9 25.7-44.9 60.2 0 22 7.4 36.8 7.4 36.8s-24.5 103.8-29 123.2c-5 21.4-3 51.6-.9 71.2C65.4 450.9 0 361.1 0 256 0 119 111 8 248 8s248 111 248 248z\"><\/path><\/svg>\t\t\t\t\t\t\t<\/span>\n\t\t\t\t\t\t\t\t\t\t\t\t\t\t\t\t\t\t\t\t<\/div>\n\t\t\t\t\t<\/div>\n\t\t\t\t\t\t\t\t\t<div class=\"elementor-grid-item\" role=\"listitem\">\n\t\t\t\t\t\t<div class=\"elementor-share-btn elementor-share-btn_x-twitter\" role=\"button\" tabindex=\"0\" aria-label=\"Share on x-twitter\">\n\t\t\t\t\t\t\t\t\t\t\t\t\t\t\t<span class=\"elementor-share-btn__icon\">\n\t\t\t\t\t\t\t\t<svg aria-hidden=\"true\" class=\"e-font-icon-svg e-fab-x-twitter\" viewbox=\"0 0 512 512\" xmlns=\"http:\/\/www.w3.org\/2000\/svg\"><path d=\"M389.2 48h70.6L305.6 224.2 487 464H345L233.7 318.6 106.5 464H35.8L200.7 275.5 26.8 48H172.4L272.9 180.9 389.2 48zM364.4 421.8h39.1L151.1 88h-42L364.4 421.8z\"><\/path><\/svg>\t\t\t\t\t\t\t<\/span>\n\t\t\t\t\t\t\t\t\t\t\t\t\t\t\t\t\t\t\t\t<\/div>\n\t\t\t\t\t<\/div>\n\t\t\t\t\t\t\t\t\t<div class=\"elementor-grid-item\" role=\"listitem\">\n\t\t\t\t\t\t<div class=\"elementor-share-btn elementor-share-btn_whatsapp\" role=\"button\" tabindex=\"0\" aria-label=\"Share on whatsapp\">\n\t\t\t\t\t\t\t\t\t\t\t\t\t\t\t<span class=\"elementor-share-btn__icon\">\n\t\t\t\t\t\t\t\t<svg aria-hidden=\"true\" class=\"e-font-icon-svg e-fab-whatsapp\" viewbox=\"0 0 448 512\" xmlns=\"http:\/\/www.w3.org\/2000\/svg\"><path d=\"M380.9 97.1C339 55.1 283.2 32 223.9 32c-122.4 0-222 99.6-222 222 0 39.1 10.2 77.3 29.6 111L0 480l117.7-30.9c32.4 17.7 68.9 27 106.1 27h.1c122.3 0 224.1-99.6 224.1-222 0-59.3-25.2-115-67.1-157zm-157 341.6c-33.2 0-65.7-8.9-94-25.7l-6.7-4-69.8 18.3L72 359.2l-4.4-7c-18.5-29.4-28.2-63.3-28.2-98.2 0-101.7 82.8-184.5 184.6-184.5 49.3 0 95.6 19.2 130.4 54.1 34.8 34.9 56.2 81.2 56.1 130.5 0 101.8-84.9 184.6-186.6 184.6zm101.2-138.2c-5.5-2.8-32.8-16.2-37.9-18-5.1-1.9-8.8-2.8-12.5 2.8-3.7 5.6-14.3 18-17.6 21.8-3.2 3.7-6.5 4.2-12 1.4-32.6-16.3-54-29.1-75.5-66-5.7-9.8 5.7-9.1 16.3-30.3 1.8-3.7.9-6.9-.5-9.7-1.4-2.8-12.5-30.1-17.1-41.2-4.5-10.8-9.1-9.3-12.5-9.5-3.2-.2-6.9-.2-10.6-.2-3.7 0-9.7 1.4-14.8 6.9-5.1 5.6-19.4 19-19.4 46.3 0 27.3 19.9 53.7 22.6 57.4 2.8 3.7 39.1 59.7 94.8 83.8 35.2 15.2 49 16.5 66.6 13.9 10.7-1.6 32.8-13.4 37.4-26.4 4.6-13 4.6-24.1 3.2-26.4-1.3-2.5-5-3.9-10.5-6.6z\"><\/path><\/svg>\t\t\t\t\t\t\t<\/span>\n\t\t\t\t\t\t\t\t\t\t\t\t\t\t\t\t\t\t\t\t<\/div>\n\t\t\t\t\t<\/div>\n\t\t\t\t\t\t\t\t\t<div class=\"elementor-grid-item\" role=\"listitem\">\n\t\t\t\t\t\t<div class=\"elementor-share-btn elementor-share-btn_email\" role=\"button\" tabindex=\"0\" aria-label=\"Share on email\">\n\t\t\t\t\t\t\t\t\t\t\t\t\t\t\t<span class=\"elementor-share-btn__icon\">\n\t\t\t\t\t\t\t\t<svg aria-hidden=\"true\" class=\"e-font-icon-svg e-fas-envelope\" viewbox=\"0 0 512 512\" xmlns=\"http:\/\/www.w3.org\/2000\/svg\"><path d=\"M502.3 190.8c3.9-3.1 9.7-.2 9.7 4.7V400c0 26.5-21.5 48-48 48H48c-26.5 0-48-21.5-48-48V195.6c0-5 5.7-7.8 9.7-4.7 22.4 17.4 52.1 39.5 154.1 113.6 21.1 15.4 56.7 47.8 92.2 47.6 35.7.3 72-32.8 92.3-47.6 102-74.1 131.6-96.3 154-113.7zM256 320c23.2.4 56.6-29.2 73.4-41.4 132.7-96.3 142.8-104.7 173.4-128.7 5.8-4.5 9.2-11.5 9.2-18.9v-19c0-26.5-21.5-48-48-48H48C21.5 64 0 85.5 0 112v19c0 7.4 3.4 14.3 9.2 18.9 30.6 23.9 40.7 32.4 173.4 128.7 16.8 12.2 50.2 41.8 73.4 41.4z\"><\/path><\/svg>\t\t\t\t\t\t\t<\/span>\n\t\t\t\t\t\t\t\t\t\t\t\t\t\t\t\t\t\t\t\t<\/div>\n\t\t\t\t\t<\/div>\n\t\t\t\t\t\t\t\t\t<div class=\"elementor-grid-item\" role=\"listitem\">\n\t\t\t\t\t\t<div class=\"elementor-share-btn elementor-share-btn_print\" role=\"button\" tabindex=\"0\" aria-label=\"Share on print\">\n\t\t\t\t\t\t\t\t\t\t\t\t\t\t\t<span class=\"elementor-share-btn__icon\">\n\t\t\t\t\t\t\t\t<svg aria-hidden=\"true\" class=\"e-font-icon-svg e-fas-print\" viewbox=\"0 0 512 512\" xmlns=\"http:\/\/www.w3.org\/2000\/svg\"><path d=\"M448 192V77.25c0-8.49-3.37-16.62-9.37-22.63L393.37 9.37c-6-6-14.14-9.37-22.63-9.37H96C78.33 0 64 14.33 64 32v160c-35.35 0-64 28.65-64 64v112c0 8.84 7.16 16 16 16h48v96c0 17.67 14.33 32 32 32h320c17.67 0 32-14.33 32-32v-96h48c8.84 0 16-7.16 16-16V256c0-35.35-28.65-64-64-64zm-64 256H128v-96h256v96zm0-224H128V64h192v48c0 8.84 7.16 16 16 16h48v96zm48 72c-13.25 0-24-10.75-24-24 0-13.26 10.75-24 24-24s24 10.74 24 24c0 13.25-10.75 24-24 24z\"><\/path><\/svg>\t\t\t\t\t\t\t<\/span>\n\t\t\t\t\t\t\t\t\t\t\t\t\t\t\t\t\t\t\t\t<\/div>\n\t\t\t\t\t<\/div>\n\t\t\t\t\t\t<\/div>\n\t\t\t\t\t\t<\/div>\n\t\t\t\t<\/div>\n\t\t\t\t\t<\/div>\n\t\t\t\t<\/div>\n\t\t<div class=\"elementor-element elementor-element-920a5d7 e-flex e-con-boxed e-con e-parent\" data-id=\"920a5d7\" data-element_type=\"container\" data-e-type=\"container\">\n\t\t\t\t\t<div class=\"e-con-inner\">\n\t\t\t\t<div class=\"elementor-element elementor-element-487fa2c elementor-widget-divider--separator-type-pattern elementor-widget-divider--view-line elementor-widget elementor-widget-divider\" data-id=\"487fa2c\" data-element_type=\"widget\" data-e-type=\"widget\" data-widget_type=\"divider.default\">\n\t\t\t\t<div class=\"elementor-widget-container\">\n\t\t\t\t\t\t\t<div class=\"elementor-divider\" style=\"--divider-pattern-url: url(&quot;data:image\/svg+xml,%3Csvg xmlns=&#039;http:\/\/www.w3.org\/2000\/svg&#039; preserveAspectRatio=&#039;none&#039; overflow=&#039;visible&#039; height=&#039;100%&#039; viewBox=&#039;0 0 24 24&#039; fill=&#039;none&#039; stroke=&#039;black&#039; stroke-width=&#039;1.5&#039; stroke-linecap=&#039;square&#039; stroke-miterlimit=&#039;10&#039;%3E%3Cpath d=&#039;M0,6c6,0,0.9,11.1,6.9,11.1S18,6,24,6&#039;\/%3E%3C\/svg%3E&quot;);\">\n\t\t\t<span class=\"elementor-divider-separator\">\n\t\t\t\t\t\t<\/span>\n\t\t<\/div>\n\t\t\t\t\t\t<\/div>\n\t\t\t\t<\/div>\n\t\t\t\t<div class=\"elementor-element elementor-element-6a9b094 elementor-widget elementor-widget-heading\" data-id=\"6a9b094\" data-element_type=\"widget\" data-e-type=\"widget\" data-widget_type=\"heading.default\">\n\t\t\t\t<div class=\"elementor-widget-container\">\n\t\t\t\t\t<h4 class=\"elementor-heading-title elementor-size-default\">Tell us about your event c.rehagel@die-inselzeitung.com -\nCharlotta Rehagel<\/h4>\t\t\t\t<\/div>\n\t\t\t\t<\/div>\n\t\t\t\t<div class=\"elementor-element elementor-element-c168ecc elementor-widget-divider--separator-type-pattern elementor-widget-divider--view-line elementor-widget elementor-widget-divider\" data-id=\"c168ecc\" data-element_type=\"widget\" data-e-type=\"widget\" data-widget_type=\"divider.default\">\n\t\t\t\t<div class=\"elementor-widget-container\">\n\t\t\t\t\t\t\t<div class=\"elementor-divider\" style=\"--divider-pattern-url: url(&quot;data:image\/svg+xml,%3Csvg xmlns=&#039;http:\/\/www.w3.org\/2000\/svg&#039; preserveAspectRatio=&#039;none&#039; overflow=&#039;visible&#039; height=&#039;100%&#039; viewBox=&#039;0 0 24 24&#039; fill=&#039;none&#039; stroke=&#039;black&#039; stroke-width=&#039;1.5&#039; stroke-linecap=&#039;square&#039; stroke-miterlimit=&#039;10&#039;%3E%3Cpath d=&#039;M0,6c6,0,0.9,11.1,6.9,11.1S18,6,24,6&#039;\/%3E%3C\/svg%3E&quot;);\">\n\t\t\t<span class=\"elementor-divider-separator\">\n\t\t\t\t\t\t<\/span>\n\t\t<\/div>\n\t\t\t\t\t\t<\/div>\n\t\t\t\t<\/div>\n\t\t\t\t<div class=\"elementor-element elementor-element-38736c6 elementor-grid-3 elementor-grid-tablet-2 elementor-grid-mobile-1 elementor-posts--thumbnail-top elementor-posts--show-avatar elementor-card-shadow-yes elementor-posts__hover-gradient elementor-widget elementor-widget-posts\" data-id=\"38736c6\" data-element_type=\"widget\" data-e-type=\"widget\" data-settings=\"{&quot;cards_columns&quot;:&quot;3&quot;,&quot;cards_columns_tablet&quot;:&quot;2&quot;,&quot;cards_columns_mobile&quot;:&quot;1&quot;,&quot;cards_row_gap&quot;:{&quot;unit&quot;:&quot;px&quot;,&quot;size&quot;:35,&quot;sizes&quot;:[]},&quot;cards_row_gap_tablet&quot;:{&quot;unit&quot;:&quot;px&quot;,&quot;size&quot;:&quot;&quot;,&quot;sizes&quot;:[]},&quot;cards_row_gap_mobile&quot;:{&quot;unit&quot;:&quot;px&quot;,&quot;size&quot;:&quot;&quot;,&quot;sizes&quot;:[]}}\" data-widget_type=\"posts.cards\">\n\t\t\t\t<div class=\"elementor-widget-container\">\n\t\t\t\t\t\t\t<div class=\"elementor-posts-container elementor-posts elementor-posts--skin-cards elementor-grid\" role=\"list\">\n\t\t\t\t<article class=\"elementor-post elementor-grid-item post-11484 post type-post status-publish format-standard has-post-thumbnail hentry category-veranstaltungen-events tag-costa-blanca-2 tag-events-costa-blanca tag-fiestas-costa-blanca tag-konzerte-costa-blanca tag-kultur-costa-blanca tag-veranstaltungen-costa-blanca-mai tag-veranstaltungskalender-costa-blanca\" role=\"listitem\">\n\t\t\t<div class=\"elementor-post__card\">\n\t\t\t\t<a class=\"elementor-post__thumbnail__link\" href=\"https:\/\/costablanca-magazin.com\/en\/freizeit\/veranstaltungen-events\/veranstaltungen-un-events-an-der-costa-blanca-mai-2026\/\" tabindex=\"-1\" ><div class=\"elementor-post__thumbnail\"><img fetchpriority=\"high\" decoding=\"async\" width=\"2048\" height=\"1152\" src=\"https:\/\/costablanca-magazin.com\/wp-content\/uploads\/2026\/05\/AdobeStock_296419932-2048x1152.jpeg\" class=\"attachment-2048x2048 size-2048x2048 wp-image-11485\" alt=\"Events Costa Blanca - May 2026\" srcset=\"https:\/\/costablanca-magazin.com\/wp-content\/uploads\/2026\/05\/AdobeStock_296419932-2048x1152.jpeg 2048w, https:\/\/costablanca-magazin.com\/wp-content\/uploads\/2026\/05\/AdobeStock_296419932-300x169.jpeg 300w, https:\/\/costablanca-magazin.com\/wp-content\/uploads\/2026\/05\/AdobeStock_296419932-1024x576.jpeg 1024w, https:\/\/costablanca-magazin.com\/wp-content\/uploads\/2026\/05\/AdobeStock_296419932-768x432.jpeg 768w, https:\/\/costablanca-magazin.com\/wp-content\/uploads\/2026\/05\/AdobeStock_296419932-1536x864.jpeg 1536w, https:\/\/costablanca-magazin.com\/wp-content\/uploads\/2026\/05\/AdobeStock_296419932-18x10.jpeg 18w\" sizes=\"(max-width: 2048px) 100vw, 2048px\" \/><\/div><\/a>\n\t\t\t\t<div class=\"elementor-post__badge\">Events &amp; Events<\/div>\n\t\t\t\t<div class=\"elementor-post__avatar\">\n\t\t\t\t\t<\/div>\n\t\t\t\t<div class=\"elementor-post__text\">\n\t\t\t\t<h3 class=\"elementor-post__title\">\n\t\t\t<a href=\"https:\/\/costablanca-magazin.com\/en\/freizeit\/veranstaltungen-events\/veranstaltungen-un-events-an-der-costa-blanca-mai-2026\/\" >\n\t\t\t\tEvents on the Costa Blanca - May 2026\t\t\t<\/a>\n\t\t<\/h3>\n\t\t\t\t<\/div>\n\t\t\t\t\t<\/div>\n\t\t<\/article>\n\t\t\t\t<article class=\"elementor-post elementor-grid-item post-11423 post type-post status-publish format-standard has-post-thumbnail hentry category-veranstaltungen-events tag-fiestas-costa-blanca-2026 tag-moros-y-cristianos-benidorm tag-moros-y-cristianos-costa-blanca-2026 tag-moros-y-cristianos-denia tag-moros-y-cristianos-termine-2026 tag-moros-y-cristianos-villajoyosa\" role=\"listitem\">\n\t\t\t<div class=\"elementor-post__card\">\n\t\t\t\t<a class=\"elementor-post__thumbnail__link\" href=\"https:\/\/costablanca-magazin.com\/en\/freizeit\/veranstaltungen-events\/moros-y-cristianos-costa-blanca-2026-termine-und-feste\/\" tabindex=\"-1\" ><div class=\"elementor-post__thumbnail\"><img decoding=\"async\" width=\"1200\" height=\"539\" src=\"https:\/\/costablanca-magazin.com\/wp-content\/uploads\/2025\/09\/calpe-moros.jpg\" class=\"attachment-2048x2048 size-2048x2048 wp-image-8738\" alt=\"calpe moors and Christians\" srcset=\"https:\/\/costablanca-magazin.com\/wp-content\/uploads\/2025\/09\/calpe-moros.jpg 1200w, https:\/\/costablanca-magazin.com\/wp-content\/uploads\/2025\/09\/calpe-moros-300x135.jpg 300w, https:\/\/costablanca-magazin.com\/wp-content\/uploads\/2025\/09\/calpe-moros-1024x460.jpg 1024w, https:\/\/costablanca-magazin.com\/wp-content\/uploads\/2025\/09\/calpe-moros-768x345.jpg 768w\" sizes=\"(max-width: 1200px) 100vw, 1200px\" \/><\/div><\/a>\n\t\t\t\t<div class=\"elementor-post__badge\">Events &amp; Events<\/div>\n\t\t\t\t<div class=\"elementor-post__avatar\">\n\t\t\t\t\t<\/div>\n\t\t\t\t<div class=\"elementor-post__text\">\n\t\t\t\t<h3 class=\"elementor-post__title\">\n\t\t\t<a href=\"https:\/\/costablanca-magazin.com\/en\/freizeit\/veranstaltungen-events\/moros-y-cristianos-costa-blanca-2026-termine-und-feste\/\" >\n\t\t\t\tMoros y Cristianos Costa Blanca 2026 - Dates and festivities\t\t\t<\/a>\n\t\t<\/h3>\n\t\t\t\t<\/div>\n\t\t\t\t\t<\/div>\n\t\t<\/article>\n\t\t\t\t<article class=\"elementor-post elementor-grid-item post-11337 post type-post status-publish format-standard has-post-thumbnail hentry category-veranstaltungen-events tag-altea-veranstaltungen tag-april-costa-blanca tag-denia-veranstaltungen tag-events-costa-blanca-2026 tag-ostern-costa-blanca tag-semana-santa-costa-blanca tag-veranstaltungen-costa-blanca\" role=\"listitem\">\n\t\t\t<div class=\"elementor-post__card\">\n\t\t\t\t<a class=\"elementor-post__thumbnail__link\" href=\"https:\/\/costablanca-magazin.com\/en\/freizeit\/veranstaltungen-events\/april-an-der-costa-blanca-events-und-ostern-2026\/\" tabindex=\"-1\" ><div class=\"elementor-post__thumbnail\"><img decoding=\"async\" width=\"2048\" height=\"1368\" src=\"https:\/\/costablanca-magazin.com\/wp-content\/uploads\/2026\/04\/crowd-in-costumes-in-semana-santa-festival-capture-2026-03-18-07-56-36-utc-2048x1368.jpeg\" class=\"attachment-2048x2048 size-2048x2048 wp-image-11338\" alt=\"April on the Costa Blanca: events, Easter and events 2026\" srcset=\"https:\/\/costablanca-magazin.com\/wp-content\/uploads\/2026\/04\/crowd-in-costumes-in-semana-santa-festival-capture-2026-03-18-07-56-36-utc-2048x1368.jpeg 2048w, https:\/\/costablanca-magazin.com\/wp-content\/uploads\/2026\/04\/crowd-in-costumes-in-semana-santa-festival-capture-2026-03-18-07-56-36-utc-300x200.jpeg 300w, https:\/\/costablanca-magazin.com\/wp-content\/uploads\/2026\/04\/crowd-in-costumes-in-semana-santa-festival-capture-2026-03-18-07-56-36-utc-1024x684.jpeg 1024w, https:\/\/costablanca-magazin.com\/wp-content\/uploads\/2026\/04\/crowd-in-costumes-in-semana-santa-festival-capture-2026-03-18-07-56-36-utc-768x513.jpeg 768w, https:\/\/costablanca-magazin.com\/wp-content\/uploads\/2026\/04\/crowd-in-costumes-in-semana-santa-festival-capture-2026-03-18-07-56-36-utc-1536x1026.jpeg 1536w, https:\/\/costablanca-magazin.com\/wp-content\/uploads\/2026\/04\/crowd-in-costumes-in-semana-santa-festival-capture-2026-03-18-07-56-36-utc-18x12.jpeg 18w\" sizes=\"(max-width: 2048px) 100vw, 2048px\" \/><\/div><\/a>\n\t\t\t\t<div class=\"elementor-post__badge\">Events &amp; Events<\/div>\n\t\t\t\t<div class=\"elementor-post__avatar\">\n\t\t\t\t\t<\/div>\n\t\t\t\t<div class=\"elementor-post__text\">\n\t\t\t\t<h3 class=\"elementor-post__title\">\n\t\t\t<a href=\"https:\/\/costablanca-magazin.com\/en\/freizeit\/veranstaltungen-events\/april-an-der-costa-blanca-events-und-ostern-2026\/\" >\n\t\t\t\tApril on the Costa Blanca - Events and Easter 2026\t\t\t<\/a>\n\t\t<\/h3>\n\t\t\t\t<\/div>\n\t\t\t\t\t<\/div>\n\t\t<\/article>\n\t\t\t\t<\/div>\n\t\t\n\t\t\t\t\t\t<\/div>\n\t\t\t\t<\/div>\n\t\t\t\t\t<\/div>\n\t\t\t\t<\/div>\n\t\t\t\t<\/div>","protected":false},"excerpt":{"rendered":"<p>Veranstaltungen und Events Costa Blanca \u2013 Mai 2026 Veranstaltungen im Mai an der Costa Blanca: Kultur, Konzerte, Theater, Events, Fiestas<\/p>","protected":false},"author":3,"featured_media":11485,"comment_status":"closed","ping_status":"closed","sticky":false,"template":"elementor_header_footer","format":"standard","meta":{"om_disable_all_campaigns":false,"_monsterinsights_skip_tracking":false,"_monsterinsights_sitenote_active":false,"_monsterinsights_sitenote_note":"","_monsterinsights_sitenote_category":0,"footnotes":""},"categories":[23],"tags":[613,923,1733,1072,1734,1735,1736],"class_list":["post-11484","post","type-post","status-publish","format-standard","has-post-thumbnail","hentry","category-veranstaltungen-events","tag-costa-blanca-2","tag-events-costa-blanca","tag-fiestas-costa-blanca","tag-konzerte-costa-blanca","tag-kultur-costa-blanca","tag-veranstaltungen-costa-blanca-mai","tag-veranstaltungskalender-costa-blanca"],"aioseo_notices":[],"_links":{"self":[{"href":"https:\/\/costablanca-magazin.com\/en\/wp-json\/wp\/v2\/posts\/11484","targetHints":{"allow":["GET"]}}],"collection":[{"href":"https:\/\/costablanca-magazin.com\/en\/wp-json\/wp\/v2\/posts"}],"about":[{"href":"https:\/\/costablanca-magazin.com\/en\/wp-json\/wp\/v2\/types\/post"}],"author":[{"embeddable":true,"href":"https:\/\/costablanca-magazin.com\/en\/wp-json\/wp\/v2\/users\/3"}],"replies":[{"embeddable":true,"href":"https:\/\/costablanca-magazin.com\/en\/wp-json\/wp\/v2\/comments?post=11484"}],"version-history":[{"count":4,"href":"https:\/\/costablanca-magazin.com\/en\/wp-json\/wp\/v2\/posts\/11484\/revisions"}],"predecessor-version":[{"id":11526,"href":"https:\/\/costablanca-magazin.com\/en\/wp-json\/wp\/v2\/posts\/11484\/revisions\/11526"}],"wp:featuredmedia":[{"embeddable":true,"href":"https:\/\/costablanca-magazin.com\/en\/wp-json\/wp\/v2\/media\/11485"}],"wp:attachment":[{"href":"https:\/\/costablanca-magazin.com\/en\/wp-json\/wp\/v2\/media?parent=11484"}],"wp:term":[{"taxonomy":"category","embeddable":true,"href":"https:\/\/costablanca-magazin.com\/en\/wp-json\/wp\/v2\/categories?post=11484"},{"taxonomy":"post_tag","embeddable":true,"href":"https:\/\/costablanca-magazin.com\/en\/wp-json\/wp\/v2\/tags?post=11484"}],"curies":[{"name":"wp","href":"https:\/\/api.w.org\/{rel}","templated":true}]}}