{"id":11423,"date":"2026-04-27T09:00:00","date_gmt":"2026-04-27T07:00:00","guid":{"rendered":"https:\/\/costablanca-magazin.com\/?p=11423"},"modified":"2026-04-27T15:45:55","modified_gmt":"2026-04-27T13:45:55","slug":"moros-y-cristianos-costa-blanca-2026-dates-and-festivals","status":"publish","type":"post","link":"https:\/\/costablanca-magazin.com\/en\/freizeit\/veranstaltungen-events\/moros-y-cristianos-costa-blanca-2026-termine-und-feste\/","title":{"rendered":"Moros y Cristianos Costa Blanca 2026 - Dates and festivities"},"content":{"rendered":"<div data-elementor-type=\"wp-post\" data-elementor-id=\"11423\" class=\"elementor elementor-11423\" data-elementor-post-type=\"post\">\n\t\t\t\t<div class=\"elementor-element elementor-element-fe43bb6 e-flex e-con-boxed e-con e-parent\" data-id=\"fe43bb6\" data-element_type=\"container\" data-e-type=\"container\">\n\t\t\t\t\t<div class=\"e-con-inner\">\n\t\t\t\t<div class=\"elementor-element elementor-element-f0dd263 elementor-widget elementor-widget-heading\" data-id=\"f0dd263\" data-element_type=\"widget\" data-e-type=\"widget\" data-widget_type=\"heading.default\">\n\t\t\t\t<div class=\"elementor-widget-container\">\n\t\t\t\t\t<h2 class=\"elementor-heading-title elementor-size-default\">Moros y Cristianos Costa Blanca 2026 - Dates and festivities<\/h2>\t\t\t\t<\/div>\n\t\t\t\t<\/div>\n\t\t\t\t<div class=\"elementor-element elementor-element-9c3e2b5 elementor-widget elementor-widget-image\" data-id=\"9c3e2b5\" data-element_type=\"widget\" data-e-type=\"widget\" data-widget_type=\"image.default\">\n\t\t\t\t<div class=\"elementor-widget-container\">\n\t\t\t\t\t\t\t\t\t\t\t\t\t\t\t<img decoding=\"async\" src=\"https:\/\/costablanca-magazin.com\/wp-content\/uploads\/elementor\/thumbs\/Moros-y-Cristianos-Benissa-rjc5j8bkde24hxw9prgn5ga5or059tii675usglo6k.jpg\" title=\"Moors and Christians Benissa\" alt=\"Moors and Christians Benissa 1\" loading=\"lazy\" \/>\t\t\t\t\t\t\t\t\t\t\t\t\t\t\t<\/div>\n\t\t\t\t<\/div>\n\t\t\t\t<div class=\"elementor-element elementor-element-5f46ce2 elementor-widget elementor-widget-heading\" data-id=\"5f46ce2\" data-element_type=\"widget\" data-e-type=\"widget\" data-widget_type=\"heading.default\">\n\t\t\t\t<div class=\"elementor-widget-container\">\n\t\t\t\t\t<h2 class=\"elementor-heading-title elementor-size-default\">Why these fiestas are more than just colourful parades<\/h2>\t\t\t\t<\/div>\n\t\t\t\t<\/div>\n\t\t\t\t\t<\/div>\n\t\t\t\t<\/div>\n\t\t<div class=\"elementor-element elementor-element-2cfb824 e-flex e-con-boxed e-con e-parent\" data-id=\"2cfb824\" data-element_type=\"container\" data-e-type=\"container\">\n\t\t\t\t\t<div class=\"e-con-inner\">\n\t\t<div class=\"elementor-element elementor-element-1eb6761 e-con-full e-flex e-con e-child\" data-id=\"1eb6761\" data-element_type=\"container\" data-e-type=\"container\">\n\t\t\t\t<div class=\"elementor-element elementor-element-722820c elementor-widget elementor-widget-text-editor\" data-id=\"722820c\" data-element_type=\"widget\" data-e-type=\"widget\" data-widget_type=\"text-editor.default\">\n\t\t\t\t<div class=\"elementor-widget-container\">\n\t\t\t\t\t\t\t\t\t<p>First come the drums. Then the brass. Then the street fills with heavy fabrics, shiny helmets, feather crowns, standards, horses and groups that don't just \u201ewalk along\u201c but have been preparing their performance for months. Moros y Cristianos are one of those festivals on the Costa Blanca where a town or village drops its normal rhythm for a few days.<\/p><p>In Moraira, Benissa, X\u00e0bia, Villajoyosa, D\u00e9nia, Guardamar, Orihuela, Almorad\u00ed, Altea, Benidorm and Calp, the fiestas draw thousands onto the streets every year. Not everywhere at the same time, not everywhere of the same size - but always with music, history, local pride and an organisational effort that goes far beyond a normal summer festival.<\/p><p>For residents and long-term holidaymakers, it's worth taking an early look at the calendar. Some dates are among the busiest events of the year. During the big parades, roads are closed, parking spaces are scarce and the best places are quickly taken.<\/p><h2><strong>What Moros y Cristianos is all about<\/strong><\/h2><p>The festivals are reminiscent of the medieval clashes between Muslim and Christian rulers on the Iberian Peninsula. This historical material has given rise to the Costa Blanca's own festive culture: loud, precisely organised, sometimes spectacular - and in many places deeply connected to the local identity.<\/p><p>The main roles are played by the filaes or comparsas, the festive groups of Moros and Cristianos. They have their own colours, costumes, pieces of music, marching formations and fixed roles in the process. Many families are involved for generations. Children grow into it, young people take on their first roles, adults appear as capitanes, abanderados or ambassadors.<\/p><p>The big moment is usually the entradas, the ceremonial entry of the groups. There are also embajadas, in which conquest, negotiation and reconquest are staged. Some towns have their own highlights: In Villajoyosa it is the famous Desembarco on the beach, in Moraira the Conquista Mora and Reconquista Cristiana, in X\u00e0bia the parades in the harbour district of Duanes de la Mar.<\/p><h2><strong>The most important dates of Moros-y-Cristianos 2026<\/strong><\/h2><h3><strong>Moraira - early start with gala parade<\/strong><\/h3><ol start=\"5\"><li>until 14 June 2026<\/li><\/ol><p>Moraira opens the Moros-y-Cristianos season for many in the Marina Alta. The highlights of the programme are the Conquista Mora on 12 June, the Reconquista Cristiana on 13 June and the Desfile de Gala on 14 June.<\/p><p>The town is manageable, the distances are short and the backdrop by the sea gives the festival a unique setting. For readers from Teulada, Benissa, Benitatxell, J\u00e1vea and Calp, Moraira is one of the best places to start.<\/p><h3><strong>Benissa - Moros y Cristianos in the historic town centre<\/strong><\/h3><ol start=\"28\"><li>June until 2 July 2026<\/li><\/ol><p>Benissa celebrates Ap\u00f3stol in honour of San Pedro. The date is traditionally around 29 June. In 2026, the period from 28 June to 2 July will be used.<\/p><p>The festival has a different feel to the big coastal towns. The streets in the town centre are narrower, the music is closer together and the parades do not run along a random promenade, but right through the centre of the town. This is exactly what makes Benissa so interesting for the Marina Alta.<\/p><h3><strong>X\u00e0bia \/ J\u00e1vea - Moros y Cristianos in the harbour district<\/strong><\/h3><p>July 2026, big parades on 18 and 19 July<\/p><p>In X\u00e0bia, the fiesta belongs to Duanes de la Mar. The harbour, the sea, the narrow streets and the evening atmosphere give the parades their own special tone. The big desfiles are scheduled for 18 and 19 July.<\/p><p>X\u00e0bia is not a sideshow. The Moros y Cristianos are a firm summer fixture here, especially for the northern Costa Blanca.<\/p>\t\t\t\t\t\t\t\t<\/div>\n\t\t\t\t<\/div>\n\t\t\t\t<\/div>\n\t\t<div class=\"elementor-element elementor-element-8decb01 e-con-full e-flex e-con e-child\" data-id=\"8decb01\" data-element_type=\"container\" data-e-type=\"container\">\n\t\t\t\t<div class=\"elementor-element elementor-element-a488339 elementor-widget elementor-widget-gallery\" data-id=\"a488339\" data-element_type=\"widget\" data-e-type=\"widget\" data-settings=\"{&quot;gallery_layout&quot;:&quot;masonry&quot;,&quot;columns&quot;:1,&quot;lazyload&quot;:&quot;yes&quot;,&quot;columns_tablet&quot;:2,&quot;columns_mobile&quot;:1,&quot;gap&quot;:{&quot;unit&quot;:&quot;px&quot;,&quot;size&quot;:10,&quot;sizes&quot;:[]},&quot;gap_tablet&quot;:{&quot;unit&quot;:&quot;px&quot;,&quot;size&quot;:10,&quot;sizes&quot;:[]},&quot;gap_mobile&quot;:{&quot;unit&quot;:&quot;px&quot;,&quot;size&quot;:10,&quot;sizes&quot;:[]},&quot;link_to&quot;:&quot;file&quot;,&quot;overlay_background&quot;:&quot;yes&quot;,&quot;content_hover_animation&quot;:&quot;fade-in&quot;}\" data-widget_type=\"gallery.default\">\n\t\t\t\t<div class=\"elementor-widget-container\">\n\t\t\t\t\t\t\t<div class=\"elementor-gallery__container\">\n\t\t\t\t\t\t\t<a class=\"e-gallery-item elementor-gallery-item elementor-animated-content\" href=\"https:\/\/costablanca-magazin.com\/wp-content\/uploads\/2026\/04\/Moros-i-Cristianos-Benidorm-Fiesta-1.jpg\" data-elementor-open-lightbox=\"yes\" data-elementor-lightbox-slideshow=\"a488339\" data-elementor-lightbox-title=\"Moros i Cristianos Benidorm Fiesta (1)\" data-elementor-lightbox-description=\"Moros i Cristianos Benidorm Fiesta (1)\" data-e-action-hash=\"#elementor-action%3Aaction%3Dlightbox%26settings%3DeyJpZCI6MTE0MjUsInVybCI6Imh0dHBzOlwvXC9jb3N0YWJsYW5jYS1tYWdhemluLmNvbVwvd3AtY29udGVudFwvdXBsb2Fkc1wvMjAyNlwvMDRcL01vcm9zLWktQ3Jpc3RpYW5vcy1CZW5pZG9ybS1GaWVzdGEtMS5qcGciLCJzbGlkZXNob3ciOiJhNDg4MzM5In0%3D\">\n\t\t\t\t\t<div class=\"e-gallery-image elementor-gallery-item__image\" data-thumbnail=\"https:\/\/costablanca-magazin.com\/wp-content\/uploads\/2026\/04\/Moros-i-Cristianos-Benidorm-Fiesta-1.jpg\" data-width=\"2560\" data-height=\"2047\" aria-label=\"Moros i Cristianos Benidorm Fiesta (1)\" role=\"img\" ><\/div>\n\t\t\t\t\t\t\t\t\t\t\t<div class=\"elementor-gallery-item__overlay\"><\/div>\n\t\t\t\t\t\t\t\t\t\t\t\t\t\t<\/a>\n\t\t\t\t\t\t\t<a class=\"e-gallery-item elementor-gallery-item elementor-animated-content\" href=\"https:\/\/costablanca-magazin.com\/wp-content\/uploads\/2026\/04\/Moros-i-Cristianos-Benidorm-Fiesta-4.jpg\" data-elementor-open-lightbox=\"yes\" data-elementor-lightbox-slideshow=\"a488339\" data-elementor-lightbox-title=\"Moros i Cristianos Benidorm Fiesta (4)\" data-elementor-lightbox-description=\"Moros i Cristianos Benidorm Fiesta (4)\" data-e-action-hash=\"#elementor-action%3Aaction%3Dlightbox%26settings%3DeyJpZCI6MTE0MjksInVybCI6Imh0dHBzOlwvXC9jb3N0YWJsYW5jYS1tYWdhemluLmNvbVwvd3AtY29udGVudFwvdXBsb2Fkc1wvMjAyNlwvMDRcL01vcm9zLWktQ3Jpc3RpYW5vcy1CZW5pZG9ybS1GaWVzdGEtNC5qcGciLCJzbGlkZXNob3ciOiJhNDg4MzM5In0%3D\">\n\t\t\t\t\t<div class=\"e-gallery-image elementor-gallery-item__image\" data-thumbnail=\"https:\/\/costablanca-magazin.com\/wp-content\/uploads\/2026\/04\/Moros-i-Cristianos-Benidorm-Fiesta-4.jpg\" data-width=\"2259\" data-height=\"2560\" aria-label=\"Moros i Cristianos Benidorm Fiesta (4)\" role=\"img\" ><\/div>\n\t\t\t\t\t\t\t\t\t\t\t<div class=\"elementor-gallery-item__overlay\"><\/div>\n\t\t\t\t\t\t\t\t\t\t\t\t\t\t<\/a>\n\t\t\t\t\t\t\t<a class=\"e-gallery-item elementor-gallery-item elementor-animated-content\" href=\"https:\/\/costablanca-magazin.com\/wp-content\/uploads\/2026\/04\/Moros-i-Cristianos-Benidorm-Fiesta-5.jpg\" data-elementor-open-lightbox=\"yes\" data-elementor-lightbox-slideshow=\"a488339\" data-elementor-lightbox-title=\"Moros i Cristianos Benidorm Fiesta (5)\" data-elementor-lightbox-description=\"Moros i Cristianos Benidorm Fiesta (5)\" data-e-action-hash=\"#elementor-action%3Aaction%3Dlightbox%26settings%3DeyJpZCI6MTE0MzAsInVybCI6Imh0dHBzOlwvXC9jb3N0YWJsYW5jYS1tYWdhemluLmNvbVwvd3AtY29udGVudFwvdXBsb2Fkc1wvMjAyNlwvMDRcL01vcm9zLWktQ3Jpc3RpYW5vcy1CZW5pZG9ybS1GaWVzdGEtNS5qcGciLCJzbGlkZXNob3ciOiJhNDg4MzM5In0%3D\">\n\t\t\t\t\t<div class=\"e-gallery-image elementor-gallery-item__image\" data-thumbnail=\"https:\/\/costablanca-magazin.com\/wp-content\/uploads\/2026\/04\/Moros-i-Cristianos-Benidorm-Fiesta-5.jpg\" data-width=\"2560\" data-height=\"1875\" aria-label=\"Moros i Cristianos Benidorm Fiesta (5)\" role=\"img\" ><\/div>\n\t\t\t\t\t\t\t\t\t\t\t<div class=\"elementor-gallery-item__overlay\"><\/div>\n\t\t\t\t\t\t\t\t\t\t\t\t\t\t<\/a>\n\t\t\t\t\t\t\t<a class=\"e-gallery-item elementor-gallery-item elementor-animated-content\" href=\"https:\/\/costablanca-magazin.com\/wp-content\/uploads\/2024\/07\/Denia-Morros-y-cristianos-4-rotated.jpg\" data-elementor-open-lightbox=\"yes\" data-elementor-lightbox-slideshow=\"a488339\" data-elementor-lightbox-title=\"Denia-Morros-y-cristianos (4)\" data-elementor-lightbox-description=\"Fiesta Moros y cristianos Denia \" data-e-action-hash=\"#elementor-action%3Aaction%3Dlightbox%26settings%3DeyJpZCI6MTU1MCwidXJsIjoiaHR0cHM6XC9cL2Nvc3RhYmxhbmNhLW1hZ2F6aW4uY29tXC93cC1jb250ZW50XC91cGxvYWRzXC8yMDI0XC8wN1wvRGVuaWEtTW9ycm9zLXktY3Jpc3RpYW5vcy00LXJvdGF0ZWQuanBnIiwic2xpZGVzaG93IjoiYTQ4ODMzOSJ9\">\n\t\t\t\t\t<div class=\"e-gallery-image elementor-gallery-item__image\" data-thumbnail=\"https:\/\/costablanca-magazin.com\/wp-content\/uploads\/2024\/07\/Denia-Morros-y-cristianos-4-rotated.jpg\" data-width=\"1920\" data-height=\"2560\" aria-label=\"Moors and Christians Festival Denia 1\" role=\"img\" ><\/div>\n\t\t\t\t\t\t\t\t\t\t\t<div class=\"elementor-gallery-item__overlay\"><\/div>\n\t\t\t\t\t\t\t\t\t\t\t\t\t\t<\/a>\n\t\t\t\t\t<\/div>\n\t\t\t\t\t<\/div>\n\t\t\t\t<\/div>\n\t\t\t\t<\/div>\n\t\t<div class=\"elementor-element elementor-element-5ad7dcb e-con-full e-flex e-con e-child\" data-id=\"5ad7dcb\" data-element_type=\"container\" data-e-type=\"container\">\n\t\t\t\t<div class=\"elementor-element elementor-element-30f3ed5 elementor-widget elementor-widget-gallery\" data-id=\"30f3ed5\" data-element_type=\"widget\" data-e-type=\"widget\" data-settings=\"{&quot;gallery_layout&quot;:&quot;masonry&quot;,&quot;columns&quot;:1,&quot;lazyload&quot;:&quot;yes&quot;,&quot;columns_tablet&quot;:2,&quot;columns_mobile&quot;:1,&quot;gap&quot;:{&quot;unit&quot;:&quot;px&quot;,&quot;size&quot;:10,&quot;sizes&quot;:[]},&quot;gap_tablet&quot;:{&quot;unit&quot;:&quot;px&quot;,&quot;size&quot;:10,&quot;sizes&quot;:[]},&quot;gap_mobile&quot;:{&quot;unit&quot;:&quot;px&quot;,&quot;size&quot;:10,&quot;sizes&quot;:[]},&quot;link_to&quot;:&quot;file&quot;,&quot;overlay_background&quot;:&quot;yes&quot;,&quot;content_hover_animation&quot;:&quot;fade-in&quot;}\" data-widget_type=\"gallery.default\">\n\t\t\t\t<div class=\"elementor-widget-container\">\n\t\t\t\t\t\t\t<div class=\"elementor-gallery__container\">\n\t\t\t\t\t\t\t<a class=\"e-gallery-item elementor-gallery-item elementor-animated-content\" href=\"https:\/\/costablanca-magazin.com\/wp-content\/uploads\/2025\/06\/moros-benissa-3.jpg\" data-elementor-open-lightbox=\"yes\" data-elementor-lightbox-slideshow=\"30f3ed5\" data-elementor-lightbox-title=\"Moros y Cristianos Benissa\" data-elementor-lightbox-description=\"Moros y Cristianos Benissa\" data-e-action-hash=\"#elementor-action%3Aaction%3Dlightbox%26settings%3DeyJpZCI6NzYxNywidXJsIjoiaHR0cHM6XC9cL2Nvc3RhYmxhbmNhLW1hZ2F6aW4uY29tXC93cC1jb250ZW50XC91cGxvYWRzXC8yMDI1XC8wNlwvbW9yb3MtYmVuaXNzYS0zLmpwZyIsInNsaWRlc2hvdyI6IjMwZjNlZDUifQ%3D%3D\">\n\t\t\t\t\t<div class=\"e-gallery-image elementor-gallery-item__image\" data-thumbnail=\"https:\/\/costablanca-magazin.com\/wp-content\/uploads\/2025\/06\/moros-benissa-3.jpg\" data-width=\"1200\" data-height=\"500\" aria-label=\"Moors and Christians Benissa\" role=\"img\" ><\/div>\n\t\t\t\t\t\t\t\t\t\t\t<div class=\"elementor-gallery-item__overlay\"><\/div>\n\t\t\t\t\t\t\t\t\t\t\t\t\t\t<\/a>\n\t\t\t\t\t\t\t<a class=\"e-gallery-item elementor-gallery-item elementor-animated-content\" href=\"https:\/\/costablanca-magazin.com\/wp-content\/uploads\/2025\/04\/Moros-i-christianos-Alcoy-1.jpg\" data-elementor-open-lightbox=\"yes\" data-elementor-lightbox-slideshow=\"30f3ed5\" data-elementor-lightbox-title=\"Moros i christianos Alcoy\" data-elementor-lightbox-description=\"Moros i christianos Alcoy\" data-e-action-hash=\"#elementor-action%3Aaction%3Dlightbox%26settings%3DeyJpZCI6NjU5NCwidXJsIjoiaHR0cHM6XC9cL2Nvc3RhYmxhbmNhLW1hZ2F6aW4uY29tXC93cC1jb250ZW50XC91cGxvYWRzXC8yMDI1XC8wNFwvTW9yb3MtaS1jaHJpc3RpYW5vcy1BbGNveS0xLmpwZyIsInNsaWRlc2hvdyI6IjMwZjNlZDUifQ%3D%3D\">\n\t\t\t\t\t<div class=\"e-gallery-image elementor-gallery-item__image\" data-thumbnail=\"https:\/\/costablanca-magazin.com\/wp-content\/uploads\/2025\/04\/Moros-i-christianos-Alcoy-1.jpg\" data-width=\"859\" data-height=\"1200\" aria-label=\"Moors and Christians Alcoy\" role=\"img\" ><\/div>\n\t\t\t\t\t\t\t\t\t\t\t<div class=\"elementor-gallery-item__overlay\"><\/div>\n\t\t\t\t\t\t\t\t\t\t\t\t\t\t<\/a>\n\t\t\t\t\t\t\t<a class=\"e-gallery-item elementor-gallery-item elementor-animated-content\" href=\"https:\/\/costablanca-magazin.com\/wp-content\/uploads\/2024\/07\/shutterstock_1558707188-moros-y-cristianos-scaled.jpg\" data-elementor-open-lightbox=\"yes\" data-elementor-lightbox-slideshow=\"30f3ed5\" data-elementor-lightbox-title=\"Fiesta Moros y cristianos Denia 2024\" data-elementor-lightbox-description=\"Fiesta Moros y cristianos Denia 2024\" data-e-action-hash=\"#elementor-action%3Aaction%3Dlightbox%26settings%3DeyJpZCI6MTU0NywidXJsIjoiaHR0cHM6XC9cL2Nvc3RhYmxhbmNhLW1hZ2F6aW4uY29tXC93cC1jb250ZW50XC91cGxvYWRzXC8yMDI0XC8wN1wvc2h1dHRlcnN0b2NrXzE1NTg3MDcxODgtbW9yb3MteS1jcmlzdGlhbm9zLXNjYWxlZC5qcGciLCJzbGlkZXNob3ciOiIzMGYzZWQ1In0%3D\">\n\t\t\t\t\t<div class=\"e-gallery-image elementor-gallery-item__image\" data-thumbnail=\"https:\/\/costablanca-magazin.com\/wp-content\/uploads\/2024\/07\/shutterstock_1558707188-moros-y-cristianos-scaled.jpg\" data-width=\"1707\" data-height=\"2560\" aria-label=\"Moors and Christians Festival Denia 2024\" role=\"img\" ><\/div>\n\t\t\t\t\t\t\t\t\t\t\t<div class=\"elementor-gallery-item__overlay\"><\/div>\n\t\t\t\t\t\t\t\t\t\t\t\t\t\t<\/a>\n\t\t\t\t\t\t\t<a class=\"e-gallery-item elementor-gallery-item elementor-animated-content\" href=\"https:\/\/costablanca-magazin.com\/wp-content\/uploads\/2025\/09\/calpe-moros.jpg\" data-elementor-open-lightbox=\"yes\" data-elementor-lightbox-slideshow=\"30f3ed5\" data-elementor-lightbox-title=\"calpe moros y cristianos\" data-elementor-lightbox-description=\"calpe moros y cristianos\" data-e-action-hash=\"#elementor-action%3Aaction%3Dlightbox%26settings%3DeyJpZCI6ODczOCwidXJsIjoiaHR0cHM6XC9cL2Nvc3RhYmxhbmNhLW1hZ2F6aW4uY29tXC93cC1jb250ZW50XC91cGxvYWRzXC8yMDI1XC8wOVwvY2FscGUtbW9yb3MuanBnIiwic2xpZGVzaG93IjoiMzBmM2VkNSJ9\">\n\t\t\t\t\t<div class=\"e-gallery-image elementor-gallery-item__image\" data-thumbnail=\"https:\/\/costablanca-magazin.com\/wp-content\/uploads\/2025\/09\/calpe-moros.jpg\" data-width=\"1200\" data-height=\"539\" aria-label=\"calpe moors and Christians\" role=\"img\" ><\/div>\n\t\t\t\t\t\t\t\t\t\t\t<div class=\"elementor-gallery-item__overlay\"><\/div>\n\t\t\t\t\t\t\t\t\t\t\t\t\t\t<\/a>\n\t\t\t\t\t<\/div>\n\t\t\t\t\t<\/div>\n\t\t\t\t<\/div>\n\t\t\t\t<\/div>\n\t\t<div class=\"elementor-element elementor-element-e1f95d3 e-con-full e-flex e-con e-child\" data-id=\"e1f95d3\" data-element_type=\"container\" data-e-type=\"container\">\n\t\t\t\t<div class=\"elementor-element elementor-element-109d10e elementor-widget elementor-widget-text-editor\" data-id=\"109d10e\" data-element_type=\"widget\" data-e-type=\"widget\" data-widget_type=\"text-editor.default\">\n\t\t\t\t<div class=\"elementor-widget-container\">\n\t\t\t\t\t\t\t\t\t<h3><strong>Guardamar, Orihuela and Almorad\u00ed - the strong dates in the south<\/strong><\/h3><p>It's also worth taking a look at the festive calendar in the south of the Costa Blanca. Guardamar del Segura celebrates from 17 to 27 July as part of the Fiestas Patronales in honour of San Jaime. Almorad\u00ed combines Feria and Moros y Cristianos from 24 July to 2 August. Orihuela focuses on a particularly strong historical reference with its Fiestas de la Reconquista.<\/p><p>For readers from Torrevieja, Orihuela Costa, La Zenia, Guardamar and the Vega Baja, these dates are often closer and more practical than the big festivals in the north.<\/p><h3><strong>Villajoyosa - the classic with Desembarco<\/strong><\/h3><ol start=\"24\"><li>July until 2 August 2026<\/li><\/ol><p>Villajoyosa is the big name among the Moros-y-Cristianos festivals on the Costa Blanca. The festivities in honour of Santa Marta run every year from 24 July to 2 August 2026, with the most famous act being the Desembarco, the re-enacted landing on the beach.<\/p><p>This is not just about a parade. Villajoyosa combines the sea, town history, music, festive groups and a production that is known far beyond the region. La Vila Joiosa is the clear summer highlight of the events calendar.<\/p><h3><strong>D\u00e9nia - Sant Roc and Moros y Cristianos<\/strong><\/h3><p>13-16 August 2026<\/p><p>D\u00e9nia traditionally celebrates its Moros y Cristianos in August in honour of Sant Roc. The detailed programmes are usually published later, but the period 13-16 August should already be noted.<\/p><p>The parades pass through central areas of the city. This makes D\u00e9nia one of the most important dates in August for the northern Costa Blanca.<\/p><h2><strong>Make a note of autumn dates now<\/strong><\/h2><h3><strong>Murcia - peripheral region with a strong festival calendar<\/strong><\/h3><ol start=\"9\"><li>until 16 September 2026<\/li><\/ol><p>Murcia is located outside the Costa Blanca, but is easily accessible for readers from Torrevieja, La Zenia and Orihuela Costa. The Moros y Cristianos de Murcia will run from 9 to 16 September 2026 and is a strong additional date for the south.<\/p><h3><strong>Altea - Moros y Cristianos and Festes Majors<\/strong><\/h3><p>26 to 30 September 2026<\/p><p>Altea is one of the most important autumn dates in the Marina Baixa. The Moros y Cristianos are part of the big local festivities and run from 26 to 30 September 2026.<\/p><p>After the summer festivals, Altea once again brings a packed programme of parades, music and evening events to the calendar.<\/p><h3><strong>Benidorm - Moros y Cristianos in October<\/strong><\/h3><ol><li>until 4 October 2026<\/li><\/ol><p>Benidorm celebrates its Moros y Cristianos 2026 from 1 to 4 October. This is an important date for the Marina Baixa: central, easily accessible and with the visibility that Benidorm almost automatically brings to events.<\/p><h3><strong>Calp \/ Calpe - Anniversary year for the Fiesta<\/strong><\/h3><p>16 to 22 October 2026<\/p><p>Calp is particularly interesting in 2026 because the Moros y Cristianos are celebrating their 50th anniversary there. The celebrations traditionally take place in October. The exact main days should be checked again via the Ayuntamiento or the festival website before the event calendar is published.<\/p><p>This year, the anniversary makes Calp more editorial than usual. For readers from Calp, Benissa, Moraira and Altea, the date belongs in the diary.<\/p>\t\t\t\t\t\t\t\t<\/div>\n\t\t\t\t<\/div>\n\t\t\t\t<\/div>\n\t\t\t\t\t<\/div>\n\t\t\t\t<\/div>\n\t\t<div class=\"elementor-element elementor-element-eaec696 e-flex e-con-boxed e-con e-parent\" data-id=\"eaec696\" data-element_type=\"container\" data-e-type=\"container\">\n\t\t\t\t\t<div class=\"e-con-inner\">\n\t\t<div class=\"elementor-element elementor-element-28e53db e-con-full e-flex e-con e-child\" data-id=\"28e53db\" data-element_type=\"container\" data-e-type=\"container\">\n\t\t\t\t<div class=\"elementor-element elementor-element-8cf6bbe elementor-widget elementor-widget-text-editor\" data-id=\"8cf6bbe\" data-element_type=\"widget\" data-e-type=\"widget\" data-widget_type=\"text-editor.default\">\n\t\t\t\t<div class=\"elementor-widget-container\">\n\t\t\t\t\t\t\t\t\t<h2><strong>Dates 2026 to make a note of<\/strong><\/h2><table><thead><tr><td><p>Location<\/p><\/td><td><p>Date 2026<\/p><\/td><td><p>Note<\/p><\/td><\/tr><\/thead><tbody><tr><td><p>Moraira<\/p><\/td><td><p>5-14 June<\/p><\/td><td><p>Conquista Mora, Reconquista Cristiana, Gala Parade<\/p><\/td><\/tr><tr><td><p>Benissa<\/p><\/td><td><p>28 June-2 July<\/p><\/td><td><p>Moros y Cristianos in honour of San Pedro<\/p><\/td><\/tr><tr><td><p>X\u00e0bia \/ J\u00e1vea<\/p><\/td><td><p>11-19 July, big parades 18\/19 July<\/p><\/td><td><p>Duanes de la Mar harbour district<\/p><\/td><\/tr><tr><td><p>Guardamar del Segura<\/p><\/td><td><p>17-27 July<\/p><\/td><td><p>Fiestas Patronales and Moros y Cristianos<\/p><\/td><\/tr><tr><td><p>Villajoyosa \/ La Vila Joiosa<\/p><\/td><td><p>24-31 July<\/p><\/td><td><p>Desembarco, one of the best-known dates<\/p><\/td><\/tr><tr><td><p>Almorad\u00ed<\/p><\/td><td><p>24 July-2 August<\/p><\/td><td><p>Feria and Moros y Cristianos<\/p><\/td><\/tr><tr><td><p>Orihuela<\/p><\/td><td><p>July<\/p><\/td><td><p>Fiestas de la Reconquista<\/p><\/td><\/tr><tr><td><p>D\u00e9nia<\/p><\/td><td><p>13-16 August<\/p><\/td><td><p>In honour of Sant Roc<\/p><\/td><\/tr><tr><td><p>Murcia<\/p><\/td><td><p>9-16 September<\/p><\/td><td><p>Peripheral area, particularly interesting for the south<\/p><\/td><\/tr><tr><td><p>Altea<\/p><\/td><td><p>26-30 September<\/p><\/td><td><p>Autumn date in the Marina Baixa<\/p><\/td><\/tr><tr><td><p>Benidorm<\/p><\/td><td><p>1-4 October<\/p><\/td><td><p>Moros y Cristianos in the centre<\/p><\/td><\/tr><tr><td><p>Calp \/ Calpe<\/p><\/td><td><p>16-22 October<\/p><\/td><td><p>50 years of Moros y Cristianos<\/p><\/td><\/tr><\/tbody><\/table><h2><strong>Practical thinking: don't wait until the last minute<\/strong><\/h2><p>In Moros y Cristianos, a normal town centre quickly turns into a festival zone. Roads are closed, car parks disappear and restaurants along the parade routes are full early on. If you want to see one of the big desfiles, it's better to plan a little extra time.<\/p><p>For families: drums, horns and pyrotechnics can get quite loud. On wider streets you can see the formations better, in narrow alleyways you are closer to the music and festive groups. Both have their appeal - it's just that spontaneously driving through on such evenings rarely works.<\/p><h2><strong>Why these festivals stick<\/strong><\/h2><p>Moros y Cristianos are not effective because they are smoothly staged. They work because the towns themselves are behind them. Festive groups, music clubs, families, tailors, volunteers, town halls and entire neighbourhoods work for months towards these days.<\/p><p>You can see the effort. You can hear it. And you quickly realise that no one is just parading through the streets for a few photos. These fiestas belong to the Costa Blanca like hardly any other summer and autumn event: loud, precise, sometimes exuberant - but never arbitrary.<\/p>\t\t\t\t\t\t\t\t<\/div>\n\t\t\t\t<\/div>\n\t\t\t\t<\/div>\n\t\t<div class=\"elementor-element elementor-element-f3b986e e-con-full e-flex e-con e-child\" data-id=\"f3b986e\" data-element_type=\"container\" data-e-type=\"container\">\n\t\t\t\t<div class=\"elementor-element elementor-element-2bc6342 elementor-widget elementor-widget-gallery\" data-id=\"2bc6342\" data-element_type=\"widget\" data-e-type=\"widget\" data-settings=\"{&quot;gallery_layout&quot;:&quot;masonry&quot;,&quot;columns&quot;:1,&quot;lazyload&quot;:&quot;yes&quot;,&quot;columns_tablet&quot;:2,&quot;columns_mobile&quot;:1,&quot;gap&quot;:{&quot;unit&quot;:&quot;px&quot;,&quot;size&quot;:10,&quot;sizes&quot;:[]},&quot;gap_tablet&quot;:{&quot;unit&quot;:&quot;px&quot;,&quot;size&quot;:10,&quot;sizes&quot;:[]},&quot;gap_mobile&quot;:{&quot;unit&quot;:&quot;px&quot;,&quot;size&quot;:10,&quot;sizes&quot;:[]},&quot;link_to&quot;:&quot;file&quot;,&quot;overlay_background&quot;:&quot;yes&quot;,&quot;content_hover_animation&quot;:&quot;fade-in&quot;}\" data-widget_type=\"gallery.default\">\n\t\t\t\t<div class=\"elementor-widget-container\">\n\t\t\t\t\t\t\t<div class=\"elementor-gallery__container\">\n\t\t\t\t\t\t\t<a class=\"e-gallery-item elementor-gallery-item elementor-animated-content\" href=\"https:\/\/costablanca-magazin.com\/wp-content\/uploads\/2024\/07\/Denia-Morros-y-cristianos-6-scaled.jpg\" data-elementor-open-lightbox=\"yes\" data-elementor-lightbox-slideshow=\"2bc6342\" data-elementor-lightbox-title=\"Denia-Morros-y-cristianos (6)\" data-elementor-lightbox-description=\"Fiesta Moros y cristianos Denia \" data-e-action-hash=\"#elementor-action%3Aaction%3Dlightbox%26settings%3DeyJpZCI6MTU1MSwidXJsIjoiaHR0cHM6XC9cL2Nvc3RhYmxhbmNhLW1hZ2F6aW4uY29tXC93cC1jb250ZW50XC91cGxvYWRzXC8yMDI0XC8wN1wvRGVuaWEtTW9ycm9zLXktY3Jpc3RpYW5vcy02LXNjYWxlZC5qcGciLCJzbGlkZXNob3ciOiIyYmM2MzQyIn0%3D\">\n\t\t\t\t\t<div class=\"e-gallery-image elementor-gallery-item__image\" data-thumbnail=\"https:\/\/costablanca-magazin.com\/wp-content\/uploads\/2024\/07\/Denia-Morros-y-cristianos-6-scaled.jpg\" data-width=\"2049\" data-height=\"2560\" aria-label=\"Moors and Christians Festival Denia 2\" role=\"img\" ><\/div>\n\t\t\t\t\t\t\t\t\t\t\t<div class=\"elementor-gallery-item__overlay\"><\/div>\n\t\t\t\t\t\t\t\t\t\t\t\t\t\t<\/a>\n\t\t\t\t\t\t\t<a class=\"e-gallery-item elementor-gallery-item elementor-animated-content\" href=\"https:\/\/costablanca-magazin.com\/wp-content\/uploads\/2024\/07\/Denia-Morros-y-cristianos-8-scaled.jpg\" data-elementor-open-lightbox=\"yes\" data-elementor-lightbox-slideshow=\"2bc6342\" data-elementor-lightbox-title=\"Denia-Morros-y-cristianos (8)\" data-elementor-lightbox-description=\"Fiesta Moros y cristianos Denia \" data-e-action-hash=\"#elementor-action%3Aaction%3Dlightbox%26settings%3DeyJpZCI6MTU1MiwidXJsIjoiaHR0cHM6XC9cL2Nvc3RhYmxhbmNhLW1hZ2F6aW4uY29tXC93cC1jb250ZW50XC91cGxvYWRzXC8yMDI0XC8wN1wvRGVuaWEtTW9ycm9zLXktY3Jpc3RpYW5vcy04LXNjYWxlZC5qcGciLCJzbGlkZXNob3ciOiIyYmM2MzQyIn0%3D\">\n\t\t\t\t\t<div class=\"e-gallery-image elementor-gallery-item__image\" data-thumbnail=\"https:\/\/costablanca-magazin.com\/wp-content\/uploads\/2024\/07\/Denia-Morros-y-cristianos-8-scaled.jpg\" data-width=\"2174\" data-height=\"2560\" aria-label=\"Moors and Christians Festival, Denia 3\" role=\"img\" ><\/div>\n\t\t\t\t\t\t\t\t\t\t\t<div class=\"elementor-gallery-item__overlay\"><\/div>\n\t\t\t\t\t\t\t\t\t\t\t\t\t\t<\/a>\n\t\t\t\t\t\t\t<a class=\"e-gallery-item elementor-gallery-item elementor-animated-content\" href=\"https:\/\/costablanca-magazin.com\/wp-content\/uploads\/2026\/04\/cusco-peru-may-12-school-children-in-uniform-2026-03-26-11-38-04-utc.jpg\" data-elementor-open-lightbox=\"yes\" data-elementor-lightbox-slideshow=\"2bc6342\" data-elementor-lightbox-title=\"Moros y Cristianos\" data-elementor-lightbox-description=\"Moros y Cristianos\" data-e-action-hash=\"#elementor-action%3Aaction%3Dlightbox%26settings%3DeyJpZCI6MTE0MzMsInVybCI6Imh0dHBzOlwvXC9jb3N0YWJsYW5jYS1tYWdhemluLmNvbVwvd3AtY29udGVudFwvdXBsb2Fkc1wvMjAyNlwvMDRcL2N1c2NvLXBlcnUtbWF5LTEyLXNjaG9vbC1jaGlsZHJlbi1pbi11bmlmb3JtLTIwMjYtMDMtMjYtMTEtMzgtMDQtdXRjLmpwZyIsInNsaWRlc2hvdyI6IjJiYzYzNDIifQ%3D%3D\">\n\t\t\t\t\t<div class=\"e-gallery-image elementor-gallery-item__image\" data-thumbnail=\"https:\/\/costablanca-magazin.com\/wp-content\/uploads\/2026\/04\/cusco-peru-may-12-school-children-in-uniform-2026-03-26-11-38-04-utc.jpg\" data-width=\"2560\" data-height=\"1707\" aria-label=\"Moros y Cristianos\" role=\"img\" ><\/div>\n\t\t\t\t\t\t\t\t\t\t\t<div class=\"elementor-gallery-item__overlay\"><\/div>\n\t\t\t\t\t\t\t\t\t\t\t\t\t\t<\/a>\n\t\t\t\t\t\t\t<a class=\"e-gallery-item elementor-gallery-item elementor-animated-content\" href=\"https:\/\/costablanca-magazin.com\/wp-content\/uploads\/2026\/04\/medieval-knights-templar-at-war-history-and-repre-2026-03-25-22-49-56-utc.jpg\" data-elementor-open-lightbox=\"yes\" data-elementor-lightbox-slideshow=\"2bc6342\" data-elementor-lightbox-title=\"medieval-knights-templar-at-war-history-and-repre-2026-03-25-22-49-56-utc\" data-elementor-lightbox-description=\"Moros y Cristianos\" data-e-action-hash=\"#elementor-action%3Aaction%3Dlightbox%26settings%3DeyJpZCI6MTE0MzQsInVybCI6Imh0dHBzOlwvXC9jb3N0YWJsYW5jYS1tYWdhemluLmNvbVwvd3AtY29udGVudFwvdXBsb2Fkc1wvMjAyNlwvMDRcL21lZGlldmFsLWtuaWdodHMtdGVtcGxhci1hdC13YXItaGlzdG9yeS1hbmQtcmVwcmUtMjAyNi0wMy0yNS0yMi00OS01Ni11dGMuanBnIiwic2xpZGVzaG93IjoiMmJjNjM0MiJ9\">\n\t\t\t\t\t<div class=\"e-gallery-image elementor-gallery-item__image\" data-thumbnail=\"https:\/\/costablanca-magazin.com\/wp-content\/uploads\/2026\/04\/medieval-knights-templar-at-war-history-and-repre-2026-03-25-22-49-56-utc.jpg\" data-width=\"2060\" data-height=\"2221\" aria-label=\"Moros y Cristianos\" role=\"img\" ><\/div>\n\t\t\t\t\t\t\t\t\t\t\t<div class=\"elementor-gallery-item__overlay\"><\/div>\n\t\t\t\t\t\t\t\t\t\t\t\t\t\t<\/a>\n\t\t\t\t\t<\/div>\n\t\t\t\t\t<\/div>\n\t\t\t\t<\/div>\n\t\t\t\t<\/div>\n\t\t\t\t\t<\/div>\n\t\t\t\t<\/div>\n\t\t<div class=\"elementor-element elementor-element-1b4c618 e-flex e-con-boxed e-con e-parent\" data-id=\"1b4c618\" data-element_type=\"container\" data-e-type=\"container\">\n\t\t\t\t\t<div class=\"e-con-inner\">\n\t\t\t\t<div class=\"elementor-element elementor-element-fc1c004 elementor-widget-divider--view-line elementor-widget elementor-widget-divider\" data-id=\"fc1c004\" data-element_type=\"widget\" data-e-type=\"widget\" data-widget_type=\"divider.default\">\n\t\t\t\t<div class=\"elementor-widget-container\">\n\t\t\t\t\t\t\t<div class=\"elementor-divider\">\n\t\t\t<span class=\"elementor-divider-separator\">\n\t\t\t\t\t\t<\/span>\n\t\t<\/div>\n\t\t\t\t\t\t<\/div>\n\t\t\t\t<\/div>\n\t\t\t\t\t<\/div>\n\t\t\t\t<\/div>\n\t\t<div class=\"elementor-element elementor-element-81b4420 e-flex e-con-boxed e-con e-parent\" data-id=\"81b4420\" data-element_type=\"container\" data-e-type=\"container\">\n\t\t\t\t\t<div class=\"e-con-inner\">\n\t\t\t\t<div class=\"elementor-element elementor-element-bff3923 elementor-grid-3 elementor-grid-tablet-2 elementor-grid-mobile-1 elementor-posts--thumbnail-top elementor-posts--show-avatar elementor-card-shadow-yes elementor-posts__hover-gradient elementor-widget elementor-widget-posts\" data-id=\"bff3923\" data-element_type=\"widget\" data-e-type=\"widget\" data-settings=\"{&quot;cards_columns&quot;:&quot;3&quot;,&quot;cards_columns_tablet&quot;:&quot;2&quot;,&quot;cards_columns_mobile&quot;:&quot;1&quot;,&quot;cards_row_gap&quot;:{&quot;unit&quot;:&quot;px&quot;,&quot;size&quot;:35,&quot;sizes&quot;:[]},&quot;cards_row_gap_tablet&quot;:{&quot;unit&quot;:&quot;px&quot;,&quot;size&quot;:&quot;&quot;,&quot;sizes&quot;:[]},&quot;cards_row_gap_mobile&quot;:{&quot;unit&quot;:&quot;px&quot;,&quot;size&quot;:&quot;&quot;,&quot;sizes&quot;:[]}}\" data-widget_type=\"posts.cards\">\n\t\t\t\t<div class=\"elementor-widget-container\">\n\t\t\t\t\t\t\t<div class=\"elementor-posts-container elementor-posts elementor-posts--skin-cards elementor-grid\" role=\"list\">\n\t\t\t\t<article class=\"elementor-post elementor-grid-item post-11128 post type-post status-publish format-standard has-post-thumbnail hentry category-aktivitaeten-und-ausfluege tag-domingo-de-ramos-elche tag-easter-costa-blanca-events tag-ostern-costa-blanca tag-osterprozession-alicante tag-procesiones-semana-santa-alicante tag-semana-santa-alicante tag-semana-santa-costa-blanca tag-semana-santa-denia tag-semana-santa-elche-2 tag-semana-santa-orihuela\" role=\"listitem\">\n\t\t\t<div class=\"elementor-post__card\">\n\t\t\t\t<a class=\"elementor-post__thumbnail__link\" href=\"https:\/\/costablanca-magazin.com\/en\/freizeit\/aktivitaeten-und-ausfluege\/ostern-an-der-costa-blanca-semana-santa-und-prozessionen\/\" tabindex=\"-1\" ><div class=\"elementor-post__thumbnail\"><img fetchpriority=\"high\" decoding=\"async\" width=\"683\" height=\"1024\" src=\"https:\/\/costablanca-magazin.com\/wp-content\/uploads\/2025\/03\/people-wearing-uniforms-and-bearing-the-statue-of-2025-02-09-13-18-51-utc-683x1024.jpg\" class=\"attachment-large size-large wp-image-5306\" alt=\"Easter and history: the most important churches and religious sites on the Costa Blanca 2\" srcset=\"https:\/\/costablanca-magazin.com\/wp-content\/uploads\/2025\/03\/people-wearing-uniforms-and-bearing-the-statue-of-2025-02-09-13-18-51-utc-683x1024.jpg 683w, https:\/\/costablanca-magazin.com\/wp-content\/uploads\/2025\/03\/people-wearing-uniforms-and-bearing-the-statue-of-2025-02-09-13-18-51-utc-200x300.jpg 200w, https:\/\/costablanca-magazin.com\/wp-content\/uploads\/2025\/03\/people-wearing-uniforms-and-bearing-the-statue-of-2025-02-09-13-18-51-utc-768x1152.jpg 768w, https:\/\/costablanca-magazin.com\/wp-content\/uploads\/2025\/03\/people-wearing-uniforms-and-bearing-the-statue-of-2025-02-09-13-18-51-utc-1024x1536.jpg 1024w, https:\/\/costablanca-magazin.com\/wp-content\/uploads\/2025\/03\/people-wearing-uniforms-and-bearing-the-statue-of-2025-02-09-13-18-51-utc-1365x2048.jpg 1365w, https:\/\/costablanca-magazin.com\/wp-content\/uploads\/2025\/03\/people-wearing-uniforms-and-bearing-the-statue-of-2025-02-09-13-18-51-utc-scaled.jpg 1707w\" sizes=\"(max-width: 683px) 100vw, 683px\" \/><\/div><\/a>\n\t\t\t\t<div class=\"elementor-post__badge\">Activities and excursions<\/div>\n\t\t\t\t<div class=\"elementor-post__avatar\">\n\t\t\t\t\t<\/div>\n\t\t\t\t<div class=\"elementor-post__text\">\n\t\t\t\t<span class=\"elementor-post__title\">\n\t\t\t<a href=\"https:\/\/costablanca-magazin.com\/en\/freizeit\/aktivitaeten-und-ausfluege\/ostern-an-der-costa-blanca-semana-santa-und-prozessionen\/\" >\n\t\t\t\tEaster on the Costa Blanca - Semana Santa and processions\t\t\t<\/a>\n\t\t<\/span>\n\t\t\t\t<div class=\"elementor-post__excerpt\">\n\t\t\t<p>Easter on the Costa Blanca - Semana Santa and processions Easter on the Costa Blanca: processions, brotherhoods and traditions of the Costa Blanca<\/p>\n\t\t<\/div>\n\t\t\n\t\t<a class=\"elementor-post__read-more\" href=\"https:\/\/costablanca-magazin.com\/en\/freizeit\/aktivitaeten-und-ausfluege\/ostern-an-der-costa-blanca-semana-santa-und-prozessionen\/\" aria-label=\"Read more about Easter on the Costa Blanca - Semana Santa and processions\" tabindex=\"-1\" >\n\t\t\tRead more \u00bb\t\t<\/a>\n\n\t\t\t\t<\/div>\n\t\t\t\t\t<\/div>\n\t\t<\/article>\n\t\t\t\t<article class=\"elementor-post elementor-grid-item post-11085 post type-post status-publish format-standard has-post-thumbnail hentry category-aktivitaeten-und-ausfluege tag-chocolates-valor-museum tag-schokolade-villajoyosa tag-schokoladenfabriken-costa-blanca tag-schokoladenroute-villajoyosa tag-traditionelle-suesswaren-villajoyosa tag-turron-villajoyosa\" role=\"listitem\">\n\t\t\t<div class=\"elementor-post__card\">\n\t\t\t\t<a class=\"elementor-post__thumbnail__link\" href=\"https:\/\/costablanca-magazin.com\/en\/freizeit\/aktivitaeten-und-ausfluege\/schokoladen-route-villajoyosa-suesse-tradition-entdecken\/\" tabindex=\"-1\" ><div class=\"elementor-post__thumbnail\"><img decoding=\"async\" width=\"684\" height=\"1024\" src=\"https:\/\/costablanca-magazin.com\/wp-content\/uploads\/2025\/09\/cocoa-drink-2025-01-10-22-33-37-utc-684x1024.jpg\" class=\"attachment-large size-large wp-image-8964\" alt=\"Villajoyosa - The secret capital of sweets\" \/><\/div><\/a>\n\t\t\t\t<div class=\"elementor-post__badge\">Activities and excursions<\/div>\n\t\t\t\t<div class=\"elementor-post__avatar\">\n\t\t\t\t\t<\/div>\n\t\t\t\t<div class=\"elementor-post__text\">\n\t\t\t\t<span class=\"elementor-post__title\">\n\t\t\t<a href=\"https:\/\/costablanca-magazin.com\/en\/freizeit\/aktivitaeten-und-ausfluege\/schokoladen-route-villajoyosa-suesse-tradition-entdecken\/\" >\n\t\t\t\tVillajoyosa chocolate route - discover sweet tradition\t\t\t<\/a>\n\t\t<\/span>\n\t\t\t\t<div class=\"elementor-post__excerpt\">\n\t\t\t<p>Chocolate Route Villajoyosa - Discover sweet tradition Villajoyosa is considered Spain's chocolate city. The route of the chocolate and turr\u00f3n industry leads to traditional businesses<\/p>\n\t\t<\/div>\n\t\t\n\t\t<a class=\"elementor-post__read-more\" href=\"https:\/\/costablanca-magazin.com\/en\/freizeit\/aktivitaeten-und-ausfluege\/schokoladen-route-villajoyosa-suesse-tradition-entdecken\/\" aria-label=\"Read more about Chocolate Route Villajoyosa - Discover sweet tradition\" tabindex=\"-1\" >\n\t\t\tRead more \u00bb\t\t<\/a>\n\n\t\t\t\t<\/div>\n\t\t\t\t\t<\/div>\n\t\t<\/article>\n\t\t\t\t<article class=\"elementor-post elementor-grid-item post-11086 post type-post status-publish format-standard has-post-thumbnail hentry category-aktivitaeten-und-ausfluege tag-ausflug-burg-xativa tag-borgia-familie-xativa tag-burg-xativa tag-burg-xativa-geschichte tag-castell-de-xativa tag-sehenswuerdigkeit-xativa-valencia\" role=\"listitem\">\n\t\t\t<div class=\"elementor-post__card\">\n\t\t\t\t<a class=\"elementor-post__thumbnail__link\" href=\"https:\/\/costablanca-magazin.com\/en\/freizeit\/aktivitaeten-und-ausfluege\/burg-von-xativa-geschichte-der-borgia-festung-entdecken\/\" tabindex=\"-1\" ><div class=\"elementor-post__thumbnail\"><img decoding=\"async\" width=\"512\" height=\"180\" src=\"https:\/\/costablanca-magazin.com\/wp-content\/uploads\/2025\/08\/castell-1-1024x580-2-e1755517144513.jpg\" class=\"attachment-large size-large wp-image-8493\" alt=\"The castle of X\u00e0tiva: history, power and the long shadow of the Borgias 6\" srcset=\"https:\/\/costablanca-magazin.com\/wp-content\/uploads\/2025\/08\/castell-1-1024x580-2-e1755517144513.jpg 512w, https:\/\/costablanca-magazin.com\/wp-content\/uploads\/2025\/08\/castell-1-1024x580-2-e1755517144513-300x105.jpg 300w\" sizes=\"(max-width: 512px) 100vw, 512px\" \/><\/div><\/a>\n\t\t\t\t<div class=\"elementor-post__badge\">Activities and excursions<\/div>\n\t\t\t\t<div class=\"elementor-post__avatar\">\n\t\t\t\t\t<\/div>\n\t\t\t\t<div class=\"elementor-post__text\">\n\t\t\t\t<span class=\"elementor-post__title\">\n\t\t\t<a href=\"https:\/\/costablanca-magazin.com\/en\/freizeit\/aktivitaeten-und-ausfluege\/burg-von-xativa-geschichte-der-borgia-festung-entdecken\/\" >\n\t\t\t\tX\u00e0tiva Castle: discover the history of the Borgia fortress\t\t\t<\/a>\n\t\t<\/span>\n\t\t\t\t<div class=\"elementor-post__excerpt\">\n\t\t\t<p>X\u00e0tiva Castle: discover the history of the Borgia fortress X\u00e0tiva Castle is one of the most impressive fortresses in the Region of Valencia. Its history<\/p>\n\t\t<\/div>\n\t\t\n\t\t<a class=\"elementor-post__read-more\" href=\"https:\/\/costablanca-magazin.com\/en\/freizeit\/aktivitaeten-und-ausfluege\/burg-von-xativa-geschichte-der-borgia-festung-entdecken\/\" aria-label=\"Read more about X\u00e0tiva Castle: discover the history of the Borgia fortress\" tabindex=\"-1\" >\n\t\t\tRead more \u00bb\t\t<\/a>\n\n\t\t\t\t<\/div>\n\t\t\t\t\t<\/div>\n\t\t<\/article>\n\t\t\t\t<\/div>\n\t\t\n\t\t\t\t\t\t<\/div>\n\t\t\t\t<\/div>\n\t\t\t\t\t<\/div>\n\t\t\t\t<\/div>\n\t\t\t\t<\/div>","protected":false},"excerpt":{"rendered":"<p>Moros y Cristianos Costa Blanca 2026 &#8211; Termine und Feste Warum diese Fiestas mehr sind als bunte Umz\u00fcge Erst kommen die Trommeln. Dann die Bl\u00e4ser. Dann f\u00fcllt sich die Stra\u00dfe mit schweren Stoffen, gl\u00e4nzenden Helmen, Federkronen, Standarten, Pferden und Gruppen, die nicht einfach \u201emitlaufen\u201c, sondern ihren Auftritt seit Monaten vorbereiten. Moros y Cristianos geh\u00f6ren an [&hellip;]<\/p>\n","protected":false},"author":1,"featured_media":8738,"comment_status":"closed","ping_status":"closed","sticky":false,"template":"elementor_header_footer","format":"standard","meta":{"footnotes":""},"categories":[23],"tags":[1729,235,1726,1727,1725,1728],"class_list":["post-11423","post","type-post","status-publish","format-standard","has-post-thumbnail","hentry","category-veranstaltungen-events","tag-fiestas-costa-blanca-2026","tag-moros-y-cristianos-benidorm","tag-moros-y-cristianos-costa-blanca-2026","tag-moros-y-cristianos-denia","tag-moros-y-cristianos-termine-2026","tag-moros-y-cristianos-villajoyosa"],"aioseo_notices":[],"_links":{"self":[{"href":"https:\/\/costablanca-magazin.com\/en\/wp-json\/wp\/v2\/posts\/11423","targetHints":{"allow":["GET"]}}],"collection":[{"href":"https:\/\/costablanca-magazin.com\/en\/wp-json\/wp\/v2\/posts"}],"about":[{"href":"https:\/\/costablanca-magazin.com\/en\/wp-json\/wp\/v2\/types\/post"}],"author":[{"embeddable":true,"href":"https:\/\/costablanca-magazin.com\/en\/wp-json\/wp\/v2\/users\/1"}],"replies":[{"embeddable":true,"href":"https:\/\/costablanca-magazin.com\/en\/wp-json\/wp\/v2\/comments?post=11423"}],"version-history":[{"count":7,"href":"https:\/\/costablanca-magazin.com\/en\/wp-json\/wp\/v2\/posts\/11423\/revisions"}],"predecessor-version":[{"id":11441,"href":"https:\/\/costablanca-magazin.com\/en\/wp-json\/wp\/v2\/posts\/11423\/revisions\/11441"}],"wp:featuredmedia":[{"embeddable":true,"href":"https:\/\/costablanca-magazin.com\/en\/wp-json\/wp\/v2\/media\/8738"}],"wp:attachment":[{"href":"https:\/\/costablanca-magazin.com\/en\/wp-json\/wp\/v2\/media?parent=11423"}],"wp:term":[{"taxonomy":"category","embeddable":true,"href":"https:\/\/costablanca-magazin.com\/en\/wp-json\/wp\/v2\/categories?post=11423"},{"taxonomy":"post_tag","embeddable":true,"href":"https:\/\/costablanca-magazin.com\/en\/wp-json\/wp\/v2\/tags?post=11423"}],"curies":[{"name":"wp","href":"https:\/\/api.w.org\/{rel}","templated":true}]}}