{"id":11405,"date":"2026-04-23T15:33:16","date_gmt":"2026-04-23T13:33:16","guid":{"rendered":"https:\/\/costablanca-magazin.com\/?p=11405"},"modified":"2026-04-24T16:14:18","modified_gmt":"2026-04-24T14:14:18","slug":"iran-conflict-and-air-fares-what-alicante-and-valencia-really-expect","status":"publish","type":"post","link":"https:\/\/costablanca-magazin.com\/en\/lokales\/news-politik\/iran-konflikt-und-flugpreise-was-alicante-und-valencia-wirklich-erwartet\/","title":{"rendered":"Iran conflict and flight prices: What really awaits Alicante and Valencia"},"content":{"rendered":"<div data-elementor-type=\"wp-post\" data-elementor-id=\"11405\" class=\"elementor elementor-11405\" data-elementor-post-type=\"post\">\n\t\t\t\t<div class=\"elementor-element elementor-element-af3fc2a e-flex e-con-boxed e-con e-parent\" data-id=\"af3fc2a\" data-element_type=\"container\" data-e-type=\"container\">\n\t\t\t\t\t<div class=\"e-con-inner\">\n\t\t\t\t<div class=\"elementor-element elementor-element-f8865e2 elementor-widget elementor-widget-heading\" data-id=\"f8865e2\" data-element_type=\"widget\" data-e-type=\"widget\" data-widget_type=\"heading.default\">\n\t\t\t\t<div class=\"elementor-widget-container\">\n\t\t\t\t\t<h2 class=\"elementor-heading-title elementor-size-default\">Iran conflict and flight prices: What really awaits Alicante and Valencia<\/h2>\t\t\t\t<\/div>\n\t\t\t\t<\/div>\n\t\t\t\t<div class=\"elementor-element elementor-element-f8b2c28 elementor-widget elementor-widget-image\" data-id=\"f8b2c28\" data-element_type=\"widget\" data-e-type=\"widget\" data-widget_type=\"image.default\">\n\t\t\t\t<div class=\"elementor-widget-container\">\n\t\t\t\t\t\t\t\t\t\t\t\t\t\t\t<img decoding=\"async\" src=\"https:\/\/costablanca-magazin.com\/wp-content\/uploads\/elementor\/thumbs\/die-inselzeitung-mallorca-255-rmfkvt4ossj4t7pydqmj4220qrycfajars88bh39uc.jpg\" title=\"Iran conflict and flight prices: What really awaits Alicante and Valencia\" alt=\"Iran conflict and flight prices: What really awaits Alicante and Valencia\" loading=\"lazy\" \/>\t\t\t\t\t\t\t\t\t\t\t\t\t\t\t<\/div>\n\t\t\t\t<\/div>\n\t\t\t\t<div class=\"elementor-element elementor-element-380243d elementor-widget elementor-widget-heading\" data-id=\"380243d\" data-element_type=\"widget\" data-e-type=\"widget\" data-widget_type=\"heading.default\">\n\t\t\t\t<div class=\"elementor-widget-container\">\n\t\t\t\t\t<h2 class=\"elementor-heading-title elementor-size-default\">War, paraffin, tickets: what the Iran conflict really means for flights to Alicante and Valencia\n\nHigher costs, a lot of nervousness - but no reason for crisis theatre<\/h2>\t\t\t\t<\/div>\n\t\t\t\t<\/div>\n\t\t\t\t\t<\/div>\n\t\t\t\t<\/div>\n\t\t<div class=\"elementor-element elementor-element-aa9b576 e-flex e-con-boxed e-con e-parent\" data-id=\"aa9b576\" data-element_type=\"container\" data-e-type=\"container\">\n\t\t\t\t\t<div class=\"e-con-inner\">\n\t\t<div class=\"elementor-element elementor-element-8f2c1c3 e-con-full e-flex e-con e-child\" data-id=\"8f2c1c3\" data-element_type=\"container\" data-e-type=\"container\">\n\t\t\t\t<div class=\"elementor-element elementor-element-88cbc43 elementor-widget elementor-widget-text-editor\" data-id=\"88cbc43\" data-element_type=\"widget\" data-e-type=\"widget\" data-widget_type=\"text-editor.default\">\n\t\t\t\t<div class=\"elementor-widget-container\">\n\t\t\t\t\t\t\t\t\t<p class=\"x_MsoNormal\" data-olk-copy-source=\"MessageBody\">Anyone reading headlines about air traffic at the moment might think that the next major flight cancellation is already on the horizon in Europe. This sounds dramatic and makes for good headlines - but it is still not an accurate description of the situation. The truth is that the war with Iran has put the market for aviation fuel in Europe under considerable pressure. Reuters reported back in March that jet fuel had risen from around 85 to 90 dollars per barrel to 150 to 200 dollars in a short space of time. EUROCONTROL confirmed at the end of March that average jet fuel prices in Europe were therefore around twice as high as at the beginning of the year.<\/p><p class=\"x_MsoNormal\">This means that the cost pressure is real. However, the commodities market does not automatically turn into a supply catastrophe at every airport overnight. This is exactly where the usual crisis noise often begins: a serious market problem quickly turns into an end-time film with a boarding pass. For a sober categorisation, it is therefore worth taking a look at the actual mechanisms.<\/p><h3 class=\"x_MsoNormal\"><b>Why the conflict is affecting air traffic in Europe at all<\/b><\/h3><p class=\"x_MsoNormal\">The critical point lies in the supply chain. The Strait of Hormuz is central to energy exports from the Gulf. If pressure increases there, this will affect the European market for aviation fuel. The EU is therefore now considering making member states more responsible for holding and monitoring jet fuel stocks in a more targeted manner and redistributing them regionally in the event of a shortage. Closer market monitoring and a fuel observatory are also planned. This shows how seriously Brussels is taking the situation. However, it also shows that the reaction so far has been primarily precautionary, not an expression of a collapse that has already occurred.<\/p><p class=\"x_MsoNormal\">EUROCONTROL reported an average jet fuel price of 4.73 dollars per gallon for 27 March and 4.85 dollars per gallon for 10 April. Prices therefore remain high and volatile, but are moving in a market that is continuously monitored and not flying blind.<\/p><h3 class=\"x_MsoNormal\"><b>Spain is affected - but better protected than many other countries<\/b><\/h3><p class=\"x_MsoNormal\">So far, the situation in Spain has been more stable than in other parts of Europe. According to ALA, around 80 to 85 per cent of the jet fuel consumed in Spain is produced domestically. El Pa\u00eds also reports that Aena has significantly tightened its monitoring of the situation and is working more closely with Cores, Exolum, airlines and industry associations. At the same time, the key message from Spain remains remarkably sober: operations are running normally and there is currently no sign of an acute supply problem at Spanish airports.<\/p><p class=\"x_MsoNormal\">This is the crucial point for Alicante and Valencia. Both airports depend on the Spanish system, not on an isolated special situation. So anyone who suggests that the Iran conflict is having a direct impact on flights to the Costa Blanca as a supply shortage is currently telling a more dramatic than realistic story. The problem lies first and foremost in the costs and the uncertainty of the market, not in empty tanks on the Mediterranean coast.<\/p><p class=\"x_MsoNormal\">\u00a0<\/p>\t\t\t\t\t\t\t\t<\/div>\n\t\t\t\t<\/div>\n\t\t\t\t<\/div>\n\t\t<div class=\"elementor-element elementor-element-b134d8d e-con-full e-flex e-con e-child\" data-id=\"b134d8d\" data-element_type=\"container\" data-e-type=\"container\">\n\t\t\t\t<div class=\"elementor-element elementor-element-8e4a3ee elementor-widget elementor-widget-text-editor\" data-id=\"8e4a3ee\" data-element_type=\"widget\" data-e-type=\"widget\" data-widget_type=\"text-editor.default\">\n\t\t\t\t<div class=\"elementor-widget-container\">\n\t\t\t\t\t\t\t\t\t<h3 class=\"x_MsoNormal\"><b>What travellers to Alicante and Valencia might actually notice now<\/b><\/h3><p class=\"x_MsoNormal\">Of course, the conflict is not without consequences. Airlines have long been feeling the effects of higher fuel costs. Reuters reported back in March that several airlines were reacting to the price pressure. SAS and Air New Zealand raised fares, while other providers introduced surcharges or adjusted their planning. On 22 April, United then openly declared that ticket prices could rise by 15 to 20 per cent in order to compensate for the higher fuel costs; at the same time, the company had already implemented several price increases.<\/p><p class=\"x_MsoNormal\">For passengers on routes to Alicante or Valencia, this means above all that the likelihood of tickets being more expensive at certain points increases. Particularly susceptible are travel times in high demand, bookings at short notice and connections with less competition. On the other hand, an across-the-board and immediate price jump on all European routes to Spain is less likely. The market is too differentiated for this and Spain's supply situation has so far been too stable.<\/p><h3 class=\"x_MsoNormal\"><b>Why you should read alerts with caution<\/b><\/h3><p class=\"x_MsoNormal\">When it comes to air fares in particular, everything is currently being summarised in a simple formula: War equals paraffin shortage equals ticket shock. It makes for a catchy read, but often only partially stands up to closer scrutiny. Yes, the price of aviation fuel has risen massively. Yes, airlines are already reacting. Yes, the EU is preparing for possible bottlenecks. No, this has not yet automatically led to an immediate supply crisis in Spain or a widespread price hike on every connection to Alicante and Valencia.<\/p><p class=\"x_MsoNormal\">In other words, the issue is serious enough without having to write the next catastrophe report. The market is under pressure. But nothing more so far.<\/p><h3 class=\"x_MsoNormal\"><b>What remains crucial for Alicante and Valencia now<\/b><\/h3><p class=\"x_MsoNormal\">Whether flights to the Costa Blanca and the Valencia region will become noticeably more expensive depends on three main factors: the duration of the conflict, the further development of jet fuel prices and how much of the additional costs the airlines actually pass on to customers. As long as Spain maintains its comparatively stable supply and competition on European routes continues, there is currently more in favour of selective surcharges than a general price shock.<\/p><p class=\"x_MsoNormal\">The Iran conflict has brought Europe's air traffic into a delicate phase when it comes to fuel. Paraffin prices have risen sharply, airlines are already reacting and the EU is considering additional security mechanisms. For Spain, however, the motto at the moment is: vigilant yes, supply crisis no. Anyone looking at flights to Alicante or Valencia should therefore expect a nervous market rather than the major collapse that some headlines are already trying to conjure up.<\/p>\t\t\t\t\t\t\t\t<\/div>\n\t\t\t\t<\/div>\n\t\t\t\t<\/div>\n\t\t\t\t\t<\/div>\n\t\t\t\t<\/div>\n\t\t<div class=\"elementor-element elementor-element-9b09cb7 e-flex e-con-boxed e-con e-parent\" data-id=\"9b09cb7\" data-element_type=\"container\" data-e-type=\"container\">\n\t\t\t\t\t<div class=\"e-con-inner\">\n\t\t\t\t<div class=\"elementor-element elementor-element-ae1200b elementor-widget-divider--separator-type-pattern elementor-widget-divider--no-spacing elementor-widget-divider--view-line elementor-widget elementor-widget-divider\" data-id=\"ae1200b\" data-element_type=\"widget\" data-e-type=\"widget\" data-widget_type=\"divider.default\">\n\t\t\t\t<div class=\"elementor-widget-container\">\n\t\t\t\t\t\t\t<div class=\"elementor-divider\" style=\"--divider-pattern-url: url(&quot;data:image\/svg+xml,%3Csvg xmlns=&#039;http:\/\/www.w3.org\/2000\/svg&#039; preserveAspectRatio=&#039;xMidYMid meet&#039; overflow=&#039;visible&#039; height=&#039;100%&#039; viewBox=&#039;0 0 126 26&#039; fill=&#039;black&#039; stroke=&#039;none&#039;%3E%3Cpath d=&#039;M3,10.2c2.6,0,2.6,2,2.6,3.2S4.4,16.5,3,16.5s-3-1.4-3-3.2S0.4,10.2,3,10.2z M18.8,10.2c1.7,0,3.2,1.4,3.2,3.2s-1.4,3.2-3.2,3.2c-1.7,0-3.2-1.4-3.2-3.2S17,10.2,18.8,10.2z M34.6,10.2c1.5,0,2.6,1.4,2.6,3.2s-0.5,3.2-1.9,3.2c-1.5,0-3.4-1.4-3.4-3.2S33.1,10.2,34.6,10.2z M50.5,10.2c1.7,0,3.2,1.4,3.2,3.2s-1.4,3.2-3.2,3.2c-1.7,0-3.3-0.9-3.3-2.6S48.7,10.2,50.5,10.2z M66.2,10.2c1.5,0,3.4,1.4,3.4,3.2s-1.9,3.2-3.4,3.2c-1.5,0-2.6-0.4-2.6-2.1S64.8,10.2,66.2,10.2z M82.2,10.2c1.7,0.8,2.6,1.4,2.6,3.2s-0.1,3.2-1.6,3.2c-1.5,0-3.7-1.4-3.7-3.2S80.5,9.4,82.2,10.2zM98.6,10.2c1.5,0,2.6,0.4,2.6,2.1s-1.2,4.2-2.6,4.2c-1.5,0-3.7-0.4-3.7-2.1S97.1,10.2,98.6,10.2z M113.4,10.2c1.2,0,2.2,0.9,2.2,3.2s-0.1,3.2-1.3,3.2s-3.1-1.4-3.1-3.2S112.2,10.2,113.4,10.2z&#039;\/%3E%3C\/svg%3E&quot;);\">\n\t\t\t<span class=\"elementor-divider-separator\">\n\t\t\t\t\t\t<\/span>\n\t\t<\/div>\n\t\t\t\t\t\t<\/div>\n\t\t\t\t<\/div>\n\t\t\t\t<div class=\"elementor-element elementor-element-d3e7005 elementor-grid-3 elementor-grid-tablet-2 elementor-grid-mobile-1 elementor-posts--thumbnail-top elementor-posts--show-avatar elementor-card-shadow-yes elementor-posts__hover-gradient elementor-widget elementor-widget-posts\" data-id=\"d3e7005\" data-element_type=\"widget\" data-e-type=\"widget\" data-settings=\"{&quot;cards_columns&quot;:&quot;3&quot;,&quot;cards_columns_tablet&quot;:&quot;2&quot;,&quot;cards_columns_mobile&quot;:&quot;1&quot;,&quot;cards_row_gap&quot;:{&quot;unit&quot;:&quot;px&quot;,&quot;size&quot;:35,&quot;sizes&quot;:[]},&quot;cards_row_gap_tablet&quot;:{&quot;unit&quot;:&quot;px&quot;,&quot;size&quot;:&quot;&quot;,&quot;sizes&quot;:[]},&quot;cards_row_gap_mobile&quot;:{&quot;unit&quot;:&quot;px&quot;,&quot;size&quot;:&quot;&quot;,&quot;sizes&quot;:[]}}\" data-widget_type=\"posts.cards\">\n\t\t\t\t<div class=\"elementor-widget-container\">\n\t\t\t\t\t\t\t<div class=\"elementor-posts-container elementor-posts elementor-posts--skin-cards elementor-grid\" role=\"list\">\n\t\t\t\t<article class=\"elementor-post elementor-grid-item post-11324 post type-post status-publish format-standard has-post-thumbnail hentry category-news-politik tag-mietanstieg-spanien-2026 tag-mieterhoehung-spanien-2-prozent tag-mietpreise-spanien-2026 tag-mietvertrag-spanien-verlaengern\" role=\"listitem\">\n\t\t\t<div class=\"elementor-post__card\">\n\t\t\t\t<a class=\"elementor-post__thumbnail__link\" href=\"https:\/\/costablanca-magazin.com\/en\/lokales\/news-politik\/neues-boe-dekret-mietanstieg-spanien-bis-2027-auf-2-begrenzt\/\" tabindex=\"-1\" ><div class=\"elementor-post__thumbnail\"><img fetchpriority=\"high\" decoding=\"async\" width=\"890\" height=\"421\" src=\"https:\/\/costablanca-magazin.com\/wp-content\/uploads\/2026\/02\/bauen-und-wohnen-mallorca-inselmagazin-haus-e1771429547307.jpg\" class=\"attachment-2048x2048 size-2048x2048 wp-image-10778\" alt=\"NRUA 2026 on the Costa Blanca: registration requirements, tax rules and risks for holiday landlords\" srcset=\"https:\/\/costablanca-magazin.com\/wp-content\/uploads\/2026\/02\/bauen-und-wohnen-mallorca-inselmagazin-haus-e1771429547307.jpg 890w, https:\/\/costablanca-magazin.com\/wp-content\/uploads\/2026\/02\/bauen-und-wohnen-mallorca-inselmagazin-haus-e1771429547307-300x142.jpg 300w, https:\/\/costablanca-magazin.com\/wp-content\/uploads\/2026\/02\/bauen-und-wohnen-mallorca-inselmagazin-haus-e1771429547307-768x363.jpg 768w, https:\/\/costablanca-magazin.com\/wp-content\/uploads\/2026\/02\/bauen-und-wohnen-mallorca-inselmagazin-haus-e1771429547307-18x9.jpg 18w\" sizes=\"(max-width: 890px) 100vw, 890px\" \/><\/div><\/a>\n\t\t\t\t<div class=\"elementor-post__badge\">News &amp; Politics<\/div>\n\t\t\t\t<div class=\"elementor-post__avatar\">\n\t\t\t\t\t<\/div>\n\t\t\t\t<div class=\"elementor-post__text\">\n\t\t\t\t<span class=\"elementor-post__title\">\n\t\t\t<a href=\"https:\/\/costablanca-magazin.com\/en\/lokales\/news-politik\/neues-boe-dekret-mietanstieg-spanien-bis-2027-auf-2-begrenzt\/\" >\n\t\t\t\tNew BOE decree: Rent increase in Spain limited to 2 % by 2027\t\t\t<\/a>\n\t\t<\/span>\n\t\t\t\t<div class=\"elementor-post__excerpt\">\n\t\t\t<p>New BOE decree: rent increases in Spain limited to 2 % by 2027 New BOE decree limits rent increases in Spain to 2 %<\/p>\n\t\t<\/div>\n\t\t\n\t\t<a class=\"elementor-post__read-more\" href=\"https:\/\/costablanca-magazin.com\/en\/lokales\/news-politik\/neues-boe-dekret-mietanstieg-spanien-bis-2027-auf-2-begrenzt\/\" aria-label=\"Read more about New BOE decree: Rent increase in Spain limited to 2 % by 2027\" tabindex=\"-1\" >\n\t\t\tRead more \u00bb\t\t<\/a>\n\n\t\t\t\t<\/div>\n\t\t\t\t\t<\/div>\n\t\t<\/article>\n\t\t\t\t<article class=\"elementor-post elementor-grid-item post-11315 post type-post status-publish format-standard has-post-thumbnail hentry category-news-politik tag-dieselpreis-spanien tag-energiekosten-costa-blanca tag-energiekrise-spanien-2026 tag-preise-spanien-aktuell tag-stromkosten-spanien-senkung\" role=\"listitem\">\n\t\t\t<div class=\"elementor-post__card\">\n\t\t\t\t<a class=\"elementor-post__thumbnail__link\" href=\"https:\/\/costablanca-magazin.com\/en\/lokales\/news-politik\/mehrwertsteuer-auf-energie-in-spanien-soll-sinken\/\" tabindex=\"-1\" ><div class=\"elementor-post__thumbnail\"><img decoding=\"async\" width=\"1000\" height=\"562\" src=\"https:\/\/costablanca-magazin.com\/wp-content\/uploads\/2026\/03\/Tankstelle.jpg\" class=\"attachment-2048x2048 size-2048x2048 wp-image-11317\" alt=\"Value-added tax on energy in Spain to be reduced\" srcset=\"https:\/\/costablanca-magazin.com\/wp-content\/uploads\/2026\/03\/Tankstelle.jpg 1000w, https:\/\/costablanca-magazin.com\/wp-content\/uploads\/2026\/03\/Tankstelle-300x169.jpg 300w, https:\/\/costablanca-magazin.com\/wp-content\/uploads\/2026\/03\/Tankstelle-768x432.jpg 768w, https:\/\/costablanca-magazin.com\/wp-content\/uploads\/2026\/03\/Tankstelle-18x10.jpg 18w\" sizes=\"(max-width: 1000px) 100vw, 1000px\" \/><\/div><\/a>\n\t\t\t\t<div class=\"elementor-post__badge\">News &amp; Politics<\/div>\n\t\t\t\t<div class=\"elementor-post__avatar\">\n\t\t\t\t\t<\/div>\n\t\t\t\t<div class=\"elementor-post__text\">\n\t\t\t\t<span class=\"elementor-post__title\">\n\t\t\t<a href=\"https:\/\/costablanca-magazin.com\/en\/lokales\/news-politik\/mehrwertsteuer-auf-energie-in-spanien-soll-sinken\/\" >\n\t\t\t\tValue-added tax on energy in Spain to be reduced\t\t\t<\/a>\n\t\t<\/span>\n\t\t\t\t<div class=\"elementor-post__excerpt\">\n\t\t\t<p>VAT on energy to fall in Spain VAT on electricity, gas and fuel is to be reduced to 10 %<\/p>\n\t\t<\/div>\n\t\t\n\t\t<a class=\"elementor-post__read-more\" href=\"https:\/\/costablanca-magazin.com\/en\/lokales\/news-politik\/mehrwertsteuer-auf-energie-in-spanien-soll-sinken\/\" aria-label=\"Read more about VAT on energy in Spain to fall\" tabindex=\"-1\" >\n\t\t\tRead more \u00bb\t\t<\/a>\n\n\t\t\t\t<\/div>\n\t\t\t\t\t<\/div>\n\t\t<\/article>\n\t\t\t\t<article class=\"elementor-post elementor-grid-item post-10880 post type-post status-publish format-standard has-post-thumbnail hentry category-news-politik tag-handelskonflikt-usa-spanien tag-lng-spanien-usa tag-olivenoel-export-usa tag-spanien-export-usa tag-trump-spanien-handelsstopp tag-usa-spanien-handel\" role=\"listitem\">\n\t\t\t<div class=\"elementor-post__card\">\n\t\t\t\t<a class=\"elementor-post__thumbnail__link\" href=\"https:\/\/costablanca-magazin.com\/en\/lokales\/news-politik\/usa-spanien-trump-droht-mit-handelsstopp\/\" tabindex=\"-1\" ><div class=\"elementor-post__thumbnail\"><img decoding=\"async\" width=\"1200\" height=\"392\" src=\"https:\/\/costablanca-magazin.com\/wp-content\/uploads\/2026\/03\/shutterstock_2612600915-e1772633400837.jpg\" class=\"attachment-2048x2048 size-2048x2048 wp-image-10878\" alt=\"Trade - Trump&#039;s threat against Spain @shutterstock_2612600915\" srcset=\"https:\/\/costablanca-magazin.com\/wp-content\/uploads\/2026\/03\/shutterstock_2612600915-e1772633400837.jpg 1200w, https:\/\/costablanca-magazin.com\/wp-content\/uploads\/2026\/03\/shutterstock_2612600915-e1772633400837-300x98.jpg 300w, https:\/\/costablanca-magazin.com\/wp-content\/uploads\/2026\/03\/shutterstock_2612600915-e1772633400837-1024x335.jpg 1024w, https:\/\/costablanca-magazin.com\/wp-content\/uploads\/2026\/03\/shutterstock_2612600915-e1772633400837-768x251.jpg 768w, https:\/\/costablanca-magazin.com\/wp-content\/uploads\/2026\/03\/shutterstock_2612600915-e1772633400837-18x6.jpg 18w\" sizes=\"(max-width: 1200px) 100vw, 1200px\" \/><\/div><\/a>\n\t\t\t\t<div class=\"elementor-post__badge\">News &amp; Politics<\/div>\n\t\t\t\t<div class=\"elementor-post__avatar\">\n\t\t\t\t\t<\/div>\n\t\t\t\t<div class=\"elementor-post__text\">\n\t\t\t\t<span class=\"elementor-post__title\">\n\t\t\t<a href=\"https:\/\/costablanca-magazin.com\/en\/lokales\/news-politik\/usa-spanien-trump-droht-mit-handelsstopp\/\" >\n\t\t\t\tUSA-Spain - Trump threatens with trade ban\t\t\t<\/a>\n\t\t<\/span>\n\t\t\t\t<div class=\"elementor-post__excerpt\">\n\t\t\t<p>USA-Spain - Trump threatens trade ban Trump threatens Spain with a trade ban. Figures on exports, LNG, olive oil and possible consequences<\/p>\n\t\t<\/div>\n\t\t\n\t\t<a class=\"elementor-post__read-more\" href=\"https:\/\/costablanca-magazin.com\/en\/lokales\/news-politik\/usa-spanien-trump-droht-mit-handelsstopp\/\" aria-label=\"Read more about USA-Spain - Trump threatens to stop trade\" tabindex=\"-1\" >\n\t\t\tRead more \u00bb\t\t<\/a>\n\n\t\t\t\t<\/div>\n\t\t\t\t\t<\/div>\n\t\t<\/article>\n\t\t\t\t<\/div>\n\t\t\n\t\t\t\t\t\t<\/div>\n\t\t\t\t<\/div>\n\t\t\t\t\t<\/div>\n\t\t\t\t<\/div>\n\t\t\t\t<\/div>","protected":false},"excerpt":{"rendered":"<p>Iran-Konflikt und Flugpreise: Was Alicante und Valencia wirklich erwartet Krieg, Kerosin, Tickets: Was der Iran-Konflikt f\u00fcr Fl\u00fcge nach Alicante und Valencia wirklich bedeutet H\u00f6here Kosten, viel Nervosit\u00e4t \u2013 aber kein Grund f\u00fcr Krisentheater Wer derzeit \u00dcberschriften zum Luftverkehr liest, k\u00f6nnte meinen, in Europa stehe der n\u00e4chste gro\u00dfe Flugstopp schon bereit. Das klingt dramatisch, tr\u00e4gt sich [&hellip;]<\/p>\n","protected":false},"author":1,"featured_media":11406,"comment_status":"closed","ping_status":"closed","sticky":false,"template":"elementor_header_footer","format":"standard","meta":{"footnotes":""},"categories":[12],"tags":[1724,1719,1720,1723,1721,1722],"class_list":["post-11405","post","type-post","status-publish","format-standard","has-post-thumbnail","hentry","category-news-politik","tag-airlines-spanien","tag-fluege-alicante","tag-fluege-valencia","tag-iran-konflikt-flugpreise","tag-jet-fuel-spanien","tag-kerosinpreise-europa"],"aioseo_notices":[],"_links":{"self":[{"href":"https:\/\/costablanca-magazin.com\/en\/wp-json\/wp\/v2\/posts\/11405","targetHints":{"allow":["GET"]}}],"collection":[{"href":"https:\/\/costablanca-magazin.com\/en\/wp-json\/wp\/v2\/posts"}],"about":[{"href":"https:\/\/costablanca-magazin.com\/en\/wp-json\/wp\/v2\/types\/post"}],"author":[{"embeddable":true,"href":"https:\/\/costablanca-magazin.com\/en\/wp-json\/wp\/v2\/users\/1"}],"replies":[{"embeddable":true,"href":"https:\/\/costablanca-magazin.com\/en\/wp-json\/wp\/v2\/comments?post=11405"}],"version-history":[{"count":7,"href":"https:\/\/costablanca-magazin.com\/en\/wp-json\/wp\/v2\/posts\/11405\/revisions"}],"predecessor-version":[{"id":11422,"href":"https:\/\/costablanca-magazin.com\/en\/wp-json\/wp\/v2\/posts\/11405\/revisions\/11422"}],"wp:featuredmedia":[{"embeddable":true,"href":"https:\/\/costablanca-magazin.com\/en\/wp-json\/wp\/v2\/media\/11406"}],"wp:attachment":[{"href":"https:\/\/costablanca-magazin.com\/en\/wp-json\/wp\/v2\/media?parent=11405"}],"wp:term":[{"taxonomy":"category","embeddable":true,"href":"https:\/\/costablanca-magazin.com\/en\/wp-json\/wp\/v2\/categories?post=11405"},{"taxonomy":"post_tag","embeddable":true,"href":"https:\/\/costablanca-magazin.com\/en\/wp-json\/wp\/v2\/tags?post=11405"}],"curies":[{"name":"wp","href":"https:\/\/api.w.org\/{rel}","templated":true}]}}