{"id":11128,"date":"2026-03-13T15:00:23","date_gmt":"2026-03-13T14:00:23","guid":{"rendered":"https:\/\/costablanca-magazin.com\/?p=11128"},"modified":"2026-03-18T08:37:33","modified_gmt":"2026-03-18T07:37:33","slug":"easter-on-the-costa-blanca-semana-santa-and-processions","status":"publish","type":"post","link":"https:\/\/costablanca-magazin.com\/en\/freizeit\/aktivitaeten-und-ausfluege\/ostern-an-der-costa-blanca-semana-santa-und-prozessionen\/","title":{"rendered":"Easter on the Costa Blanca - Semana Santa and processions"},"content":{"rendered":"<div data-elementor-type=\"wp-post\" data-elementor-id=\"11128\" class=\"elementor elementor-11128\" data-elementor-post-type=\"post\">\n\t\t\t\t<div class=\"elementor-element elementor-element-18b8f41 e-flex e-con-boxed e-con e-parent\" data-id=\"18b8f41\" data-element_type=\"container\" data-e-type=\"container\">\n\t\t\t\t\t<div class=\"e-con-inner\">\n\t\t\t\t<div class=\"elementor-element elementor-element-3659954 elementor-widget elementor-widget-heading\" data-id=\"3659954\" data-element_type=\"widget\" data-e-type=\"widget\" data-widget_type=\"heading.default\">\n\t\t\t\t<div class=\"elementor-widget-container\">\n\t\t\t\t\t<h1 class=\"elementor-heading-title elementor-size-default\">Easter on the Costa Blanca - Semana Santa and processions<\/h1>\t\t\t\t<\/div>\n\t\t\t\t<\/div>\n\t\t\t\t<div class=\"elementor-element elementor-element-ec83c89 elementor-widget elementor-widget-gallery\" data-id=\"ec83c89\" data-element_type=\"widget\" data-e-type=\"widget\" data-settings=\"{&quot;columns&quot;:1,&quot;gap&quot;:{&quot;unit&quot;:&quot;px&quot;,&quot;size&quot;:0,&quot;sizes&quot;:[]},&quot;aspect_ratio&quot;:&quot;21:9&quot;,&quot;lazyload&quot;:&quot;yes&quot;,&quot;gallery_layout&quot;:&quot;grid&quot;,&quot;columns_tablet&quot;:2,&quot;columns_mobile&quot;:1,&quot;gap_tablet&quot;:{&quot;unit&quot;:&quot;px&quot;,&quot;size&quot;:10,&quot;sizes&quot;:[]},&quot;gap_mobile&quot;:{&quot;unit&quot;:&quot;px&quot;,&quot;size&quot;:10,&quot;sizes&quot;:[]},&quot;overlay_background&quot;:&quot;yes&quot;,&quot;content_hover_animation&quot;:&quot;fade-in&quot;}\" data-widget_type=\"gallery.default\">\n\t\t\t\t<div class=\"elementor-widget-container\">\n\t\t\t\t\t\t\t<div class=\"elementor-gallery__container\">\n\t\t\t\t\t\t\t<div class=\"e-gallery-item elementor-gallery-item elementor-animated-content\">\n\t\t\t\t\t<div class=\"e-gallery-image elementor-gallery-item__image\" data-thumbnail=\"https:\/\/costablanca-magazin.com\/wp-content\/uploads\/2025\/03\/Ostern-Figur-e1773410080947.jpg\" data-width=\"934\" data-height=\"580\" aria-label=\"Easter and history: the most important churches and religious sites on the Costa Blanca 1\" role=\"img\" ><\/div>\n\t\t\t\t\t\t\t\t\t\t\t<div class=\"elementor-gallery-item__overlay\"><\/div>\n\t\t\t\t\t\t\t\t\t\t\t\t\t\t<\/div>\n\t\t\t\t\t<\/div>\n\t\t\t\t\t<\/div>\n\t\t\t\t<\/div>\n\t\t\t\t\t<\/div>\n\t\t\t\t<\/div>\n\t\t<div class=\"elementor-element elementor-element-0bf469a e-flex e-con-boxed e-con e-parent\" data-id=\"0bf469a\" data-element_type=\"container\" data-e-type=\"container\">\n\t\t\t\t\t<div class=\"e-con-inner\">\n\t\t\t\t<div class=\"elementor-element elementor-element-f631a64 elementor-widget elementor-widget-heading\" data-id=\"f631a64\" data-element_type=\"widget\" data-e-type=\"widget\" data-widget_type=\"heading.default\">\n\t\t\t\t<div class=\"elementor-widget-container\">\n\t\t\t\t\t<h2 class=\"elementor-heading-title elementor-size-default\">Easter on the Costa Blanca: an overview of the processions, brotherhoods and traditions of Semana Santa between D\u00e9nia, Alicante and Orihuela.<\/h2>\t\t\t\t<\/div>\n\t\t\t\t<\/div>\n\t\t\t\t\t<\/div>\n\t\t\t\t<\/div>\n\t\t<div class=\"elementor-element elementor-element-167a987 e-flex e-con-boxed e-con e-parent\" data-id=\"167a987\" data-element_type=\"container\" data-e-type=\"container\">\n\t\t\t\t\t<div class=\"e-con-inner\">\n\t\t<div class=\"elementor-element elementor-element-23f4d82 e-con-full e-flex e-con e-child\" data-id=\"23f4d82\" data-element_type=\"container\" data-e-type=\"container\">\n\t\t\t\t<div class=\"elementor-element elementor-element-c77089e elementor-widget elementor-widget-text-editor\" data-id=\"c77089e\" data-element_type=\"widget\" data-e-type=\"widget\" data-widget_type=\"text-editor.default\">\n\t\t\t\t<div class=\"elementor-widget-container\">\n\t\t\t\t\t\t\t\t\t<p>Between D\u00e9nia and Pilar de la Horadada, processions pass through historic centres during Holy Week. Brotherhoods, baroque sculptures and local rituals characterise one of the most important religious traditions in the province of Alicante.<\/p><p><strong>When drums echo through the old town centres<\/strong><\/p><p>In the old town of <strong>D\u00e9nia<\/strong> In the early evening, dusk slowly descends over the alleyways. Members of a brotherhood gather in front of a church, candles are lit and drums beat out a calm rhythm. A little later, the procession sets off. A religious sculpture depicting a scene from the Passion of Christ is carried on a large platform, accompanied by musicians and participants in long robes.<\/p><p>Pictures like this are part of springtime all along the coast. From J\u00e1vea and Moraira via Calpe, Altea and Benidorm to Villajoyosa, Alicante, Torrevieja, Orihuela Costa and Pilar de la Horadada, Semana Santa, the Holy Week before Easter, characterises the life of many towns.<\/p><p>In 2026, Semana Santa will take place from 29 March to 5 April. The celebration commemorates the suffering, death and resurrection of Jesus Christ and is one of the most important religious festivals in Spain.<\/p><p><strong>Brotherhoods as carriers of tradition<\/strong><\/p><p>The organisation of the processions is in the hands of the cofrad\u00edas, the traditional brotherhoods. In the province of Alicante, more than 60,000 people are involved in these associations, which prepare religious celebrations, restore statues and coordinate the processions.<\/p><p>Many of these brotherhoods have existed for centuries. Historical sources document processions in Alicante as early as 1600, and in many towns entire families have belonged to the same cofrad\u00eda for generations.<\/p><p>The central element of Holy Week is the processions through the historic town centres. Large platforms - known as pasos - are carried through the streets. On them are religious sculptures depicting scenes from the Passion of Christ, often from the Spanish Baroque period.<\/p><p>The parades are accompanied by brass bands, drummers and participants in traditional robes with hoods, the so-called Nazarenos.<\/p><p>In the city of Alicante alone, 28 processions parade through the streets during Holy Week. They are organised by 27 brotherhoods, each with their own figures, vestments and procession carriages.<\/p><p><strong>Different traditions along the coast<\/strong><\/p><p>Although the religious basis is the same everywhere, each town along the Costa Blanca has developed its own form of Holy Week.<\/p><p><strong>Elche - Palm Sunday with white palm branches<\/strong><\/p><p>Palm Sunday in Elche is one of the most famous Easter traditions in Spain. Thousands of participants carry elaborately woven white palm leaves made in the town's palm grove.<\/p><p>The procession begins on Palm Sunday, 29 March 2026, and passes through the historic centre around the Basilica of Santa Mar\u00eda. Around 70,000 people accompany this procession every year. The celebration is recognised as a Fiesta de Inter\u00e9s Tur\u00edstico Internacional.<\/p><p><strong>Orihuela - baroque figures and historical rituals<\/strong><\/p><p>The processions in Orihuela are among the most important in the region. More than 8,000 participants and over 1,000 musicians take part in large processions.<\/p><p>The \u201eProcesi\u00f3n del Santo Entierro\u201c on Good Friday, 3 April 2026, during which religious sculptures from the 18th century are carried through the old town, is particularly impressive. Many of the figures come from the workshop of the baroque sculptor Francisco Salzillo.<\/p><p>A unique ritual is the appearance of the Caballero Cubierto, who carries the city banner - a privilege that dates back to papal documents from the 17th century. The night before, on Maundy Thursday, 2 April 2026, the \u201eProcesi\u00f3n del Silencio\u201c parades through the streets with virtually no musical accompaniment.<\/p><p><strong>Crevillente - Good Friday with a long tradition<\/strong><\/p><p>Crevillente also has one of the most famous Good Friday processions in the region. Its origins date back to the 18th century.<\/p>\t\t\t\t\t\t\t\t<\/div>\n\t\t\t\t<\/div>\n\t\t\t\t<\/div>\n\t\t<div class=\"elementor-element elementor-element-c67e018 e-con-full e-flex e-con e-child\" data-id=\"c67e018\" data-element_type=\"container\" data-e-type=\"container\">\n\t\t\t\t<div class=\"elementor-element elementor-element-91c2353 elementor-widget elementor-widget-text-editor\" data-id=\"91c2353\" data-element_type=\"widget\" data-e-type=\"widget\" data-widget_type=\"text-editor.default\">\n\t\t\t\t<div class=\"elementor-widget-container\">\n\t\t\t\t\t\t\t\t\t<p>After the processions, many families enjoy a traditional breakfast: \u201epa torrat\u201c with cod, beans and coca biscuits. The Semana Santa of Crevillente is also recognised as a Fiesta de Inter\u00e9s Tur\u00edstico Internacional.<\/p><p><strong>Alicante - Encounter on Easter Sunday<\/strong><\/p><p>Holy Week in the provincial capital is characterised by numerous processions. The most important of these include<\/p><ul><li><strong>Domingo de Ramos - \u201eLa Burrita\u201c<\/strong> on <strong>29. <\/strong><strong>March 2026<\/strong><\/li><li><strong>Jueves Santo - Procession of the Last Supper<\/strong> on <strong>2 April 2026<\/strong><\/li><li><strong>Domingo de Resurrecci\u00f3n - \u201eEl Encuentro\u201c<\/strong> on <strong>5. <\/strong><strong>April 2026<\/strong><\/li><\/ul><p>During the \u201eEncuentro\u201c, the figures of the risen Christ and the Virgen de la Alegr\u00eda meet in the Plaza del Ayuntamiento. Thousands of small paper images - known as aleluyas - are strewn across the square.<\/p><p><strong>D\u00e9nia - Meeting of the characters<\/strong><\/p><p>In D\u00e9nia, a meeting procession is one of the most impressive moments of Holy Week. On Easter Sunday, 5 April 2026, two separate processions make their way through the old town - one with a figure of Christ and the other with a representation of the Virgin Mary.<\/p><p>Both processions later meet in a central square in the town. The meeting of the figures symbolises the resurrection and traditionally marks the end of Holy Week in the Marina Alta.<\/p><p><strong>The structure of Holy Week<\/strong><\/p><p>Semana Santa follows a fixed liturgical sequence:<\/p><p><strong>Palm Sunday - 29 March 2026<\/strong><br \/>Commemoration of the entry of Jesus into Jerusalem, often with palm processions.<\/p><p><strong>Maundy Thursday - 2 April 2026<\/strong><br \/>Commemoration of the Last Supper, usually with evening processions.<\/p><p><strong>Good Friday - 3 April 2026<\/strong><br \/>Commemoration of the crucifixion of Christ; in many places the largest and most solemn processions take place on this day.<\/p><p><strong>Holy Saturday - 4 April 2026<\/strong><br \/>Day of silence with religious devotions.<\/p><p><strong>Easter Sunday - 5 April 2026<\/strong><br \/>Celebration of the resurrection, often with meeting processions.<\/p><p><strong>Music, art and community<\/strong><\/p><p>The processions are accompanied by groups of drummers, brass bands and traditional Good Friday marches. Many of the sculptures carried are considered important works of religious sculpture and are regularly restored.<\/p><p>In many places, entire families have belonged to a cofrad\u00eda for generations. For many members, taking part in the processions is part of their personal and family history.<\/p><p><strong>Culinary traditions around Easter<\/strong><\/p><p>Easter traditions are also reflected in the cuisine. During Lent, dishes with bacalao, salted cod, are often on the menu.<\/p><p>The typical specialities include<\/p><ul><li><strong>Easter cake<\/strong>, a sweet Easter biscuit<\/li><li><strong>Bacalao dishes<\/strong> during Lent<\/li><li><strong>Rice dishes with vegetables or fish<\/strong>, which are traditionally eaten on Good Friday<\/li><\/ul><p><strong>A pilgrimage after Easter<\/strong><\/p><p>Another important religious event in the region follows shortly after Easter: the Romer\u00eda de la Santa Faz near Alicante.<\/p><p>Every year, more than 200,000 people make this pilgrimage along a route of around eight kilometres from Alicante to the Santa Faz monastery. It is one of the largest religious pilgrimage events in Spain.<\/p><p>Between Marina Alta, Marina Baixa and Vega Baja, there is a remarkable variety of local traditions during Holy Week. Each town along the Costa Blanca has developed its own processions, figures and rituals - many of which have been practised for centuries and still characterise the religious and social life of the region today.<\/p>\t\t\t\t\t\t\t\t<\/div>\n\t\t\t\t<\/div>\n\t\t\t\t<\/div>\n\t\t\t\t\t<\/div>\n\t\t\t\t<\/div>\n\t\t<div class=\"elementor-element elementor-element-83f45c4 e-flex e-con-boxed e-con e-parent\" data-id=\"83f45c4\" data-element_type=\"container\" data-e-type=\"container\">\n\t\t\t\t\t<div class=\"e-con-inner\">\n\t\t\t\t<div class=\"elementor-element elementor-element-d3c8c84 elementor-widget-divider--view-line_icon elementor-widget-divider--separator-type-pattern elementor-widget-divider--no-spacing elementor-view-default elementor-widget-divider--element-align-center elementor-widget elementor-widget-divider\" data-id=\"d3c8c84\" data-element_type=\"widget\" data-e-type=\"widget\" data-widget_type=\"divider.default\">\n\t\t\t\t<div class=\"elementor-widget-container\">\n\t\t\t\t\t\t\t<div class=\"elementor-divider\" style=\"--divider-pattern-url: url(&quot;data:image\/svg+xml,%3Csvg xmlns=&#039;http:\/\/www.w3.org\/2000\/svg&#039; preserveAspectRatio=&#039;xMidYMid meet&#039; overflow=&#039;visible&#039; height=&#039;100%&#039; viewBox=&#039;0 0 126 26&#039; fill=&#039;black&#039; stroke=&#039;none&#039;%3E%3Cpath d=&#039;M3,10.2c2.6,0,2.6,2,2.6,3.2S4.4,16.5,3,16.5s-3-1.4-3-3.2S0.4,10.2,3,10.2z M18.8,10.2c1.7,0,3.2,1.4,3.2,3.2s-1.4,3.2-3.2,3.2c-1.7,0-3.2-1.4-3.2-3.2S17,10.2,18.8,10.2z M34.6,10.2c1.5,0,2.6,1.4,2.6,3.2s-0.5,3.2-1.9,3.2c-1.5,0-3.4-1.4-3.4-3.2S33.1,10.2,34.6,10.2z M50.5,10.2c1.7,0,3.2,1.4,3.2,3.2s-1.4,3.2-3.2,3.2c-1.7,0-3.3-0.9-3.3-2.6S48.7,10.2,50.5,10.2z M66.2,10.2c1.5,0,3.4,1.4,3.4,3.2s-1.9,3.2-3.4,3.2c-1.5,0-2.6-0.4-2.6-2.1S64.8,10.2,66.2,10.2z M82.2,10.2c1.7,0.8,2.6,1.4,2.6,3.2s-0.1,3.2-1.6,3.2c-1.5,0-3.7-1.4-3.7-3.2S80.5,9.4,82.2,10.2zM98.6,10.2c1.5,0,2.6,0.4,2.6,2.1s-1.2,4.2-2.6,4.2c-1.5,0-3.7-0.4-3.7-2.1S97.1,10.2,98.6,10.2z M113.4,10.2c1.2,0,2.2,0.9,2.2,3.2s-0.1,3.2-1.3,3.2s-3.1-1.4-3.1-3.2S112.2,10.2,113.4,10.2z&#039;\/%3E%3C\/svg%3E&quot;);\">\n\t\t\t<span class=\"elementor-divider-separator\">\n\t\t\t\t\t\t\t<div class=\"elementor-icon elementor-divider__element\">\n\t\t\t\t\t<svg aria-hidden=\"true\" class=\"e-font-icon-svg e-fas-egg\" viewbox=\"0 0 384 512\" xmlns=\"http:\/\/www.w3.org\/2000\/svg\"><path d=\"M192 0C86 0 0 214 0 320s86 192 192 192 192-86 192-192S298 0 192 0z\"><\/path><\/svg><\/div>\n\t\t\t\t\t\t<\/span>\n\t\t<\/div>\n\t\t\t\t\t\t<\/div>\n\t\t\t\t<\/div>\n\t\t\t\t<div class=\"elementor-element elementor-element-abcb127 elementor-widget elementor-widget-gallery\" data-id=\"abcb127\" data-element_type=\"widget\" data-e-type=\"widget\" data-settings=\"{&quot;gallery_layout&quot;:&quot;justified&quot;,&quot;ideal_row_height&quot;:{&quot;unit&quot;:&quot;px&quot;,&quot;size&quot;:340,&quot;sizes&quot;:[]},&quot;gap&quot;:{&quot;unit&quot;:&quot;px&quot;,&quot;size&quot;:2,&quot;sizes&quot;:[]},&quot;lazyload&quot;:&quot;yes&quot;,&quot;ideal_row_height_tablet&quot;:{&quot;unit&quot;:&quot;px&quot;,&quot;size&quot;:150,&quot;sizes&quot;:[]},&quot;ideal_row_height_mobile&quot;:{&quot;unit&quot;:&quot;px&quot;,&quot;size&quot;:150,&quot;sizes&quot;:[]},&quot;gap_tablet&quot;:{&quot;unit&quot;:&quot;px&quot;,&quot;size&quot;:10,&quot;sizes&quot;:[]},&quot;gap_mobile&quot;:{&quot;unit&quot;:&quot;px&quot;,&quot;size&quot;:10,&quot;sizes&quot;:[]},&quot;link_to&quot;:&quot;file&quot;,&quot;overlay_background&quot;:&quot;yes&quot;,&quot;content_hover_animation&quot;:&quot;fade-in&quot;}\" data-widget_type=\"gallery.default\">\n\t\t\t\t<div class=\"elementor-widget-container\">\n\t\t\t\t\t\t\t<div class=\"elementor-gallery__container\">\n\t\t\t\t\t\t\t<a class=\"e-gallery-item elementor-gallery-item elementor-animated-content\" href=\"https:\/\/costablanca-magazin.com\/wp-content\/uploads\/2025\/03\/Ostern1.jpg\" data-elementor-open-lightbox=\"yes\" data-elementor-lightbox-slideshow=\"abcb127\" data-elementor-lightbox-title=\"Ostern und Geschichte: Die bedeutendsten Kirchen und religi\u00f6sen St\u00e4tten der Costa Blanca\" data-elementor-lightbox-description=\"Ostern und Geschichte: Die bedeutendsten Kirchen und religi\u00f6sen St\u00e4tten der Costa BlancaDie bedeutendsten Kirchen und religi\u00f6sen St\u00e4tten der Costa Blanca\" data-e-action-hash=\"#elementor-action%3Aaction%3Dlightbox%26settings%3DeyJpZCI6NTMwNCwidXJsIjoiaHR0cHM6XC9cL2Nvc3RhYmxhbmNhLW1hZ2F6aW4uY29tXC93cC1jb250ZW50XC91cGxvYWRzXC8yMDI1XC8wM1wvT3N0ZXJuMS5qcGciLCJzbGlkZXNob3ciOiJhYmNiMTI3In0%3D\">\n\t\t\t\t\t<div class=\"e-gallery-image elementor-gallery-item__image\" data-thumbnail=\"https:\/\/costablanca-magazin.com\/wp-content\/uploads\/2025\/03\/Ostern1.jpg\" data-width=\"1152\" data-height=\"1417\" aria-label=\"Easter and history: the most important churches and religious sites on the Costa Blanca\" role=\"img\" ><\/div>\n\t\t\t\t\t\t\t\t\t\t\t<div class=\"elementor-gallery-item__overlay\"><\/div>\n\t\t\t\t\t\t\t\t\t\t\t\t\t\t<\/a>\n\t\t\t\t\t\t\t<a class=\"e-gallery-item elementor-gallery-item elementor-animated-content\" href=\"https:\/\/costablanca-magazin.com\/wp-content\/uploads\/2025\/03\/people-wearing-uniforms-and-bearing-the-statue-of-2025-02-09-13-18-51-utc-scaled.jpg\" data-elementor-open-lightbox=\"yes\" data-elementor-lightbox-slideshow=\"abcb127\" data-elementor-lightbox-title=\"Ostern und Geschichte: Die bedeutendsten Kirchen und religi\u00f6sen St\u00e4tten der Costa Blanca\" data-elementor-lightbox-description=\"Ostern und Geschichte: Die bedeutendsten Kirchen und religi\u00f6sen St\u00e4tten der Costa Blanca\" data-e-action-hash=\"#elementor-action%3Aaction%3Dlightbox%26settings%3DeyJpZCI6NTMwNiwidXJsIjoiaHR0cHM6XC9cL2Nvc3RhYmxhbmNhLW1hZ2F6aW4uY29tXC93cC1jb250ZW50XC91cGxvYWRzXC8yMDI1XC8wM1wvcGVvcGxlLXdlYXJpbmctdW5pZm9ybXMtYW5kLWJlYXJpbmctdGhlLXN0YXR1ZS1vZi0yMDI1LTAyLTA5LTEzLTE4LTUxLXV0Yy1zY2FsZWQuanBnIiwic2xpZGVzaG93IjoiYWJjYjEyNyJ9\">\n\t\t\t\t\t<div class=\"e-gallery-image elementor-gallery-item__image\" data-thumbnail=\"https:\/\/costablanca-magazin.com\/wp-content\/uploads\/2025\/03\/people-wearing-uniforms-and-bearing-the-statue-of-2025-02-09-13-18-51-utc-scaled.jpg\" data-width=\"1707\" data-height=\"2560\" aria-label=\"Easter and history: the most important churches and religious sites on the Costa Blanca 2\" role=\"img\" ><\/div>\n\t\t\t\t\t\t\t\t\t\t\t<div class=\"elementor-gallery-item__overlay\"><\/div>\n\t\t\t\t\t\t\t\t\t\t\t\t\t\t<\/a>\n\t\t\t\t\t\t\t<a class=\"e-gallery-item elementor-gallery-item elementor-animated-content\" href=\"https:\/\/costablanca-magazin.com\/wp-content\/uploads\/2025\/03\/spring-background-easter-eggs-on-a-wooden-table-2025-01-09-05-44-48-utc-scaled-e1741975009674.jpg\" data-elementor-open-lightbox=\"yes\" data-elementor-lightbox-slideshow=\"abcb127\" data-elementor-lightbox-title=\"Ostern an der  Costa Blanca:  Die verborgenen Br\u00e4uche einer  alten Tradition\" data-elementor-lightbox-description=\"Ostern an der Costa Blanca: Die verborgenen Br\u00e4uche einer alten Tradition\" data-e-action-hash=\"#elementor-action%3Aaction%3Dlightbox%26settings%3DeyJpZCI6NTExNywidXJsIjoiaHR0cHM6XC9cL2Nvc3RhYmxhbmNhLW1hZ2F6aW4uY29tXC93cC1jb250ZW50XC91cGxvYWRzXC8yMDI1XC8wM1wvc3ByaW5nLWJhY2tncm91bmQtZWFzdGVyLWVnZ3Mtb24tYS13b29kZW4tdGFibGUtMjAyNS0wMS0wOS0wNS00NC00OC11dGMtc2NhbGVkLWUxNzQxOTc1MDA5Njc0LmpwZyIsInNsaWRlc2hvdyI6ImFiY2IxMjcifQ%3D%3D\">\n\t\t\t\t\t<div class=\"e-gallery-image elementor-gallery-item__image\" data-thumbnail=\"https:\/\/costablanca-magazin.com\/wp-content\/uploads\/2025\/03\/spring-background-easter-eggs-on-a-wooden-table-2025-01-09-05-44-48-utc-scaled-e1741975009674.jpg\" data-width=\"1707\" data-height=\"1084\" aria-label=\"Easter on the Costa Blanca: the hidden customs of an ancient tradition\" role=\"img\" ><\/div>\n\t\t\t\t\t\t\t\t\t\t\t<div class=\"elementor-gallery-item__overlay\"><\/div>\n\t\t\t\t\t\t\t\t\t\t\t\t\t\t<\/a>\n\t\t\t\t\t\t\t<a class=\"e-gallery-item elementor-gallery-item elementor-animated-content\" href=\"https:\/\/costablanca-magazin.com\/wp-content\/uploads\/2025\/03\/shutterstock_2122674653-Palmsonntag-Palmwedel-scaled.jpg\" data-elementor-open-lightbox=\"yes\" data-elementor-lightbox-slideshow=\"abcb127\" data-elementor-lightbox-title=\"Ostern an der  Costa Blanca:  Die verborgenen Br\u00e4uche einer  alten Tradition\" data-elementor-lightbox-description=\"Ostern an der Costa Blanca: Die verborgenen Br\u00e4uche einer alten Tradition\" data-e-action-hash=\"#elementor-action%3Aaction%3Dlightbox%26settings%3DeyJpZCI6NTExOSwidXJsIjoiaHR0cHM6XC9cL2Nvc3RhYmxhbmNhLW1hZ2F6aW4uY29tXC93cC1jb250ZW50XC91cGxvYWRzXC8yMDI1XC8wM1wvc2h1dHRlcnN0b2NrXzIxMjI2NzQ2NTMtUGFsbXNvbm50YWctUGFsbXdlZGVsLXNjYWxlZC5qcGciLCJzbGlkZXNob3ciOiJhYmNiMTI3In0%3D\">\n\t\t\t\t\t<div class=\"e-gallery-image elementor-gallery-item__image\" data-thumbnail=\"https:\/\/costablanca-magazin.com\/wp-content\/uploads\/2025\/03\/shutterstock_2122674653-Palmsonntag-Palmwedel-scaled.jpg\" data-width=\"2560\" data-height=\"1709\" aria-label=\"Easter on the Costa Blanca: The hidden customs of an ancient tradition 1\" role=\"img\" ><\/div>\n\t\t\t\t\t\t\t\t\t\t\t<div class=\"elementor-gallery-item__overlay\"><\/div>\n\t\t\t\t\t\t\t\t\t\t\t\t\t\t<\/a>\n\t\t\t\t\t\t\t<a class=\"e-gallery-item elementor-gallery-item elementor-animated-content\" href=\"https:\/\/costablanca-magazin.com\/wp-content\/uploads\/2025\/03\/semana-santa-benidorm-1.webp\" data-elementor-open-lightbox=\"yes\" data-elementor-lightbox-slideshow=\"abcb127\" data-elementor-lightbox-title=\"semana santa benidorm\" data-elementor-lightbox-description=\"semana santa benidorm\" data-e-action-hash=\"#elementor-action%3Aaction%3Dlightbox%26settings%3DeyJpZCI6NTEwNiwidXJsIjoiaHR0cHM6XC9cL2Nvc3RhYmxhbmNhLW1hZ2F6aW4uY29tXC93cC1jb250ZW50XC91cGxvYWRzXC8yMDI1XC8wM1wvc2VtYW5hLXNhbnRhLWJlbmlkb3JtLTEud2VicCIsInNsaWRlc2hvdyI6ImFiY2IxMjcifQ%3D%3D\">\n\t\t\t\t\t<div class=\"e-gallery-image elementor-gallery-item__image\" data-thumbnail=\"https:\/\/costablanca-magazin.com\/wp-content\/uploads\/2025\/03\/semana-santa-benidorm-1.webp\" data-width=\"344\" data-height=\"327\" aria-label=\"Holy Week in Benidorm 1\" role=\"img\" ><\/div>\n\t\t\t\t\t\t\t\t\t\t\t<div class=\"elementor-gallery-item__overlay\"><\/div>\n\t\t\t\t\t\t\t\t\t\t\t\t\t\t<\/a>\n\t\t\t\t\t\t\t<a class=\"e-gallery-item elementor-gallery-item elementor-animated-content\" href=\"https:\/\/costablanca-magazin.com\/wp-content\/uploads\/2025\/03\/crowd-in-costumes-in-semana-santa-festival-capture-2025-02-04-09-02-01-utc-scaled.jpeg\" data-elementor-open-lightbox=\"yes\" data-elementor-lightbox-slideshow=\"abcb127\" data-elementor-lightbox-title=\"Kulturelle Highlights an der Costa Blanca: Ein spannender M\u00e4rz und April voller Events\" data-elementor-lightbox-description=\"Kulturelle Highlights an der Costa Blanca: Ein spannender M\u00e4rz und April voller Events \" data-e-action-hash=\"#elementor-action%3Aaction%3Dlightbox%26settings%3DeyJpZCI6NTA4NCwidXJsIjoiaHR0cHM6XC9cL2Nvc3RhYmxhbmNhLW1hZ2F6aW4uY29tXC93cC1jb250ZW50XC91cGxvYWRzXC8yMDI1XC8wM1wvY3Jvd2QtaW4tY29zdHVtZXMtaW4tc2VtYW5hLXNhbnRhLWZlc3RpdmFsLWNhcHR1cmUtMjAyNS0wMi0wNC0wOS0wMi0wMS11dGMtc2NhbGVkLmpwZWciLCJzbGlkZXNob3ciOiJhYmNiMTI3In0%3D\">\n\t\t\t\t\t<div class=\"e-gallery-image elementor-gallery-item__image\" data-thumbnail=\"https:\/\/costablanca-magazin.com\/wp-content\/uploads\/2025\/03\/crowd-in-costumes-in-semana-santa-festival-capture-2025-02-04-09-02-01-utc-scaled.jpeg\" data-width=\"2560\" data-height=\"1710\" aria-label=\"Cultural highlights on the Costa Blanca: an exciting March and April full of events\" role=\"img\" ><\/div>\n\t\t\t\t\t\t\t\t\t\t\t<div class=\"elementor-gallery-item__overlay\"><\/div>\n\t\t\t\t\t\t\t\t\t\t\t\t\t\t<\/a>\n\t\t\t\t\t<\/div>\n\t\t\t\t\t<\/div>\n\t\t\t\t<\/div>\n\t\t\t\t\t<\/div>\n\t\t\t\t<\/div>\n\t\t<div class=\"elementor-element elementor-element-d185274 e-flex e-con-boxed e-con e-parent\" data-id=\"d185274\" data-element_type=\"container\" data-e-type=\"container\">\n\t\t\t\t\t<div class=\"e-con-inner\">\n\t\t\t\t<div class=\"elementor-element elementor-element-6c257b1 elementor-widget-divider--view-line_icon elementor-widget-divider--separator-type-pattern elementor-widget-divider--no-spacing elementor-view-default elementor-widget-divider--element-align-center elementor-widget elementor-widget-divider\" data-id=\"6c257b1\" data-element_type=\"widget\" data-e-type=\"widget\" data-widget_type=\"divider.default\">\n\t\t\t\t<div class=\"elementor-widget-container\">\n\t\t\t\t\t\t\t<div class=\"elementor-divider\" style=\"--divider-pattern-url: url(&quot;data:image\/svg+xml,%3Csvg xmlns=&#039;http:\/\/www.w3.org\/2000\/svg&#039; preserveAspectRatio=&#039;xMidYMid meet&#039; overflow=&#039;visible&#039; height=&#039;100%&#039; viewBox=&#039;0 0 126 26&#039; fill=&#039;black&#039; stroke=&#039;none&#039;%3E%3Cpath d=&#039;M3,10.2c2.6,0,2.6,2,2.6,3.2S4.4,16.5,3,16.5s-3-1.4-3-3.2S0.4,10.2,3,10.2z M18.8,10.2c1.7,0,3.2,1.4,3.2,3.2s-1.4,3.2-3.2,3.2c-1.7,0-3.2-1.4-3.2-3.2S17,10.2,18.8,10.2z M34.6,10.2c1.5,0,2.6,1.4,2.6,3.2s-0.5,3.2-1.9,3.2c-1.5,0-3.4-1.4-3.4-3.2S33.1,10.2,34.6,10.2z M50.5,10.2c1.7,0,3.2,1.4,3.2,3.2s-1.4,3.2-3.2,3.2c-1.7,0-3.3-0.9-3.3-2.6S48.7,10.2,50.5,10.2z M66.2,10.2c1.5,0,3.4,1.4,3.4,3.2s-1.9,3.2-3.4,3.2c-1.5,0-2.6-0.4-2.6-2.1S64.8,10.2,66.2,10.2z M82.2,10.2c1.7,0.8,2.6,1.4,2.6,3.2s-0.1,3.2-1.6,3.2c-1.5,0-3.7-1.4-3.7-3.2S80.5,9.4,82.2,10.2zM98.6,10.2c1.5,0,2.6,0.4,2.6,2.1s-1.2,4.2-2.6,4.2c-1.5,0-3.7-0.4-3.7-2.1S97.1,10.2,98.6,10.2z M113.4,10.2c1.2,0,2.2,0.9,2.2,3.2s-0.1,3.2-1.3,3.2s-3.1-1.4-3.1-3.2S112.2,10.2,113.4,10.2z&#039;\/%3E%3C\/svg%3E&quot;);\">\n\t\t\t<span class=\"elementor-divider-separator\">\n\t\t\t\t\t\t\t<div class=\"elementor-icon elementor-divider__element\">\n\t\t\t\t\t<svg aria-hidden=\"true\" class=\"e-font-icon-svg e-fas-egg\" viewbox=\"0 0 384 512\" xmlns=\"http:\/\/www.w3.org\/2000\/svg\"><path d=\"M192 0C86 0 0 214 0 320s86 192 192 192 192-86 192-192S298 0 192 0z\"><\/path><\/svg><\/div>\n\t\t\t\t\t\t<\/span>\n\t\t<\/div>\n\t\t\t\t\t\t<\/div>\n\t\t\t\t<\/div>\n\t\t\t\t<div class=\"elementor-element elementor-element-821853d elementor-grid-3 elementor-grid-tablet-2 elementor-grid-mobile-1 elementor-posts--thumbnail-top elementor-posts--show-avatar elementor-card-shadow-yes elementor-posts__hover-gradient elementor-widget elementor-widget-posts\" data-id=\"821853d\" data-element_type=\"widget\" data-e-type=\"widget\" data-settings=\"{&quot;cards_columns&quot;:&quot;3&quot;,&quot;cards_columns_tablet&quot;:&quot;2&quot;,&quot;cards_columns_mobile&quot;:&quot;1&quot;,&quot;cards_row_gap&quot;:{&quot;unit&quot;:&quot;px&quot;,&quot;size&quot;:35,&quot;sizes&quot;:[]},&quot;cards_row_gap_tablet&quot;:{&quot;unit&quot;:&quot;px&quot;,&quot;size&quot;:&quot;&quot;,&quot;sizes&quot;:[]},&quot;cards_row_gap_mobile&quot;:{&quot;unit&quot;:&quot;px&quot;,&quot;size&quot;:&quot;&quot;,&quot;sizes&quot;:[]}}\" data-widget_type=\"posts.cards\">\n\t\t\t\t<div class=\"elementor-widget-container\">\n\t\t\t\t\t\t\t<div class=\"elementor-posts-container elementor-posts elementor-posts--skin-cards elementor-grid\" role=\"list\">\n\t\t\t\t<article class=\"elementor-post elementor-grid-item post-11085 post type-post status-publish format-standard has-post-thumbnail hentry category-aktivitaeten-und-ausfluege tag-chocolates-valor-museum tag-schokolade-villajoyosa tag-schokoladenfabriken-costa-blanca tag-schokoladenroute-villajoyosa tag-traditionelle-suesswaren-villajoyosa tag-turron-villajoyosa\" role=\"listitem\">\n\t\t\t<div class=\"elementor-post__card\">\n\t\t\t\t<a class=\"elementor-post__thumbnail__link\" href=\"https:\/\/costablanca-magazin.com\/en\/freizeit\/aktivitaeten-und-ausfluege\/schokoladen-route-villajoyosa-suesse-tradition-entdecken\/\" tabindex=\"-1\" ><div class=\"elementor-post__thumbnail\"><img fetchpriority=\"high\" decoding=\"async\" width=\"801\" height=\"287\" src=\"https:\/\/costablanca-magazin.com\/wp-content\/uploads\/2025\/09\/cocoa-drink-2025-01-10-22-33-37-utc-e1773068289392.jpg\" class=\"attachment-2048x2048 size-2048x2048 wp-image-8964\" alt=\"Villajoyosa - The secret capital of sweets\" srcset=\"https:\/\/costablanca-magazin.com\/wp-content\/uploads\/2025\/09\/cocoa-drink-2025-01-10-22-33-37-utc-e1773068289392.jpg 801w, https:\/\/costablanca-magazin.com\/wp-content\/uploads\/2025\/09\/cocoa-drink-2025-01-10-22-33-37-utc-e1773068289392-300x107.jpg 300w, https:\/\/costablanca-magazin.com\/wp-content\/uploads\/2025\/09\/cocoa-drink-2025-01-10-22-33-37-utc-e1773068289392-768x275.jpg 768w, https:\/\/costablanca-magazin.com\/wp-content\/uploads\/2025\/09\/cocoa-drink-2025-01-10-22-33-37-utc-e1773068289392-18x6.jpg 18w\" sizes=\"(max-width: 801px) 100vw, 801px\" \/><\/div><\/a>\n\t\t\t\t<div class=\"elementor-post__badge\">Activities and excursions<\/div>\n\t\t\t\t<div class=\"elementor-post__avatar\">\n\t\t\t\t\t<\/div>\n\t\t\t\t<div class=\"elementor-post__text\">\n\t\t\t\t<h3 class=\"elementor-post__title\">\n\t\t\t<a href=\"https:\/\/costablanca-magazin.com\/en\/freizeit\/aktivitaeten-und-ausfluege\/schokoladen-route-villajoyosa-suesse-tradition-entdecken\/\" >\n\t\t\t\tVillajoyosa chocolate route - discover sweet tradition\t\t\t<\/a>\n\t\t<\/h3>\n\t\t\t\t<\/div>\n\t\t\t\t\t<\/div>\n\t\t<\/article>\n\t\t\t\t<article class=\"elementor-post elementor-grid-item post-11086 post type-post status-publish format-standard has-post-thumbnail hentry category-aktivitaeten-und-ausfluege tag-ausflug-burg-xativa tag-borgia-familie-xativa tag-burg-xativa tag-burg-xativa-geschichte tag-castell-de-xativa tag-sehenswuerdigkeit-xativa-valencia\" role=\"listitem\">\n\t\t\t<div class=\"elementor-post__card\">\n\t\t\t\t<a class=\"elementor-post__thumbnail__link\" href=\"https:\/\/costablanca-magazin.com\/en\/freizeit\/aktivitaeten-und-ausfluege\/burg-von-xativa-geschichte-der-borgia-festung-entdecken\/\" tabindex=\"-1\" ><div class=\"elementor-post__thumbnail\"><img decoding=\"async\" width=\"512\" height=\"180\" src=\"https:\/\/costablanca-magazin.com\/wp-content\/uploads\/2025\/08\/castell-1-1024x580-2-e1755517144513.jpg\" class=\"attachment-2048x2048 size-2048x2048 wp-image-8493\" alt=\"The castle of X\u00e0tiva: history, power and the long shadow of the Borgias 6\" srcset=\"https:\/\/costablanca-magazin.com\/wp-content\/uploads\/2025\/08\/castell-1-1024x580-2-e1755517144513.jpg 512w, https:\/\/costablanca-magazin.com\/wp-content\/uploads\/2025\/08\/castell-1-1024x580-2-e1755517144513-300x105.jpg 300w\" sizes=\"(max-width: 512px) 100vw, 512px\" \/><\/div><\/a>\n\t\t\t\t<div class=\"elementor-post__badge\">Activities and excursions<\/div>\n\t\t\t\t<div class=\"elementor-post__avatar\">\n\t\t\t\t\t<\/div>\n\t\t\t\t<div class=\"elementor-post__text\">\n\t\t\t\t<h3 class=\"elementor-post__title\">\n\t\t\t<a href=\"https:\/\/costablanca-magazin.com\/en\/freizeit\/aktivitaeten-und-ausfluege\/burg-von-xativa-geschichte-der-borgia-festung-entdecken\/\" >\n\t\t\t\tX\u00e0tiva Castle: discover the history of the Borgia fortress\t\t\t<\/a>\n\t\t<\/h3>\n\t\t\t\t<\/div>\n\t\t\t\t\t<\/div>\n\t\t<\/article>\n\t\t\t\t<article class=\"elementor-post elementor-grid-item post-10795 post type-post status-publish format-standard has-post-thumbnail hentry category-aktivitaeten-und-ausfluege tag-altea-kultur tag-benidorm-events tag-benissa-kino tag-buchvorstellungen-denia tag-calpe-veranstaltungen tag-denia-konzerte tag-fotowettbewerb-marina-alta tag-la-nucia-kulturprogramm tag-teulada-moraira-theater tag-villajoyosa-theater\" role=\"listitem\">\n\t\t\t<div class=\"elementor-post__card\">\n\t\t\t\t<a class=\"elementor-post__thumbnail__link\" href=\"https:\/\/costablanca-magazin.com\/en\/freizeit\/aktivitaeten-und-ausfluege\/veranstaltungen-costa-blanca-februar-und-maerz-2026\/\" tabindex=\"-1\" ><div class=\"elementor-post__thumbnail\"><img decoding=\"async\" width=\"1595\" height=\"2048\" src=\"https:\/\/costablanca-magazin.com\/wp-content\/uploads\/2025\/03\/IMG-20250317-WA0047.jpg\" class=\"attachment-2048x2048 size-2048x2048 wp-image-5193\" alt=\"Fallas figures Denia CBM Copyright 1\" srcset=\"https:\/\/costablanca-magazin.com\/wp-content\/uploads\/2025\/03\/IMG-20250317-WA0047.jpg 1595w, https:\/\/costablanca-magazin.com\/wp-content\/uploads\/2025\/03\/IMG-20250317-WA0047-234x300.jpg 234w, https:\/\/costablanca-magazin.com\/wp-content\/uploads\/2025\/03\/IMG-20250317-WA0047-798x1024.jpg 798w, https:\/\/costablanca-magazin.com\/wp-content\/uploads\/2025\/03\/IMG-20250317-WA0047-768x986.jpg 768w, https:\/\/costablanca-magazin.com\/wp-content\/uploads\/2025\/03\/IMG-20250317-WA0047-1196x1536.jpg 1196w\" sizes=\"(max-width: 1595px) 100vw, 1595px\" \/><\/div><\/a>\n\t\t\t\t<div class=\"elementor-post__badge\">Activities and excursions<\/div>\n\t\t\t\t<div class=\"elementor-post__avatar\">\n\t\t\t\t\t<\/div>\n\t\t\t\t<div class=\"elementor-post__text\">\n\t\t\t\t<h3 class=\"elementor-post__title\">\n\t\t\t<a href=\"https:\/\/costablanca-magazin.com\/en\/freizeit\/aktivitaeten-und-ausfluege\/veranstaltungen-costa-blanca-februar-und-maerz-2026\/\" >\n\t\t\t\tEvents Costa Blanca - February and March 2026\t\t\t<\/a>\n\t\t<\/h3>\n\t\t\t\t<\/div>\n\t\t\t\t\t<\/div>\n\t\t<\/article>\n\t\t\t\t<\/div>\n\t\t\n\t\t\t\t\t\t<\/div>\n\t\t\t\t<\/div>\n\t\t\t\t\t<\/div>\n\t\t\t\t<\/div>\n\t\t\t\t<\/div>","protected":false},"excerpt":{"rendered":"<p>Easter on the Costa Blanca - Semana Santa and processions Easter on the Costa Blanca: processions, brotherhoods and traditions of the Costa Blanca<\/p>","protected":false},"author":1,"featured_media":5306,"comment_status":"closed","ping_status":"closed","sticky":false,"template":"elementor_header_footer","format":"standard","meta":{"om_disable_all_campaigns":false,"_monsterinsights_skip_tracking":false,"_monsterinsights_sitenote_active":false,"_monsterinsights_sitenote_note":"","_monsterinsights_sitenote_category":0,"footnotes":""},"categories":[22],"tags":[1680,1682,719,1685,1681,1679,720,1684,1687,1683],"class_list":["post-11128","post","type-post","status-publish","format-standard","has-post-thumbnail","hentry","category-aktivitaeten-und-ausfluege","tag-domingo-de-ramos-elche","tag-easter-costa-blanca-events","tag-ostern-costa-blanca","tag-osterprozession-alicante","tag-procesiones-semana-santa-alicante","tag-semana-santa-alicante","tag-semana-santa-costa-blanca","tag-semana-santa-denia","tag-semana-santa-elche-2","tag-semana-santa-orihuela"],"aioseo_notices":[],"_links":{"self":[{"href":"https:\/\/costablanca-magazin.com\/en\/wp-json\/wp\/v2\/posts\/11128","targetHints":{"allow":["GET"]}}],"collection":[{"href":"https:\/\/costablanca-magazin.com\/en\/wp-json\/wp\/v2\/posts"}],"about":[{"href":"https:\/\/costablanca-magazin.com\/en\/wp-json\/wp\/v2\/types\/post"}],"author":[{"embeddable":true,"href":"https:\/\/costablanca-magazin.com\/en\/wp-json\/wp\/v2\/users\/1"}],"replies":[{"embeddable":true,"href":"https:\/\/costablanca-magazin.com\/en\/wp-json\/wp\/v2\/comments?post=11128"}],"version-history":[{"count":11,"href":"https:\/\/costablanca-magazin.com\/en\/wp-json\/wp\/v2\/posts\/11128\/revisions"}],"predecessor-version":[{"id":11306,"href":"https:\/\/costablanca-magazin.com\/en\/wp-json\/wp\/v2\/posts\/11128\/revisions\/11306"}],"wp:featuredmedia":[{"embeddable":true,"href":"https:\/\/costablanca-magazin.com\/en\/wp-json\/wp\/v2\/media\/5306"}],"wp:attachment":[{"href":"https:\/\/costablanca-magazin.com\/en\/wp-json\/wp\/v2\/media?parent=11128"}],"wp:term":[{"taxonomy":"category","embeddable":true,"href":"https:\/\/costablanca-magazin.com\/en\/wp-json\/wp\/v2\/categories?post=11128"},{"taxonomy":"post_tag","embeddable":true,"href":"https:\/\/costablanca-magazin.com\/en\/wp-json\/wp\/v2\/tags?post=11128"}],"curies":[{"name":"wp","href":"https:\/\/api.w.org\/{rel}","templated":true}]}}