{"id":10777,"date":"2026-02-20T09:00:00","date_gmt":"2026-02-20T08:00:00","guid":{"rendered":"https:\/\/costablanca-magazin.com\/?p=10777"},"modified":"2026-03-09T09:38:47","modified_gmt":"2026-03-09T08:38:47","slug":"correos-2026-costa-blanca-new-letter-and-parcel-prices","status":"publish","type":"post","link":"https:\/\/costablanca-magazin.com\/en\/residenten\/leben-in-spanien\/correos-2026-costa-blanca-neue-brief-und-paketpreise\/","title":{"rendered":"Correos 2026 Costa Blanca - New letter and parcel prices"},"content":{"rendered":"<div data-elementor-type=\"wp-post\" data-elementor-id=\"10777\" class=\"elementor elementor-10777\" data-elementor-post-type=\"post\">\n\t\t\t\t<div class=\"elementor-element elementor-element-fe2ce11 e-flex e-con-boxed e-con e-parent\" data-id=\"fe2ce11\" data-element_type=\"container\" data-e-type=\"container\">\n\t\t\t\t\t<div class=\"e-con-inner\">\n\t\t\t\t<div class=\"elementor-element elementor-element-b6271f6 elementor-widget elementor-widget-heading\" data-id=\"b6271f6\" data-element_type=\"widget\" data-e-type=\"widget\" data-widget_type=\"heading.default\">\n\t\t\t\t<div class=\"elementor-widget-container\">\n\t\t\t\t\t<h1 class=\"elementor-heading-title elementor-size-default\">Correos 2026 on the Costa Blanca - New letter and parcel prices<\/h1>\t\t\t\t<\/div>\n\t\t\t\t<\/div>\n\t\t\t\t<div class=\"elementor-element elementor-element-54c1ab9 elementor-widget elementor-widget-image\" data-id=\"54c1ab9\" data-element_type=\"widget\" data-e-type=\"widget\" data-widget_type=\"image.default\">\n\t\t\t\t<div class=\"elementor-widget-container\">\n\t\t\t\t\t\t\t\t\t\t\t\t\t\t\t<img decoding=\"async\" src=\"https:\/\/costablanca-magazin.com\/wp-content\/uploads\/elementor\/thumbs\/correosBild-rjccw562igpcll3gt9tevlows5a8mv74le69xvtajw.jpg\" title=\"Correos 2026: New letter and parcel prices in Spain - overview of costs for Europe and the UK\" alt=\"Correos 2026: New letter and parcel prices in Spain - overview of costs for Europe and the UK\" loading=\"lazy\" \/>\t\t\t\t\t\t\t\t\t\t\t\t\t\t\t<\/div>\n\t\t\t\t<\/div>\n\t\t\t\t<div class=\"elementor-element elementor-element-7891ce8 elementor-widget elementor-widget-heading\" data-id=\"7891ce8\" data-element_type=\"widget\" data-e-type=\"widget\" data-widget_type=\"heading.default\">\n\t\t\t\t<div class=\"elementor-widget-container\">\n\t\t\t\t\t<h2 class=\"elementor-heading-title elementor-size-default\">Correos increases postage in Spain in 2026. Current prices for domestic, EU and UK postage, registered mail, parcels and forwarding orders - explained in compact form for residents on the Costa Blanca.<\/h2>\t\t\t\t<\/div>\n\t\t\t\t<\/div>\n\t\t\t\t\t<\/div>\n\t\t\t\t<\/div>\n\t\t<div class=\"elementor-element elementor-element-2c8c0c1 e-flex e-con-boxed e-con e-parent\" data-id=\"2c8c0c1\" data-element_type=\"container\" data-e-type=\"container\">\n\t\t\t\t\t<div class=\"e-con-inner\">\n\t\t<div class=\"elementor-element elementor-element-9023e0c e-con-full e-flex e-con e-child\" data-id=\"9023e0c\" data-element_type=\"container\" data-e-type=\"container\">\n\t\t\t\t<div class=\"elementor-element elementor-element-8fb3df9 elementor-widget elementor-widget-text-editor\" data-id=\"8fb3df9\" data-element_type=\"widget\" data-e-type=\"widget\" data-widget_type=\"text-editor.default\">\n\t\t\t\t<div class=\"elementor-widget-container\">\n\t\t\t\t\t\t\t\t\t<p><strong>Spanish Post - Correos becomes more expensive - and more flexible<br \/><\/strong>What the new Correos 2026 tariffs mean for residents between D\u00e9nia and Torrevieja<\/p><p>A letter from the authorities to Valencia. Contract documents to Germany. Christmas cards to England. What seems like a matter of course in everyday life has become a little more expensive since January 2026. Correos has raised letter postage rates - moderately, but noticeably for anyone who regularly sends mail.<\/p><p>The standard letter up to 20 grams now costs 0.96 euros instead of 0.86 euros. International postage within Europe will rise to 2.00 euros. This puts Spain in line with the European average - more favourable than some northern European countries, but no longer in the lower range.<\/p><p><strong>Great Britain: own cost logic<br \/><\/strong>Shipping to the United Kingdom is also relevant for many households on the Costa Blanca. Since Brexit, the UK has been treated as a third country in terms of tariffs. A standard letter up to 20 grams currently costs around 2.20 to 2.35 euros - depending on the weight category and additional options. Registered mail is correspondingly higher.<\/p><p>What's more, customs formalities apply to goods shipments. This not only makes shipping more expensive, but also extends delivery times in some cases. Anyone who regularly sends documents or smaller consignments to the UK should keep an eye on third country tariffs.<\/p><p><strong>Registered mail and parcels: slight adjustment<br \/><\/strong>Registered mail has also been adapted:<\/p><ul><li>National up to 20 g: \u20ac 5.74<\/li><li>International Europe up to 20 g: \u20ac 7.15<\/li><\/ul><p>In the parcel sector, the increases remain in the low single-digit percentage range. An EU parcel up to 1 kg costs 33.07 euros. The price structure remains comprehensibly calculable - there have been no major leaps.<\/p><p><strong>More important than postage: the additional services<br \/><\/strong>For many residents, it is not the individual cent that is decisive, but the organisation. Correos has made adjustments here in recent years.<\/p>\t\t\t\t\t\t\t\t<\/div>\n\t\t\t\t<\/div>\n\t\t\t\t<\/div>\n\t\t<div class=\"elementor-element elementor-element-3888666 e-con-full e-flex e-con e-child\" data-id=\"3888666\" data-element_type=\"container\" data-e-type=\"container\">\n\t\t\t\t<div class=\"elementor-element elementor-element-9d41dd1 elementor-widget elementor-widget-text-editor\" data-id=\"9d41dd1\" data-element_type=\"widget\" data-e-type=\"widget\" data-widget_type=\"text-editor.default\">\n\t\t\t\t<div class=\"elementor-widget-container\">\n\t\t\t\t\t\t\t\t\t<p><strong>Reenv\u00edo postal (forwarding order)<\/strong><\/p><ul><li>Forwarding within Spain or abroad<\/li><li>Flexible terms<\/li><li>Starting price from around 50 euros<\/li><\/ul><p>This is a pragmatic solution, especially for relocations, second homes or longer stays abroad, until all address changes have been formally completed.<\/p><p><strong>Apartado de Correos (PO Box)<br \/><\/strong>For companies, seasonal owners or people with multiple residences, the PO box remains a stable option. Consignments are collected and held at the branch.<\/p><p><strong>Digital delivery control<\/strong><br \/>Online services can be used to redirect parcels at short notice - to pick-up points or alternative addresses. This does not replace a redirection order, but increases flexibility in everyday life.<\/p><p><strong>Why prices are rising<br \/><\/strong>Correos fulfils the universal postal service: delivery to every municipality, regardless of the actual volume of mail. At the same time, traditional letter volumes are falling, while personnel, energy and infrastructure costs are rising. The 2026 adjustment is therefore less a strategic change of course than a business consequence within a regulated system.<\/p><p><strong>Classification for the Costa Blanca<br \/><\/strong>Post remains reliable at Costablanca - but it is gradually becoming more expensive. The adjustment is hardly relevant for occasional senders. For the self-employed, property managers or internationally networked households, the changes add up.<br \/>The decisive factor is not so much the new postage rate as the question of how flexibly delivery can be organised today. This is precisely where the system is shifting: away from pure letterboxes and towards controllable, digitally supported solutions.<br \/>Here you will find the complete Correos range: <a href=\"https:\/\/www.correos.es\" target=\"_blank\" rel=\"noopener\">www.correos.es<\/a><br \/>and the current tariffs: <a href=\"https:\/\/www.correos.es\/es\/es\/tarifas\">https:\/\/www.correos.es\/es\/es\/tarifas<\/a><\/p>\t\t\t\t\t\t\t\t<\/div>\n\t\t\t\t<\/div>\n\t\t\t\t<\/div>\n\t\t\t\t\t<\/div>\n\t\t\t\t<\/div>\n\t\t<div class=\"elementor-element elementor-element-e7c32e3 e-flex e-con-boxed e-con e-parent\" data-id=\"e7c32e3\" data-element_type=\"container\" data-e-type=\"container\">\n\t\t\t\t\t<div class=\"e-con-inner\">\n\t\t\t\t<div class=\"elementor-element elementor-element-ba3fcab elementor-widget-divider--separator-type-pattern elementor-widget-divider--view-line elementor-widget elementor-widget-divider\" data-id=\"ba3fcab\" data-element_type=\"widget\" data-e-type=\"widget\" data-widget_type=\"divider.default\">\n\t\t\t\t<div class=\"elementor-widget-container\">\n\t\t\t\t\t\t\t<div class=\"elementor-divider\" style=\"--divider-pattern-url: url(&quot;data:image\/svg+xml,%3Csvg xmlns=&#039;http:\/\/www.w3.org\/2000\/svg&#039; preserveAspectRatio=&#039;none&#039; overflow=&#039;visible&#039; height=&#039;100%&#039; viewBox=&#039;0 0 24 24&#039; fill=&#039;none&#039; stroke=&#039;black&#039; stroke-width=&#039;1&#039; stroke-linecap=&#039;square&#039; stroke-miterlimit=&#039;10&#039;%3E%3Cpath d=&#039;M0,21c3.3,0,8.3-0.9,15.7-7.1c6.6-5.4,4.4-9.3,2.4-10.3c-3.4-1.8-7.7,1.3-7.3,8.8C11.2,20,17.1,21,24,21&#039;\/%3E%3C\/svg%3E&quot;);\">\n\t\t\t<span class=\"elementor-divider-separator\">\n\t\t\t\t\t\t<\/span>\n\t\t<\/div>\n\t\t\t\t\t\t<\/div>\n\t\t\t\t<\/div>\n\t\t\t\t<div class=\"elementor-element elementor-element-8123922 elementor-grid-3 elementor-grid-tablet-2 elementor-grid-mobile-1 elementor-posts--thumbnail-top elementor-posts--show-avatar elementor-card-shadow-yes elementor-posts__hover-gradient elementor-widget elementor-widget-posts\" data-id=\"8123922\" data-element_type=\"widget\" data-e-type=\"widget\" data-settings=\"{&quot;cards_columns&quot;:&quot;3&quot;,&quot;cards_columns_tablet&quot;:&quot;2&quot;,&quot;cards_columns_mobile&quot;:&quot;1&quot;,&quot;cards_row_gap&quot;:{&quot;unit&quot;:&quot;px&quot;,&quot;size&quot;:35,&quot;sizes&quot;:[]},&quot;cards_row_gap_tablet&quot;:{&quot;unit&quot;:&quot;px&quot;,&quot;size&quot;:&quot;&quot;,&quot;sizes&quot;:[]},&quot;cards_row_gap_mobile&quot;:{&quot;unit&quot;:&quot;px&quot;,&quot;size&quot;:&quot;&quot;,&quot;sizes&quot;:[]}}\" data-widget_type=\"posts.cards\">\n\t\t\t\t<div class=\"elementor-widget-container\">\n\t\t\t\t\t\t\t<div class=\"elementor-posts-container elementor-posts elementor-posts--skin-cards elementor-grid\" role=\"list\">\n\t\t\t\t<article class=\"elementor-post elementor-grid-item post-11330 post type-post status-publish format-standard has-post-thumbnail hentry category-business-service tag-karfreitag-supermaerkte-spanien-geoeffnet tag-oeffnungszeiten-supermarkt-costa-blanca tag-ostermontag-costa-blanca-geschaefte tag-pepe-la-sal-oeffnungszeiten-ostern tag-supermaerkte-costa-blanca-ostern-2026\" role=\"listitem\">\n\t\t\t<div class=\"elementor-post__card\">\n\t\t\t\t<a class=\"elementor-post__thumbnail__link\" href=\"https:\/\/costablanca-magazin.com\/en\/lokales\/business-service\/supermaerkte-costa-blanca-ostern-2026-oeffnungszeiten-im-ueberblick\/\" tabindex=\"-1\" ><div class=\"elementor-post__thumbnail\"><img fetchpriority=\"high\" decoding=\"async\" width=\"2048\" height=\"1366\" src=\"https:\/\/costablanca-magazin.com\/wp-content\/uploads\/2026\/03\/wooden-sign-hanging-on-a-glass-door-showing-open-i-2026-01-09-06-34-23-utc-2048x1366.jpg\" class=\"attachment-2048x2048 size-2048x2048 wp-image-11331\" alt=\"Supermarkets Costa Blanca Easter 2026: Who is open when\" srcset=\"https:\/\/costablanca-magazin.com\/wp-content\/uploads\/2026\/03\/wooden-sign-hanging-on-a-glass-door-showing-open-i-2026-01-09-06-34-23-utc-2048x1366.jpg 2048w, https:\/\/costablanca-magazin.com\/wp-content\/uploads\/2026\/03\/wooden-sign-hanging-on-a-glass-door-showing-open-i-2026-01-09-06-34-23-utc-300x200.jpg 300w, https:\/\/costablanca-magazin.com\/wp-content\/uploads\/2026\/03\/wooden-sign-hanging-on-a-glass-door-showing-open-i-2026-01-09-06-34-23-utc-1024x683.jpg 1024w, https:\/\/costablanca-magazin.com\/wp-content\/uploads\/2026\/03\/wooden-sign-hanging-on-a-glass-door-showing-open-i-2026-01-09-06-34-23-utc-768x512.jpg 768w, https:\/\/costablanca-magazin.com\/wp-content\/uploads\/2026\/03\/wooden-sign-hanging-on-a-glass-door-showing-open-i-2026-01-09-06-34-23-utc-1536x1024.jpg 1536w, https:\/\/costablanca-magazin.com\/wp-content\/uploads\/2026\/03\/wooden-sign-hanging-on-a-glass-door-showing-open-i-2026-01-09-06-34-23-utc-18x12.jpg 18w\" sizes=\"(max-width: 2048px) 100vw, 2048px\" \/><\/div><\/a>\n\t\t\t\t<div class=\"elementor-post__badge\">Business &amp; Service<\/div>\n\t\t\t\t<div class=\"elementor-post__avatar\">\n\t\t\t\t\t<\/div>\n\t\t\t\t<div class=\"elementor-post__text\">\n\t\t\t\t<h3 class=\"elementor-post__title\">\n\t\t\t<a href=\"https:\/\/costablanca-magazin.com\/en\/lokales\/business-service\/supermaerkte-costa-blanca-ostern-2026-oeffnungszeiten-im-ueberblick\/\" >\n\t\t\t\tSupermarkets Costa Blanca Easter 2026: Opening hours at a glance\t\t\t<\/a>\n\t\t<\/h3>\n\t\t\t\t<div class=\"elementor-post__excerpt\">\n\t\t\t<p>Supermarkets Costa Blanca Easter 2026 - Overview of opening hours Good Friday and Easter Monday are public holidays - many markets remain closed. The<\/p>\n\t\t<\/div>\n\t\t\n\t\t<a class=\"elementor-post__read-more\" href=\"https:\/\/costablanca-magazin.com\/en\/lokales\/business-service\/supermaerkte-costa-blanca-ostern-2026-oeffnungszeiten-im-ueberblick\/\" aria-label=\"Read more about Supermarkets Costa Blanca Easter 2026: Opening hours at a glance\" tabindex=\"-1\" >\n\t\t\tRead more \u00bb\t\t<\/a>\n\n\t\t\t\t<\/div>\n\t\t\t\t\t<\/div>\n\t\t<\/article>\n\t\t\t\t<article class=\"elementor-post elementor-grid-item post-10836 post type-post status-publish format-standard has-post-thumbnail hentry category-business-service tag-arbeit-alicante tag-arbeit-torrevieja tag-arbeiten-in-spanien-als-resident tag-jobs-costa-blanca tag-labora-comunidad-valenciana tag-stellenangebote-denia\" role=\"listitem\">\n\t\t\t<div class=\"elementor-post__card\">\n\t\t\t\t<a class=\"elementor-post__thumbnail__link\" href=\"https:\/\/costablanca-magazin.com\/en\/lokales\/business-service\/arbeit-an-der-costa-blanca-jobs-labora-anerkennung-2026\/\" tabindex=\"-1\" ><div class=\"elementor-post__thumbnail\"><img decoding=\"async\" width=\"2048\" height=\"1367\" src=\"https:\/\/costablanca-magazin.com\/wp-content\/uploads\/2026\/03\/bearded-developer-using-laptop-on-blue-with-websi-2024-11-18-12-57-15-utc-2048x1367.jpg\" class=\"attachment-2048x2048 size-2048x2048 wp-image-10845\" alt=\"Job search Costa Blanca 2026: Finding work from D\u00e9nia to La Zenia | Portale, Labora &amp; Recognition\" srcset=\"https:\/\/costablanca-magazin.com\/wp-content\/uploads\/2026\/03\/bearded-developer-using-laptop-on-blue-with-websi-2024-11-18-12-57-15-utc-2048x1367.jpg 2048w, https:\/\/costablanca-magazin.com\/wp-content\/uploads\/2026\/03\/bearded-developer-using-laptop-on-blue-with-websi-2024-11-18-12-57-15-utc-300x200.jpg 300w, https:\/\/costablanca-magazin.com\/wp-content\/uploads\/2026\/03\/bearded-developer-using-laptop-on-blue-with-websi-2024-11-18-12-57-15-utc-1024x684.jpg 1024w, https:\/\/costablanca-magazin.com\/wp-content\/uploads\/2026\/03\/bearded-developer-using-laptop-on-blue-with-websi-2024-11-18-12-57-15-utc-768x513.jpg 768w, https:\/\/costablanca-magazin.com\/wp-content\/uploads\/2026\/03\/bearded-developer-using-laptop-on-blue-with-websi-2024-11-18-12-57-15-utc-1536x1025.jpg 1536w, https:\/\/costablanca-magazin.com\/wp-content\/uploads\/2026\/03\/bearded-developer-using-laptop-on-blue-with-websi-2024-11-18-12-57-15-utc-18x12.jpg 18w\" sizes=\"(max-width: 2048px) 100vw, 2048px\" \/><\/div><\/a>\n\t\t\t\t<div class=\"elementor-post__badge\">Business &amp; Service<\/div>\n\t\t\t\t<div class=\"elementor-post__avatar\">\n\t\t\t\t\t<\/div>\n\t\t\t\t<div class=\"elementor-post__text\">\n\t\t\t\t<h3 class=\"elementor-post__title\">\n\t\t\t<a href=\"https:\/\/costablanca-magazin.com\/en\/lokales\/business-service\/arbeit-an-der-costa-blanca-jobs-labora-anerkennung-2026\/\" >\n\t\t\t\tLabour on the Costa Blanca - Jobs, Labora, Recognition 2026\t\t\t<\/a>\n\t\t<\/h3>\n\t\t\t\t<div class=\"elementor-post__excerpt\">\n\t\t\t<p>Finding work on the Costa Blanca: Jobs, Labora, Recognition 2026 Job search on the Costa Blanca: The best ways to find work<\/p>\n\t\t<\/div>\n\t\t\n\t\t<a class=\"elementor-post__read-more\" href=\"https:\/\/costablanca-magazin.com\/en\/lokales\/business-service\/arbeit-an-der-costa-blanca-jobs-labora-anerkennung-2026\/\" aria-label=\"Read more about Labour on the Costa Blanca - Jobs, Labora, Recognition 2026\" tabindex=\"-1\" >\n\t\t\tRead more \u00bb\t\t<\/a>\n\n\t\t\t\t<\/div>\n\t\t\t\t\t<\/div>\n\t\t<\/article>\n\t\t\t\t<article class=\"elementor-post elementor-grid-item post-8501 post type-post status-publish format-standard has-post-thumbnail hentry category-business-service tag-deutsche-qualitaetskuechen tag-exclusiv-kitchens-la-nucia tag-kuechen-mit-konzept tag-kuechen-showroom-la-nucia tag-kuechendesign-costa-blanca tag-preisvorteil-kuechen\" role=\"listitem\">\n\t\t\t<div class=\"elementor-post__card\">\n\t\t\t\t<a class=\"elementor-post__thumbnail__link\" href=\"https:\/\/costablanca-magazin.com\/en\/lokales\/business-service\/exclusive-kitchens-la-nucia-kuechen-mit-konzept\/\" tabindex=\"-1\" ><div class=\"elementor-post__thumbnail\"><img decoding=\"async\" width=\"602\" height=\"272\" src=\"https:\/\/costablanca-magazin.com\/wp-content\/uploads\/2025\/08\/Exclusiv-Kitchens-01-1920w.jpg\" class=\"attachment-2048x2048 size-2048x2048 wp-image-8504\" alt=\"Kitchens with a concept: customisation, brand quality &amp; genuine price advantage 1\" srcset=\"https:\/\/costablanca-magazin.com\/wp-content\/uploads\/2025\/08\/Exclusiv-Kitchens-01-1920w.jpg 602w, https:\/\/costablanca-magazin.com\/wp-content\/uploads\/2025\/08\/Exclusiv-Kitchens-01-1920w-300x136.jpg 300w\" sizes=\"(max-width: 602px) 100vw, 602px\" \/><\/div><\/a>\n\t\t\t\t<div class=\"elementor-post__badge\">Business &amp; Service<\/div>\n\t\t\t\t<div class=\"elementor-post__avatar\">\n\t\t\t\t\t<\/div>\n\t\t\t\t<div class=\"elementor-post__text\">\n\t\t\t\t<h3 class=\"elementor-post__title\">\n\t\t\t<a href=\"https:\/\/costablanca-magazin.com\/en\/lokales\/business-service\/exclusive-kitchens-la-nucia-kuechen-mit-konzept\/\" >\n\t\t\t\tExclusive Kitchens La Nucia - Kitchens with a concept\t\t\t<\/a>\n\t\t<\/h3>\n\t\t\t\t<div class=\"elementor-post__excerpt\">\n\t\t\t<p>Exclusiv Kitchens La Nucia - Kitchens with a concept German quality kitchens, high-quality materials and clear price advantages - a look behind the scenes.<\/p>\n\t\t<\/div>\n\t\t\n\t\t<a class=\"elementor-post__read-more\" href=\"https:\/\/costablanca-magazin.com\/en\/lokales\/business-service\/exclusive-kitchens-la-nucia-kuechen-mit-konzept\/\" aria-label=\"Read more about Exclusive Kitchens La Nucia - Kitchens with a concept\" tabindex=\"-1\" >\n\t\t\tRead more \u00bb\t\t<\/a>\n\n\t\t\t\t<\/div>\n\t\t\t\t\t<\/div>\n\t\t<\/article>\n\t\t\t\t<\/div>\n\t\t\n\t\t\t\t\t\t<\/div>\n\t\t\t\t<\/div>\n\t\t\t\t\t<\/div>\n\t\t\t\t<\/div>\n\t\t\t\t<\/div>","protected":false},"excerpt":{"rendered":"<p>Correos 2026 an der Costa Blanca &#8211; Neue Brief- und Paket Preise Correos erh\u00f6ht 2026 das Porto in Spanien. Aktuelle Preise f\u00fcr Inland, EU und Gro\u00dfbritannien, Einschreiben, Pakete sowie Nachsendeauftrag \u2013 kompakt erkl\u00e4rt f\u00fcr Residenten an der Costa Blanca. Spanische Post \u2013 Correos wird teurer \u2013 und flexiblerWas die neuen Correos-Tarife 2026 f\u00fcr Residenten zwischen [&hellip;]<\/p>\n","protected":false},"author":1,"featured_media":10788,"comment_status":"closed","ping_status":"closed","sticky":false,"template":"elementor_header_footer","format":"standard","meta":{"footnotes":""},"categories":[15],"tags":[1620,1618,1622,1621,1619,1623,1624],"class_list":["post-10777","post","type-post","status-publish","format-standard","has-post-thumbnail","hentry","category-leben-in-spanien","tag-briefporto-spanien-2026","tag-correos-tarife-2026-spanien","tag-nachsendeauftrag-spanien-reenvio-postal","tag-paketversand-spanien-eu-preise","tag-porto-grossbritannien-spanien-einschreiben-spanien-kosten","tag-post-costa-blanca-preise","tag-postfach-spanien-apartado-de-correos"],"aioseo_notices":[],"_links":{"self":[{"href":"https:\/\/costablanca-magazin.com\/en\/wp-json\/wp\/v2\/posts\/10777","targetHints":{"allow":["GET"]}}],"collection":[{"href":"https:\/\/costablanca-magazin.com\/en\/wp-json\/wp\/v2\/posts"}],"about":[{"href":"https:\/\/costablanca-magazin.com\/en\/wp-json\/wp\/v2\/types\/post"}],"author":[{"embeddable":true,"href":"https:\/\/costablanca-magazin.com\/en\/wp-json\/wp\/v2\/users\/1"}],"replies":[{"embeddable":true,"href":"https:\/\/costablanca-magazin.com\/en\/wp-json\/wp\/v2\/comments?post=10777"}],"version-history":[{"count":7,"href":"https:\/\/costablanca-magazin.com\/en\/wp-json\/wp\/v2\/posts\/10777\/revisions"}],"predecessor-version":[{"id":11045,"href":"https:\/\/costablanca-magazin.com\/en\/wp-json\/wp\/v2\/posts\/10777\/revisions\/11045"}],"wp:featuredmedia":[{"embeddable":true,"href":"https:\/\/costablanca-magazin.com\/en\/wp-json\/wp\/v2\/media\/10788"}],"wp:attachment":[{"href":"https:\/\/costablanca-magazin.com\/en\/wp-json\/wp\/v2\/media?parent=10777"}],"wp:term":[{"taxonomy":"category","embeddable":true,"href":"https:\/\/costablanca-magazin.com\/en\/wp-json\/wp\/v2\/categories?post=10777"},{"taxonomy":"post_tag","embeddable":true,"href":"https:\/\/costablanca-magazin.com\/en\/wp-json\/wp\/v2\/tags?post=10777"}],"curies":[{"name":"wp","href":"https:\/\/api.w.org\/{rel}","templated":true}]}}